{"id":19842,"date":"2018-12-12T11:54:33","date_gmt":"2018-12-12T15:54:33","guid":{"rendered":"http:\/\/blogdalucianaoliveira.com.br\/blog\/?p=19842"},"modified":"2018-12-12T11:54:33","modified_gmt":"2018-12-12T15:54:33","slug":"papa-reafirma-a-chico-buarque-midia-difama-judiciario-condena-e-vem-o-golpe-de-estado","status":"publish","type":"post","link":"http:\/\/blogdalucianaoliveira.com.br\/blog\/2018\/12\/12\/papa-reafirma-a-chico-buarque-midia-difama-judiciario-condena-e-vem-o-golpe-de-estado\/","title":{"rendered":"PAPA REAFIRMA A CHICO BUARQUE: M\u00cdDIA DIFAMA, JUDICI\u00c1RIO CONDENA E VEM O GOLPE DE ESTADO"},"content":{"rendered":"<p><img data-recalc-dims=\"1\" loading=\"lazy\" decoding=\"async\" data-attachment-id=\"19843\" data-permalink=\"http:\/\/blogdalucianaoliveira.com.br\/blog\/2018\/12\/12\/papa-reafirma-a-chico-buarque-midia-difama-judiciario-condena-e-vem-o-golpe-de-estado\/papa-9\/\" data-orig-file=\"https:\/\/i0.wp.com\/blogdalucianaoliveira.com.br\/blog\/wp-content\/uploads\/2018\/12\/papa.jpg?fit=1000%2C357\" data-orig-size=\"1000,357\" data-comments-opened=\"0\" data-image-meta=\"{&quot;aperture&quot;:&quot;0&quot;,&quot;credit&quot;:&quot;&quot;,&quot;camera&quot;:&quot;&quot;,&quot;caption&quot;:&quot;&quot;,&quot;created_timestamp&quot;:&quot;0&quot;,&quot;copyright&quot;:&quot;&quot;,&quot;focal_length&quot;:&quot;0&quot;,&quot;iso&quot;:&quot;0&quot;,&quot;shutter_speed&quot;:&quot;0&quot;,&quot;title&quot;:&quot;&quot;,&quot;orientation&quot;:&quot;0&quot;}\" data-image-title=\"papa\" data-image-description=\"\" data-image-caption=\"\" data-medium-file=\"https:\/\/i0.wp.com\/blogdalucianaoliveira.com.br\/blog\/wp-content\/uploads\/2018\/12\/papa.jpg?fit=300%2C107\" data-large-file=\"https:\/\/i0.wp.com\/blogdalucianaoliveira.com.br\/blog\/wp-content\/uploads\/2018\/12\/papa.jpg?fit=600%2C214\" class=\"alignnone size-full wp-image-19843\" src=\"https:\/\/i0.wp.com\/blogdalucianaoliveira.com.br\/blog\/wp-content\/uploads\/2018\/12\/papa.jpg?resize=600%2C214\" alt=\"papa\" width=\"600\" height=\"214\" srcset=\"https:\/\/i0.wp.com\/blogdalucianaoliveira.com.br\/blog\/wp-content\/uploads\/2018\/12\/papa.jpg?w=1000 1000w, https:\/\/i0.wp.com\/blogdalucianaoliveira.com.br\/blog\/wp-content\/uploads\/2018\/12\/papa.jpg?resize=300%2C107 300w, https:\/\/i0.wp.com\/blogdalucianaoliveira.com.br\/blog\/wp-content\/uploads\/2018\/12\/papa.jpg?resize=768%2C274 768w, https:\/\/i0.wp.com\/blogdalucianaoliveira.com.br\/blog\/wp-content\/uploads\/2018\/12\/papa.jpg?resize=800%2C286 800w\" sizes=\"auto, (max-width: 600px) 100vw, 600px\" \/><\/p>\n<p><strong>247 &#8211;\u00a0<\/strong>\u00a0O Papa afirmou nesta ter\u00e7a-feira (11) a Chico Buarque de Holanda\u00a0o que tem dito em suas homilias aos fi\u00e9is: a m\u00eddia inicia um processo de difama\u00e7\u00e3o de dirigentes e, com base em cal\u00fanias, o judici\u00e1rio os condena, n\u00e3o raro levando a um golpe de Estado. O relato \u00e9 da advogada Carol Proner, integrante do Conselho Editorial do 247, que estava no encontro. O Papa segue muito preocupado com a situa\u00e7\u00e3o brasileira e em particular com a pris\u00e3o de Lula.<!--more--><\/p>\n<p>Na segunda (10), Francisco j\u00e1 havia afirmado, sobre a celebra\u00e7\u00e3o dos 70 anos da Declara\u00e7\u00e3o Universal dos Direitos Humanos, que &#8220;os direitos humanos no centro de todas as pol\u00edticas, incluindo as de coopera\u00e7\u00e3o para o desenvolvimento, mesmo quando isso signifique ir contracorrente&#8221;.\u00a0(leia mais aqui no\u00a0<a href=\"https:\/\/www.brasil247.com\/pt\/247\/mundo\/377259\/Direitos-humanos-devem-estar-no-centro-de-todas-as-pol%C3%ADticas-diz-papa.htm\" target=\"_blank\">Brasil 247<\/a>).<\/p>\n<p>Participaram do encontro com o Papa Francisco, al\u00e9m de Chico Buarque e Proner, o jurista argentino Roberto Carl\u00e9s e a ativista social e escritora italiana Grazia Tuzi. A reuni\u00e3o durou 45 minutos em sua resid\u00eancia, na Casa Santa Marta, Vaticano.<\/p>\n<p>O Papa vem demonstrando uma preocupa\u00e7\u00e3o recorrente com a situa\u00e7\u00e3o do Brasil e da Am\u00e9rica Latina tendo recebido l\u00edderes da esquerda brasileira sucessivamente, como o ex-ministro Celso Amorim. Francisco tem acompanhado a situa\u00e7\u00e3o de Lula e em agosto deste ano mandou um ter\u00e7o, uma b\u00ean\u00e7\u00e3o e uma mensagem\u00a0 pessoal ao ex-presidente , mantido como preso pol\u00edtico em Curitiba, ap\u00f3s sua condena\u00e7\u00e3o sem provas pela Lava Jato. (Leia mais na mat\u00e9ria do\u00a0<a href=\"https:\/\/www.brasil247.com\/pt\/247\/poder\/363808\/Papa-recebe-Amorim-e-sinaliza-interesse-e-preocupa%C3%A7%C3%A3o-com-o-Brasil.htm\" target=\"_blank\">Brasil 247<\/a>)<\/p>\n<p>O relat\u00f3rio entregue pelo grupo ao Papa detalha uma s\u00e9rie de den\u00fancias sobre os processos de &#8220;judicializa\u00e7\u00e3o seletiva da pol\u00edtica&#8221; na Argentina, no Brasil e no Equador, al\u00e9m de estudos realizados por diversos pesquisadores na \u00e1rea de direito criminal, direitos humanos, sociologia e ci\u00eancia pol\u00edtica, dedicados a entender o fen\u00f4meno da guerra jur\u00eddica como parte das chamadas guerras h\u00edbridas.<\/p>\n<p>&#8220;N\u00e3o \u00e9 exagero reconhecer que o lawfare se transforma em um dos maiores perigos para a democracia no mundo e n\u00e3o apenas na Am\u00e9rica Latina&#8221;, lamentou o grupo, denunciando o contexto de crescente criminaliza\u00e7\u00e3o dos movimentos sociais e das lutas por direitos atrav\u00e9s de t\u00e9cnicas renovadas.<\/p>\n<p>Carl\u00e9s e Proner explicam que o conceito de lawfare tornou-se conhecido pelo uso militar, conforme defini\u00e7\u00e3o do general norte-americano Charles Dunlap, sendo considerado um m\u00e9todo de guerra n\u00e3o convencional pelo qual a lei \u00e9 utilizada como meio para alcan\u00e7ar um objetivo militar: &#8220;O sucesso do mecanismo \u00e9 evidente porque ele usa a legitimidade da lei e os agentes do sistema de justi\u00e7a (jurisprud\u00eancia, autoridade de ju\u00edzes, promotores, pol\u00edcia\/viol\u00eancia leg\u00edtima) para proceder \u00e0 persegui\u00e7\u00e3o do inimigo por meio dos tribunais&#8221;, dizem os juristas.<\/p>\n<p>O grupo tamb\u00e9m se reuniu com o vice-presidente da Pontif\u00edcia Comiss\u00e3o para a Am\u00e9rica Latina, Guzman Carriquiry, e com o chanceler da Pontif\u00edcia Academia de Ci\u00eancias Sociais, Macelo S\u00e1nchez Sorondo, compartilhando as preocupa\u00e7\u00f5es com o aumento da viol\u00eancia contra os defensores de direitos humanos, ao mesmo tempo em que se fortalecem os discursos de \u00f3dio e intoler\u00e2ncia.<\/p>\n<p>Entre os exemplos que a imprensa especializada cita como pol\u00eamicos est\u00e3o os julgamentos dos ex-presidentes do Brasil, Lula da Silva, do Equador, Rafael Correa, e da Argentina, Cristina Fern\u00e1ndez.<\/p>\n<p>O Pont\u00edfice, solid\u00e1rio com as preocupa\u00e7\u00f5es, reafirmou o que tem dito em suas homilias aos fi\u00e9is: a m\u00eddia inicia um processo de difama\u00e7\u00e3o de dirigentes e, com base em cal\u00fanias, o judici\u00e1rio os condena, n\u00e3o raro levando a um golpe de estado.<\/p>\n<p>&nbsp;<\/p>\n","protected":false},"excerpt":{"rendered":"<p>247 &#8211;\u00a0\u00a0O Papa afirmou nesta ter\u00e7a-feira (11) a Chico Buarque de Holanda\u00a0o que tem dito em suas homilias aos fi\u00e9is: a m\u00eddia inicia um processo de difama\u00e7\u00e3o de dirigentes e, com base em cal\u00fanias, o judici\u00e1rio os condena, n\u00e3o raro levando a um golpe de Estado. O relato \u00e9 da advogada Carol Proner, integrante do&#8230;<a class=\"more-link\" href=\"http:\/\/blogdalucianaoliveira.com.br\/blog\/2018\/12\/12\/papa-reafirma-a-chico-buarque-midia-difama-judiciario-condena-e-vem-o-golpe-de-estado\/\">Continue a leitura <span class=\"meta-nav\">&raquo;<\/span><\/a><\/p>\n","protected":false},"author":1,"featured_media":0,"comment_status":"closed","ping_status":"open","sticky":false,"template":"","format":"standard","meta":{"_exactmetrics_skip_tracking":false,"_exactmetrics_sitenote_active":false,"_exactmetrics_sitenote_note":"","_exactmetrics_sitenote_category":0,"jetpack_post_was_ever_published":false,"_jetpack_newsletter_access":"","_jetpack_dont_email_post_to_subs":false,"_jetpack_newsletter_tier_id":0,"_jetpack_memberships_contains_paywalled_content":false,"_jetpack_memberships_contains_paid_content":false,"footnotes":"","jetpack_publicize_message":"","jetpack_publicize_feature_enabled":true,"jetpack_social_post_already_shared":true,"jetpack_social_options":{"image_generator_settings":{"template":"highway","enabled":false},"version":2}},"categories":[1],"tags":[],"class_list":["post-19842","post","type-post","status-publish","format-standard","hentry","category-notas"],"jetpack_publicize_connections":[],"jetpack_sharing_enabled":true,"jetpack_featured_media_url":"","jetpack_shortlink":"https:\/\/wp.me\/p7wKYW-5a2","jetpack-related-posts":[],"_links":{"self":[{"href":"http:\/\/blogdalucianaoliveira.com.br\/blog\/wp-json\/wp\/v2\/posts\/19842","targetHints":{"allow":["GET"]}}],"collection":[{"href":"http:\/\/blogdalucianaoliveira.com.br\/blog\/wp-json\/wp\/v2\/posts"}],"about":[{"href":"http:\/\/blogdalucianaoliveira.com.br\/blog\/wp-json\/wp\/v2\/types\/post"}],"author":[{"embeddable":true,"href":"http:\/\/blogdalucianaoliveira.com.br\/blog\/wp-json\/wp\/v2\/users\/1"}],"replies":[{"embeddable":true,"href":"http:\/\/blogdalucianaoliveira.com.br\/blog\/wp-json\/wp\/v2\/comments?post=19842"}],"version-history":[{"count":1,"href":"http:\/\/blogdalucianaoliveira.com.br\/blog\/wp-json\/wp\/v2\/posts\/19842\/revisions"}],"predecessor-version":[{"id":19844,"href":"http:\/\/blogdalucianaoliveira.com.br\/blog\/wp-json\/wp\/v2\/posts\/19842\/revisions\/19844"}],"wp:attachment":[{"href":"http:\/\/blogdalucianaoliveira.com.br\/blog\/wp-json\/wp\/v2\/media?parent=19842"}],"wp:term":[{"taxonomy":"category","embeddable":true,"href":"http:\/\/blogdalucianaoliveira.com.br\/blog\/wp-json\/wp\/v2\/categories?post=19842"},{"taxonomy":"post_tag","embeddable":true,"href":"http:\/\/blogdalucianaoliveira.com.br\/blog\/wp-json\/wp\/v2\/tags?post=19842"}],"curies":[{"name":"wp","href":"https:\/\/api.w.org\/{rel}","templated":true}]}}