{"id":19869,"date":"2018-12-13T14:57:04","date_gmt":"2018-12-13T18:57:04","guid":{"rendered":"http:\/\/blogdalucianaoliveira.com.br\/blog\/?p=19869"},"modified":"2018-12-13T15:51:50","modified_gmt":"2018-12-13T19:51:50","slug":"a-facada-de-bolsonaro-no-trabalhador","status":"publish","type":"post","link":"http:\/\/blogdalucianaoliveira.com.br\/blog\/2018\/12\/13\/a-facada-de-bolsonaro-no-trabalhador\/","title":{"rendered":"A \u2018facada\u2019 de Bolsonaro no trabalhador"},"content":{"rendered":"<p>&nbsp;<\/p>\n<p><img data-recalc-dims=\"1\" loading=\"lazy\" decoding=\"async\" data-attachment-id=\"19872\" data-permalink=\"http:\/\/blogdalucianaoliveira.com.br\/blog\/2018\/12\/13\/a-facada-de-bolsonaro-no-trabalhador\/arma\/\" data-orig-file=\"https:\/\/i0.wp.com\/blogdalucianaoliveira.com.br\/blog\/wp-content\/uploads\/2018\/12\/arma.jpeg?fit=1024%2C682\" data-orig-size=\"1024,682\" data-comments-opened=\"0\" data-image-meta=\"{&quot;aperture&quot;:&quot;0&quot;,&quot;credit&quot;:&quot;&quot;,&quot;camera&quot;:&quot;&quot;,&quot;caption&quot;:&quot;&quot;,&quot;created_timestamp&quot;:&quot;0&quot;,&quot;copyright&quot;:&quot;&quot;,&quot;focal_length&quot;:&quot;0&quot;,&quot;iso&quot;:&quot;0&quot;,&quot;shutter_speed&quot;:&quot;0&quot;,&quot;title&quot;:&quot;&quot;,&quot;orientation&quot;:&quot;0&quot;}\" data-image-title=\"arma\" data-image-description=\"\" data-image-caption=\"\" data-medium-file=\"https:\/\/i0.wp.com\/blogdalucianaoliveira.com.br\/blog\/wp-content\/uploads\/2018\/12\/arma.jpeg?fit=300%2C200\" data-large-file=\"https:\/\/i0.wp.com\/blogdalucianaoliveira.com.br\/blog\/wp-content\/uploads\/2018\/12\/arma.jpeg?fit=600%2C400\" class=\"alignnone size-full wp-image-19872\" src=\"https:\/\/i0.wp.com\/blogdalucianaoliveira.com.br\/blog\/wp-content\/uploads\/2018\/12\/arma.jpeg?resize=600%2C400\" alt=\"arma\" width=\"600\" height=\"400\" srcset=\"https:\/\/i0.wp.com\/blogdalucianaoliveira.com.br\/blog\/wp-content\/uploads\/2018\/12\/arma.jpeg?w=1024 1024w, https:\/\/i0.wp.com\/blogdalucianaoliveira.com.br\/blog\/wp-content\/uploads\/2018\/12\/arma.jpeg?resize=300%2C200 300w, https:\/\/i0.wp.com\/blogdalucianaoliveira.com.br\/blog\/wp-content\/uploads\/2018\/12\/arma.jpeg?resize=768%2C512 768w, https:\/\/i0.wp.com\/blogdalucianaoliveira.com.br\/blog\/wp-content\/uploads\/2018\/12\/arma.jpeg?resize=450%2C300 450w\" sizes=\"auto, (max-width: 600px) 100vw, 600px\" \/><\/p>\n<p>A ang\u00fastia aumenta a poucos dias da posse de um presidente mentecapto.<\/p>\n<p>N\u00e3o h\u00e1 balan\u00e7a que pese as declara\u00e7\u00f5es inconsequentes de Jair Bolsonaro com efeito desanimador dentro e fora e do pa\u00eds.<\/p>\n<p>A mais recente atinge n\u00e3o s\u00f3 o bolso, mas a dignidade dos trabalhadores.<!--more--><\/p>\n<p>\u201cA legisla\u00e7\u00e3o trabalhista, no que for poss\u00edvel \u2013 eu sei que est\u00e1 engessada \u2013 no artigo s\u00e9timo, vai ter que se aproximar da informalidade&#8221;, disse.<\/p>\n<p>O que ele quer \u00e9 acabar com a obriga\u00e7\u00e3o constitucional com o d\u00e9cimo terceiro sal\u00e1rio, f\u00e9rias, seguro desemprego, entre outros direitos dos trabalhadores.<\/p>\n<p>Bolsonaro disse que \u201cser patr\u00e3o \u00e9 um tormento\u201d por causa do \u2018rigor\u2019 na fiscaliza\u00e7\u00e3o com as normas trabalhistas.<\/p>\n<p>O \u2018mimimi\u2019 de patr\u00f5es que culpam os empregados por multas a infra\u00e7\u00f5es trabalhistas, agora vai ecoar na voz do presidente da rep\u00fablica.<\/p>\n<p>Pior, como incentivo a viola\u00e7\u00f5es.<\/p>\n<p>Nunca na hist\u00f3ria deste pa\u00eds um presidente criticou o Minist\u00e9rio P\u00fablico do Trabalho por aplicar multa a empres\u00e1rio que coagiu empregados a votar em determinado candidato.<\/p>\n<p>&#8220;Luciano Hang da Havan, de Santa Catarina, est\u00e1 com uma multa de 100 milh\u00f5es de reais porque ele teria aliciado, obrigado os funcion\u00e1rios a votar em mim&#8221;, disse.<\/p>\n<p>Se o presidente n\u00e3o promove a obedi\u00eancia\u00a0aos limites legais\u00a0da rela\u00e7\u00e3o entre patr\u00f5es e empregados, esperar o que?<\/p>\n<p>O futuro j\u00e1 n\u00e3o \u00e9 incerto, mas aterrorizador.<\/p>\n<p>De Michel Temer que prometeu empregos com a reforma trabalhista e fracassou, seguiremos com o \u2018precarizar mais para manter empregos\u2019 de Bolsonaro.<\/p>\n<p>Est\u00e1 na cara que a condi\u00e7\u00e3o do trabalhador brasileiro vai ficar ainda mais miser\u00e1vel.<\/p>\n<p>O antipetismo que ergueu \u00e0 presid\u00eancia o deputado muito bem pago e pouco produtivo \u00e0 Na\u00e7\u00e3o \u2013 aprovou apenas 2 projetos em 26 anos &#8211; \u00a0vai se dissolver com a\u00a0realidade de que os governos petistas foram os melhores para a classe trabalhadora .<\/p>\n<p>Lula e Dilma n\u00e3o s\u00f3 governaram para consolidar, mas ampliar e proteger da precariza\u00e7\u00e3o conquistas trabalhistas hist\u00f3ricas.<\/p>\n<p>Nunca v\u00e3o esquecer os erros do PT, mas os acertos v\u00e3o latejar a cada \u2018facada\u2019 de Bolsonaro no trabalhador.<\/p>\n<p>Ser\u00e1 f\u00e1cil a compara\u00e7\u00e3o.<\/p>\n<p>&nbsp;<\/p>\n<p><img data-recalc-dims=\"1\" loading=\"lazy\" decoding=\"async\" data-attachment-id=\"19870\" data-permalink=\"http:\/\/blogdalucianaoliveira.com.br\/blog\/2018\/12\/13\/a-facada-de-bolsonaro-no-trabalhador\/gov\/\" data-orig-file=\"https:\/\/i0.wp.com\/blogdalucianaoliveira.com.br\/blog\/wp-content\/uploads\/2018\/12\/gov.png?fit=800%2C607\" data-orig-size=\"800,607\" data-comments-opened=\"0\" data-image-meta=\"{&quot;aperture&quot;:&quot;0&quot;,&quot;credit&quot;:&quot;&quot;,&quot;camera&quot;:&quot;&quot;,&quot;caption&quot;:&quot;&quot;,&quot;created_timestamp&quot;:&quot;0&quot;,&quot;copyright&quot;:&quot;&quot;,&quot;focal_length&quot;:&quot;0&quot;,&quot;iso&quot;:&quot;0&quot;,&quot;shutter_speed&quot;:&quot;0&quot;,&quot;title&quot;:&quot;&quot;,&quot;orientation&quot;:&quot;0&quot;}\" data-image-title=\"gov\" data-image-description=\"\" data-image-caption=\"\" data-medium-file=\"https:\/\/i0.wp.com\/blogdalucianaoliveira.com.br\/blog\/wp-content\/uploads\/2018\/12\/gov.png?fit=300%2C228\" data-large-file=\"https:\/\/i0.wp.com\/blogdalucianaoliveira.com.br\/blog\/wp-content\/uploads\/2018\/12\/gov.png?fit=600%2C455\" class=\"alignnone size-full wp-image-19870\" src=\"https:\/\/i0.wp.com\/blogdalucianaoliveira.com.br\/blog\/wp-content\/uploads\/2018\/12\/gov.png?resize=600%2C455\" alt=\"gov\" width=\"600\" height=\"455\" srcset=\"https:\/\/i0.wp.com\/blogdalucianaoliveira.com.br\/blog\/wp-content\/uploads\/2018\/12\/gov.png?w=800 800w, https:\/\/i0.wp.com\/blogdalucianaoliveira.com.br\/blog\/wp-content\/uploads\/2018\/12\/gov.png?resize=300%2C228 300w, https:\/\/i0.wp.com\/blogdalucianaoliveira.com.br\/blog\/wp-content\/uploads\/2018\/12\/gov.png?resize=768%2C583 768w, https:\/\/i0.wp.com\/blogdalucianaoliveira.com.br\/blog\/wp-content\/uploads\/2018\/12\/gov.png?resize=395%2C300 395w\" sizes=\"auto, (max-width: 600px) 100vw, 600px\" \/><\/p>\n<p>&nbsp;<\/p>\n<p>&nbsp;<\/p>\n<p>&nbsp;<\/p>\n<p>&nbsp;<\/p>\n","protected":false},"excerpt":{"rendered":"<p>&nbsp; A ang\u00fastia aumenta a poucos dias da posse de um presidente mentecapto. N\u00e3o h\u00e1 balan\u00e7a que pese as declara\u00e7\u00f5es inconsequentes de Jair Bolsonaro com efeito desanimador dentro e fora e do pa\u00eds. A mais recente atinge n\u00e3o s\u00f3 o bolso, mas a dignidade dos trabalhadores.<\/p>\n","protected":false},"author":1,"featured_media":0,"comment_status":"closed","ping_status":"open","sticky":false,"template":"","format":"standard","meta":{"_exactmetrics_skip_tracking":false,"_exactmetrics_sitenote_active":false,"_exactmetrics_sitenote_note":"","_exactmetrics_sitenote_category":0,"jetpack_post_was_ever_published":false,"_jetpack_newsletter_access":"","_jetpack_dont_email_post_to_subs":false,"_jetpack_newsletter_tier_id":0,"_jetpack_memberships_contains_paywalled_content":false,"_jetpack_memberships_contains_paid_content":false,"footnotes":"","jetpack_publicize_message":"","jetpack_publicize_feature_enabled":true,"jetpack_social_post_already_shared":true,"jetpack_social_options":{"image_generator_settings":{"template":"highway","enabled":false},"version":2}},"categories":[1],"tags":[],"class_list":["post-19869","post","type-post","status-publish","format-standard","hentry","category-notas"],"jetpack_publicize_connections":[],"jetpack_sharing_enabled":true,"jetpack_featured_media_url":"","jetpack_shortlink":"https:\/\/wp.me\/p7wKYW-5at","jetpack-related-posts":[],"_links":{"self":[{"href":"http:\/\/blogdalucianaoliveira.com.br\/blog\/wp-json\/wp\/v2\/posts\/19869","targetHints":{"allow":["GET"]}}],"collection":[{"href":"http:\/\/blogdalucianaoliveira.com.br\/blog\/wp-json\/wp\/v2\/posts"}],"about":[{"href":"http:\/\/blogdalucianaoliveira.com.br\/blog\/wp-json\/wp\/v2\/types\/post"}],"author":[{"embeddable":true,"href":"http:\/\/blogdalucianaoliveira.com.br\/blog\/wp-json\/wp\/v2\/users\/1"}],"replies":[{"embeddable":true,"href":"http:\/\/blogdalucianaoliveira.com.br\/blog\/wp-json\/wp\/v2\/comments?post=19869"}],"version-history":[{"count":3,"href":"http:\/\/blogdalucianaoliveira.com.br\/blog\/wp-json\/wp\/v2\/posts\/19869\/revisions"}],"predecessor-version":[{"id":19875,"href":"http:\/\/blogdalucianaoliveira.com.br\/blog\/wp-json\/wp\/v2\/posts\/19869\/revisions\/19875"}],"wp:attachment":[{"href":"http:\/\/blogdalucianaoliveira.com.br\/blog\/wp-json\/wp\/v2\/media?parent=19869"}],"wp:term":[{"taxonomy":"category","embeddable":true,"href":"http:\/\/blogdalucianaoliveira.com.br\/blog\/wp-json\/wp\/v2\/categories?post=19869"},{"taxonomy":"post_tag","embeddable":true,"href":"http:\/\/blogdalucianaoliveira.com.br\/blog\/wp-json\/wp\/v2\/tags?post=19869"}],"curies":[{"name":"wp","href":"https:\/\/api.w.org\/{rel}","templated":true}]}}