{"id":19878,"date":"2018-12-14T19:06:26","date_gmt":"2018-12-14T23:06:26","guid":{"rendered":"http:\/\/blogdalucianaoliveira.com.br\/blog\/?p=19878"},"modified":"2018-12-14T19:07:03","modified_gmt":"2018-12-14T23:07:03","slug":"uma-mina-de-ouro-ilegal-em-novo-progresso-brasil-amazonia-sitiada-por-minas-ilegais","status":"publish","type":"post","link":"http:\/\/blogdalucianaoliveira.com.br\/blog\/2018\/12\/14\/uma-mina-de-ouro-ilegal-em-novo-progresso-brasil-amazonia-sitiada-por-minas-ilegais\/","title":{"rendered":"Uma mina de ouro ilegal em Novo Progresso, Brasil. Amaz\u00f4nia, sitiada por minas ilegais"},"content":{"rendered":"<p><img data-recalc-dims=\"1\" loading=\"lazy\" decoding=\"async\" data-attachment-id=\"19879\" data-permalink=\"http:\/\/blogdalucianaoliveira.com.br\/blog\/2018\/12\/14\/uma-mina-de-ouro-ilegal-em-novo-progresso-brasil-amazonia-sitiada-por-minas-ilegais\/118a680b-2e4a-461c-8bad-5c5a643536e9\/\" data-orig-file=\"https:\/\/i0.wp.com\/blogdalucianaoliveira.com.br\/blog\/wp-content\/uploads\/2018\/12\/118A680B-2E4A-461C-8BAD-5C5A643536E9.jpeg?fit=980%2C578\" data-orig-size=\"980,578\" data-comments-opened=\"0\" data-image-meta=\"{&quot;aperture&quot;:&quot;0&quot;,&quot;credit&quot;:&quot;&quot;,&quot;camera&quot;:&quot;&quot;,&quot;caption&quot;:&quot;&quot;,&quot;created_timestamp&quot;:&quot;0&quot;,&quot;copyright&quot;:&quot;&quot;,&quot;focal_length&quot;:&quot;0&quot;,&quot;iso&quot;:&quot;0&quot;,&quot;shutter_speed&quot;:&quot;0&quot;,&quot;title&quot;:&quot;&quot;,&quot;orientation&quot;:&quot;0&quot;}\" data-image-title=\"118A680B-2E4A-461C-8BAD-5C5A643536E9\" data-image-description=\"\" data-image-caption=\"\" data-medium-file=\"https:\/\/i0.wp.com\/blogdalucianaoliveira.com.br\/blog\/wp-content\/uploads\/2018\/12\/118A680B-2E4A-461C-8BAD-5C5A643536E9.jpeg?fit=300%2C177\" data-large-file=\"https:\/\/i0.wp.com\/blogdalucianaoliveira.com.br\/blog\/wp-content\/uploads\/2018\/12\/118A680B-2E4A-461C-8BAD-5C5A643536E9.jpeg?fit=600%2C354\" class=\"alignnone size-full wp-image-19879\" src=\"https:\/\/i0.wp.com\/blogdalucianaoliveira.com.br\/blog\/wp-content\/uploads\/2018\/12\/118A680B-2E4A-461C-8BAD-5C5A643536E9.jpeg?resize=600%2C354\" alt=\"118A680B-2E4A-461C-8BAD-5C5A643536E9\" width=\"600\" height=\"354\" srcset=\"https:\/\/i0.wp.com\/blogdalucianaoliveira.com.br\/blog\/wp-content\/uploads\/2018\/12\/118A680B-2E4A-461C-8BAD-5C5A643536E9.jpeg?w=980 980w, https:\/\/i0.wp.com\/blogdalucianaoliveira.com.br\/blog\/wp-content\/uploads\/2018\/12\/118A680B-2E4A-461C-8BAD-5C5A643536E9.jpeg?resize=300%2C177 300w, https:\/\/i0.wp.com\/blogdalucianaoliveira.com.br\/blog\/wp-content\/uploads\/2018\/12\/118A680B-2E4A-461C-8BAD-5C5A643536E9.jpeg?resize=768%2C453 768w, https:\/\/i0.wp.com\/blogdalucianaoliveira.com.br\/blog\/wp-content\/uploads\/2018\/12\/118A680B-2E4A-461C-8BAD-5C5A643536E9.jpeg?resize=509%2C300 509w\" sizes=\"auto, (max-width: 600px) 100vw, 600px\" \/><\/p>\n<p>&nbsp;<\/p>\n<div id=\"articulo-titulares\" class=\"articulo-titulares\">\n<div class=\"articulo-subtitulos\">\n<h2 class=\"articulo-subtitulo\">A prolifera\u00e7\u00e3o de minas ilegais de ouro ou cassiterita tornou-se uma epidemia na floresta tropical brasileira. O Ibama (Instituto Brasileiro do Meio Ambiente) lan\u00e7ou uma campanha para reprimir atividades em todas as minas ilegais da floresta amaz\u00f4nica<\/h2>\n<p><!--more--><\/p>\n<\/div>\n<\/div>\n<div class=\"firma \">\n<div class=\"autor\">\n<div class=\"autor-texto\"><span class=\"autor-nombre\"><a title=\"Ver todas as not\u00edcias de El Pa\u00eds\" href=\"https:\/\/brasil.elpais.com\/autor\/el_pais\/a\/\">EL PA\u00cdS<\/a><\/span><\/div>\n<\/div>\n<\/div>\n<ul class=\"contenedor_fotos\">\n<ul class=\"contenedor_fotos\">\n<li id=\"id_gal_pasa_1\">\n<figure class=\"foto foto_w980\"><figcaption class=\"foto-pie\"><span class=\"foto-numero\">1\u00a0<\/span><span class=\"foto-texto\">O projeto do Ibama rastreia todas as minas ilegais na floresta amaz\u00f4nica, que se estende por Brasil, Venezuela, Col\u00f4mbia, Peru, Equador e Bol\u00edvia. Na foto, uma vista a\u00e9rea de uma mina ilegal de cassiterita nos parques nacionais de Novo Progresso, no Estado do Par\u00e1, em 4 de novembro de 2018.<\/span><span class=\"foto-firma\"><span class=\"foto-autor\">RICARDO MORAES<\/span> <span class=\"foto-agencia\">REUTERS<\/span><\/span><\/figcaption><\/figure>\n<\/li>\n<li id=\"id_gal_pasa_2\">\n<figure class=\"foto foto_w980\"><span class=\"fondo_img\"><img data-recalc-dims=\"1\" loading=\"lazy\" decoding=\"async\" id=\"foto_gal_2\" class=\"horizontal\" src=\"https:\/\/i0.wp.com\/ep00.epimg.net\/elpais\/imagenes\/2018\/12\/12\/album\/1544639529_920647_1544643787_album_normal.jpg?resize=600%2C403&#038;ssl=1\" alt=\"Essas informa\u00e7\u00f5es s\u00e3o coletadas atrav\u00e9s de opera\u00e7\u00f5es de mapeamento, como parte da prote\u00e7\u00e3o realizada pelo Ibama em conjunto com outras associa\u00e7\u00f5es ambientais. Na foto, um helic\u00f3ptero do Ibama sobrevoa uma mina de ouro ilegal durante uma opera\u00e7\u00e3o nas proximidades do munic\u00edpio brasileiro de Novo Progresso, no Estado do Par\u00e1, em 5 de novembro de 2018.\" width=\"600\" height=\"403\" \/><\/span><figcaption class=\"foto-pie\"><span class=\"foto-numero\">2\u00a0<\/span><span class=\"foto-texto\">Essas informa\u00e7\u00f5es s\u00e3o coletadas atrav\u00e9s de opera\u00e7\u00f5es de mapeamento, como parte da prote\u00e7\u00e3o realizada pelo Ibama em conjunto com outras associa\u00e7\u00f5es ambientais. Na foto, um helic\u00f3ptero do Ibama sobrevoa uma mina de ouro ilegal durante uma opera\u00e7\u00e3o nas proximidades do munic\u00edpio brasileiro de Novo Progresso, no Estado do Par\u00e1, em 5 de novembro de 2018.<\/span><span class=\"foto-firma\"><span class=\"foto-autor\">RICARDO MORAES<\/span> <span class=\"foto-agencia\">REUTERS<\/span><\/span><\/figcaption><\/figure>\n<\/li>\n<li id=\"id_gal_pasa_3\">\n<figure class=\"foto foto_w980\"><span class=\"fondo_img\"><img data-recalc-dims=\"1\" loading=\"lazy\" decoding=\"async\" id=\"foto_gal_3\" class=\"horizontal\" src=\"https:\/\/i0.wp.com\/ep00.epimg.net\/elpais\/imagenes\/2018\/12\/12\/album\/1544639529_920647_1544643789_album_normal.jpg?resize=600%2C397&#038;ssl=1\" alt=\"Somente na Amaz\u00f4nia brasileira, 453 minas ilegais foram classificadas, de acordo com dados publicados pelo Ibama. Na imagem, uma vista a\u00e9rea de uma das minas de ouro ilegais da floresta amaz\u00f4nica brasileira, nos parques nacionais de Novo Progresso, em 5 de novembro de 2018.\" width=\"600\" height=\"397\" \/><\/span><figcaption class=\"foto-pie\"><span class=\"foto-numero\">3\u00a0<\/span><span class=\"foto-texto\">Somente na Amaz\u00f4nia brasileira, 453 minas ilegais foram classificadas, de acordo com dados publicados pelo Ibama. Na imagem, uma vista a\u00e9rea de uma das minas de ouro ilegais da floresta amaz\u00f4nica brasileira, nos parques nacionais de Novo Progresso, em 5 de novembro de 2018.<\/span><span class=\"foto-firma\"><span class=\"foto-autor\">RICARDO MORAES<\/span> <span class=\"foto-agencia\">REUTERS<\/span><\/span><\/figcaption><\/figure>\n<\/li>\n<\/ul>\n<\/ul>\n<div id=\"elpais_gpt-MPU1\" class=\"publi_luto_vertical\" data-google-query-id=\"CLneyZO2oN8CFUt6wQodku8LqQ\"><\/div>\n<ul class=\"contenedor_fotos\">\n<ul class=\"contenedor_fotos\">\n<li id=\"id_gal_pasa_4\">\n<figure class=\"foto foto_w980\"><span class=\"fondo_img\"><img data-recalc-dims=\"1\" loading=\"lazy\" decoding=\"async\" id=\"foto_gal_4\" class=\"horizontal\" src=\"https:\/\/i0.wp.com\/ep00.epimg.net\/elpais\/imagenes\/2018\/12\/12\/album\/1544639529_920647_1544716059_album_normal.jpg?resize=600%2C400&#038;ssl=1\" alt=\"Em novembro, foram realizadas opera\u00e7\u00f5es em v\u00e1rias minas ilegais em dois parques nacionais da Amaz\u00f4nia brasileira. Quando os helic\u00f3pteros do Ibama desceram para realizar o ataque, alguns dos mineiros fugiram para as profundezas da selva. Na imagem, \u00e9 visto como os mineradores saem de uma mina de cassiterita ilegal ap\u00f3s serem avisados sobre a chegada dos agentes durante uma opera\u00e7\u00e3o do Ibama, em Novo Progresso, em 4 de novembro de 2018.\" width=\"600\" height=\"400\" \/><\/span><figcaption class=\"foto-pie\"><span class=\"foto-numero\">4\u00a0<\/span><span class=\"foto-texto\">Em novembro, foram realizadas opera\u00e7\u00f5es em v\u00e1rias minas ilegais em dois parques nacionais da Amaz\u00f4nia brasileira. Quando os helic\u00f3pteros do Ibama desceram para realizar o ataque, alguns dos mineiros fugiram para as profundezas da selva. Na imagem, \u00e9 visto como os mineradores saem de uma mina de cassiterita ilegal ap\u00f3s serem avisados sobre a chegada dos agentes durante uma opera\u00e7\u00e3o do Ibama, em Novo Progresso, em 4 de novembro de 2018.<\/span><span class=\"foto-firma\"><span class=\"foto-autor\">RICARDO MORAES<\/span> <span class=\"foto-agencia\">REUTERS<\/span><\/span><\/figcaption><\/figure>\n<\/li>\n<li id=\"id_gal_pasa_5\">\n<figure class=\"foto foto_w980\"><span class=\"fondo_img\"><img data-recalc-dims=\"1\" loading=\"lazy\" decoding=\"async\" id=\"foto_gal_5\" class=\"horizontal\" src=\"https:\/\/i0.wp.com\/ep00.epimg.net\/elpais\/imagenes\/2018\/12\/12\/album\/1544639529_920647_1544643790_album_normal.jpg?resize=600%2C389&#038;ssl=1\" alt=\"Um agente do Ibama inspeciona uma mina de ouro ilegal na Amaz\u00f4nia, em Novo Progresso, no dia 5 de novembro de 2018.\" width=\"600\" height=\"389\" \/><\/span><figcaption class=\"foto-pie\"><span class=\"foto-numero\">5\u00a0<\/span><span class=\"foto-texto\">Um agente do Ibama inspeciona uma mina de ouro ilegal na Amaz\u00f4nia, em Novo Progresso, no dia 5 de novembro de 2018.<\/span><span class=\"foto-firma\"><span class=\"foto-autor\">RICARDO MORAES<\/span> <span class=\"foto-agencia\">REUTERS<\/span><\/span><\/figcaption><\/figure>\n<\/li>\n<li id=\"id_gal_pasa_6\">\n<figure class=\"foto foto_w980\"><span class=\"fondo_img\"><img data-recalc-dims=\"1\" loading=\"lazy\" decoding=\"async\" id=\"foto_gal_6\" class=\"horizontal\" src=\"https:\/\/i0.wp.com\/ep00.epimg.net\/elpais\/imagenes\/2018\/12\/12\/album\/1544639529_920647_1544716060_album_normal.jpg?resize=600%2C400&#038;ssl=1\" alt=\"Logo depois, cerca de seis pessoas foram presas. O objetivo real das autoridades n\u00e3o trata dos mineiros, que em muitos casos trabalham em condi\u00e7\u00f5es de escravid\u00e3o, mas dos donos das minas ilegais, cuja identidade \u00e9 desconhecida.\" width=\"600\" height=\"400\" \/><\/span><figcaption class=\"foto-pie\"><span class=\"foto-numero\">6\u00a0<\/span><span class=\"foto-texto\">Logo depois, cerca de seis pessoas foram presas. O objetivo real das autoridades n\u00e3o trata dos mineiros, que em muitos casos trabalham em condi\u00e7\u00f5es de escravid\u00e3o, mas dos donos das minas ilegais, cuja identidade \u00e9 desconhecida.<\/span><span class=\"foto-firma\"><span class=\"foto-autor\">RICARDO MORAES<\/span> <span class=\"foto-agencia\">REUTERS<\/span><\/span><\/figcaption><\/figure>\n<\/li>\n<\/ul>\n<\/ul>\n<div id=\"elpais_gpt-MPU2\" class=\"publi_luto_vertical\" data-google-query-id=\"CMLurOO2oN8CFdjI4wcd_nwOAA\"><\/div>\n<ul class=\"contenedor_fotos\">\n<ul class=\"contenedor_fotos\">\n<li id=\"id_gal_pasa_7\">\n<figure class=\"foto foto_w980\"><span class=\"fondo_img\"><img data-recalc-dims=\"1\" loading=\"lazy\" decoding=\"async\" id=\"foto_gal_7\" class=\"horizontal\" src=\"https:\/\/i0.wp.com\/ep00.epimg.net\/elpais\/imagenes\/2018\/12\/12\/album\/1544639529_920647_1544716058_album_normal.jpg?resize=600%2C372&#038;ssl=1\" alt=\"Um acampamento de mineiros em uma mina de ouro ilegal em Novo Progresso, em 5 de novembro de 2018.\" width=\"600\" height=\"372\" \/><\/span><figcaption class=\"foto-pie\"><span class=\"foto-numero\">7\u00a0<\/span><span class=\"foto-texto\">Um acampamento de mineiros em uma mina de ouro ilegal em Novo Progresso, em 5 de novembro de 2018.<\/span><span class=\"foto-firma\"><span class=\"foto-autor\">RICARDO MORAES<\/span> <span class=\"foto-agencia\">REUTERS<\/span><\/span><\/figcaption><\/figure>\n<\/li>\n<li id=\"id_gal_pasa_8\">\n<figure class=\"foto foto_w980\"><span class=\"fondo_img\"><img data-recalc-dims=\"1\" loading=\"lazy\" decoding=\"async\" id=\"foto_gal_8\" class=\"horizontal\" src=\"https:\/\/i0.wp.com\/ep00.epimg.net\/elpais\/imagenes\/2018\/12\/12\/album\/1544639529_920647_1544643795_album_normal.jpg?resize=600%2C388&#038;ssl=1\" alt=\"Nestas opera\u00e7\u00f5es, os agentes destroem o maquin\u00e1rio das minas, principalmente escavadeiras e outras m\u00e1quinas pesadas, geralmente caras e dif\u00edceis de substituir, a fim de cessar as atividades nessas minas ilegais. Na foto voc\u00ea pode ver uma escavadeira em chamas em uma mina de cassiterita ilegal, durante uma opera\u00e7\u00e3o do Ibama no munic\u00edpio de Novo Progresso (Estado do Par\u00e1), em 4 de novembro de 2018.\" width=\"600\" height=\"388\" \/><\/span><figcaption class=\"foto-pie\"><span class=\"foto-numero\">8\u00a0<\/span><span class=\"foto-texto\">Nestas opera\u00e7\u00f5es, os agentes destroem o maquin\u00e1rio das minas, principalmente escavadeiras e outras m\u00e1quinas pesadas, geralmente caras e dif\u00edceis de substituir, a fim de cessar as atividades nessas minas ilegais. Na foto voc\u00ea pode ver uma escavadeira em chamas em uma mina de cassiterita ilegal, durante uma opera\u00e7\u00e3o do Ibama no munic\u00edpio de Novo Progresso (Estado do Par\u00e1), em 4 de novembro de 2018.<\/span><span class=\"foto-firma\"><span class=\"foto-autor\">RICARDO MORAES<\/span> <span class=\"foto-agencia\">REUTERS<\/span><\/span><\/figcaption><\/figure>\n<\/li>\n<li id=\"id_gal_pasa_9\">\n<figure class=\"foto foto_w980\"><span class=\"fondo_img\"><img data-recalc-dims=\"1\" loading=\"lazy\" decoding=\"async\" id=\"foto_gal_9\" class=\"horizontal\" src=\"https:\/\/i0.wp.com\/ep00.epimg.net\/elpais\/imagenes\/2018\/12\/12\/album\/1544639529_920647_1544643792_album_normal.jpg?resize=600%2C400&#038;ssl=1\" alt=\"Uma cozinha improvisada em um acampamento ilegal de minera\u00e7\u00e3o, no munic\u00edpio de Novo Progresso, em 5 de novembro de 2018.\" width=\"600\" height=\"400\" \/><\/span><figcaption class=\"foto-pie\"><span class=\"foto-numero\">9\u00a0<\/span><span class=\"foto-texto\">Uma cozinha improvisada em um acampamento ilegal de minera\u00e7\u00e3o, no munic\u00edpio de Novo Progresso, em 5 de novembro de 2018.<\/span><span class=\"foto-firma\"><span class=\"foto-autor\">RICARDO MORAES<\/span> <span class=\"foto-agencia\">REUTERS<\/span><\/span><\/figcaption><\/figure>\n<\/li>\n<\/ul>\n<\/ul>\n<div id=\"elpais_gpt-MPU3\" class=\"publi_luto_vertical\" data-google-query-id=\"CPrlt-62oN8CFVC6TwodZLwNIg\"><\/div>\n<ul id=\"contenedor_fotos\" class=\"contenedor_fotos\">\n<li id=\"id_gal_pasa_10\">\n<figure class=\"foto foto_w980\"><span class=\"fondo_img\"><img data-recalc-dims=\"1\" loading=\"lazy\" decoding=\"async\" id=\"foto_gal_10\" class=\"horizontal\" src=\"https:\/\/i0.wp.com\/ep00.epimg.net\/elpais\/imagenes\/2018\/12\/12\/album\/1544639529_920647_1544643793_album_normal.jpg?resize=600%2C389&#038;ssl=1\" alt=\"Inc\u00eandio controlado em mina ilegal de ouro nos parques nacionais de Novo Progresso, durante opera\u00e7\u00e3o realizada pelo Instituto Brasileiro do Meio Ambiente (Ibama), em que m\u00e1quinas e diversos acampamentos foram destru\u00eddos em uma mina ilegal de ouro.\" width=\"600\" height=\"389\" \/><\/span><figcaption class=\"foto-pie\"><span class=\"foto-numero\">10\u00a0<\/span><span class=\"foto-texto\">Inc\u00eandio controlado em mina ilegal de ouro nos parques nacionais de Novo Progresso, durante opera\u00e7\u00e3o realizada pelo Instituto Brasileiro do Meio Ambiente (Ibama), em que m\u00e1quinas e diversos acampamentos foram destru\u00eddos em uma mina ilegal de ouro.<\/span><span class=\"foto-firma\"><span class=\"foto-autor\">RICARDO MORAES<\/span> <span class=\"foto-agencia\">REUTERS<\/span><\/span><\/figcaption><\/figure>\n<\/li>\n<li id=\"id_gal_pasa_11\">\n<figure class=\"foto foto_w980\"><span class=\"fondo_img\"><img data-recalc-dims=\"1\" loading=\"lazy\" decoding=\"async\" id=\"foto_gal_11\" class=\"horizontal\" src=\"https:\/\/i0.wp.com\/ep00.epimg.net\/elpais\/imagenes\/2018\/12\/12\/album\/1544639529_920647_1544716057_album_normal.jpg?resize=600%2C400&#038;ssl=1\" alt=\"A minera\u00e7\u00e3o ilegal polui a \u00e1gua das comunidades locais com merc\u00fario e contribui para o desmatamento. Na imagem, uma mina de cassiterita ilegal nos parques nacionais de Novo Progresso, realizada durante uma opera\u00e7\u00e3o do Ibama em 4 de novembro de 2018.\" width=\"600\" height=\"400\" \/><\/span><figcaption class=\"foto-pie\"><span class=\"foto-numero\">11\u00a0<\/span><span class=\"foto-texto\">A minera\u00e7\u00e3o ilegal polui a \u00e1gua das comunidades locais com merc\u00fario e contribui para o desmatamento. Na imagem, uma mina de cassiterita ilegal nos parques nacionais de Novo Progresso, realizada durante uma opera\u00e7\u00e3o do Ibama em 4 de novembro de 2018.<\/span><span class=\"foto-firma\"><span class=\"foto-autor\">RICARDO MORAES<\/span> <span class=\"foto-agencia\">REUTERS<\/span><\/span><\/figcaption><\/figure>\n<\/li>\n<li id=\"id_gal_pasa_12\">\n<figure class=\"foto foto_w980\"><span class=\"fondo_img\"><img data-recalc-dims=\"1\" loading=\"lazy\" decoding=\"async\" id=\"foto_gal_12\" class=\"horizontal\" src=\"https:\/\/i0.wp.com\/ep00.epimg.net\/elpais\/imagenes\/2018\/12\/12\/album\/1544639529_920647_1544643797_album_normal.jpg?resize=600%2C331&#038;ssl=1\" alt=\"Um agente do Ibama patrulhando uma mina de cassiterita ilegal durante uma opera\u00e7\u00e3o em parques nacionais nas proximidades do munic\u00edpio de Novo Progresso, no Estado do Par\u00e1, em 4 de novembro de 2018.\" width=\"600\" height=\"331\" \/><\/span><figcaption class=\"foto-pie\"><span class=\"foto-numero\">12\u00a0<\/span><span class=\"foto-texto\">Um agente do Ibama patrulhando uma mina de cassiterita ilegal durante uma opera\u00e7\u00e3o em parques nacionais nas proximidades do munic\u00edpio de Novo Progresso, no Estado do Par\u00e1, em 4 de novembro de 2018.<\/span><\/figcaption><\/figure>\n<\/li>\n<\/ul>\n","protected":false},"excerpt":{"rendered":"<p>&nbsp; A prolifera\u00e7\u00e3o de minas ilegais de ouro ou cassiterita tornou-se uma epidemia na floresta tropical brasileira. O Ibama (Instituto Brasileiro do Meio Ambiente) lan\u00e7ou uma campanha para reprimir atividades em todas as minas ilegais da floresta amaz\u00f4nica<\/p>\n","protected":false},"author":1,"featured_media":0,"comment_status":"closed","ping_status":"open","sticky":false,"template":"","format":"standard","meta":{"_exactmetrics_skip_tracking":false,"_exactmetrics_sitenote_active":false,"_exactmetrics_sitenote_note":"","_exactmetrics_sitenote_category":0,"jetpack_post_was_ever_published":false,"_jetpack_newsletter_access":"","_jetpack_dont_email_post_to_subs":false,"_jetpack_newsletter_tier_id":0,"_jetpack_memberships_contains_paywalled_content":false,"_jetpack_memberships_contains_paid_content":false,"footnotes":"","jetpack_publicize_message":"","jetpack_publicize_feature_enabled":true,"jetpack_social_post_already_shared":true,"jetpack_social_options":{"image_generator_settings":{"template":"highway","enabled":false},"version":2}},"categories":[1],"tags":[],"class_list":["post-19878","post","type-post","status-publish","format-standard","hentry","category-notas"],"jetpack_publicize_connections":[],"jetpack_sharing_enabled":true,"jetpack_featured_media_url":"","jetpack_shortlink":"https:\/\/wp.me\/p7wKYW-5aC","jetpack-related-posts":[],"_links":{"self":[{"href":"http:\/\/blogdalucianaoliveira.com.br\/blog\/wp-json\/wp\/v2\/posts\/19878","targetHints":{"allow":["GET"]}}],"collection":[{"href":"http:\/\/blogdalucianaoliveira.com.br\/blog\/wp-json\/wp\/v2\/posts"}],"about":[{"href":"http:\/\/blogdalucianaoliveira.com.br\/blog\/wp-json\/wp\/v2\/types\/post"}],"author":[{"embeddable":true,"href":"http:\/\/blogdalucianaoliveira.com.br\/blog\/wp-json\/wp\/v2\/users\/1"}],"replies":[{"embeddable":true,"href":"http:\/\/blogdalucianaoliveira.com.br\/blog\/wp-json\/wp\/v2\/comments?post=19878"}],"version-history":[{"count":2,"href":"http:\/\/blogdalucianaoliveira.com.br\/blog\/wp-json\/wp\/v2\/posts\/19878\/revisions"}],"predecessor-version":[{"id":19881,"href":"http:\/\/blogdalucianaoliveira.com.br\/blog\/wp-json\/wp\/v2\/posts\/19878\/revisions\/19881"}],"wp:attachment":[{"href":"http:\/\/blogdalucianaoliveira.com.br\/blog\/wp-json\/wp\/v2\/media?parent=19878"}],"wp:term":[{"taxonomy":"category","embeddable":true,"href":"http:\/\/blogdalucianaoliveira.com.br\/blog\/wp-json\/wp\/v2\/categories?post=19878"},{"taxonomy":"post_tag","embeddable":true,"href":"http:\/\/blogdalucianaoliveira.com.br\/blog\/wp-json\/wp\/v2\/tags?post=19878"}],"curies":[{"name":"wp","href":"https:\/\/api.w.org\/{rel}","templated":true}]}}