{"id":1988,"date":"2016-06-27T18:25:54","date_gmt":"2016-06-27T22:25:54","guid":{"rendered":"http:\/\/blogdalucianaoliveira.com.br\/blog\/?p=1988"},"modified":"2016-06-27T18:25:54","modified_gmt":"2016-06-27T22:25:54","slug":"stf-cabeca-baixa-passo-lento","status":"publish","type":"post","link":"http:\/\/blogdalucianaoliveira.com.br\/blog\/2016\/06\/27\/stf-cabeca-baixa-passo-lento\/","title":{"rendered":"STF: cabe\u00e7a baixa, passo lento"},"content":{"rendered":"<p><img data-recalc-dims=\"1\" loading=\"lazy\" decoding=\"async\" data-attachment-id=\"1989\" data-permalink=\"http:\/\/blogdalucianaoliveira.com.br\/blog\/2016\/06\/27\/stf-cabeca-baixa-passo-lento\/image-431\/\" data-orig-file=\"https:\/\/i0.wp.com\/blogdalucianaoliveira.com.br\/blog\/wp-content\/uploads\/2016\/06\/image-123.jpeg?fit=2400%2C2400\" data-orig-size=\"2400,2400\" data-comments-opened=\"0\" data-image-meta=\"{&quot;aperture&quot;:&quot;0&quot;,&quot;credit&quot;:&quot;&quot;,&quot;camera&quot;:&quot;&quot;,&quot;caption&quot;:&quot;&quot;,&quot;created_timestamp&quot;:&quot;0&quot;,&quot;copyright&quot;:&quot;&quot;,&quot;focal_length&quot;:&quot;0&quot;,&quot;iso&quot;:&quot;0&quot;,&quot;shutter_speed&quot;:&quot;0&quot;,&quot;title&quot;:&quot;&quot;,&quot;orientation&quot;:&quot;1&quot;}\" data-image-title=\"image\" data-image-description=\"\" data-image-caption=\"\" data-medium-file=\"https:\/\/i0.wp.com\/blogdalucianaoliveira.com.br\/blog\/wp-content\/uploads\/2016\/06\/image-123.jpeg?fit=300%2C300\" data-large-file=\"https:\/\/i0.wp.com\/blogdalucianaoliveira.com.br\/blog\/wp-content\/uploads\/2016\/06\/image-123.jpeg?fit=600%2C600\" src=\"https:\/\/i0.wp.com\/blogdalucianaoliveira.com.br\/blog\/wp-content\/uploads\/2016\/06\/image-123.jpeg?resize=600%2C600\" alt=\"image\" width=\"600\" height=\"600\" class=\"alignnone size-full wp-image-1989\" srcset=\"https:\/\/i0.wp.com\/blogdalucianaoliveira.com.br\/blog\/wp-content\/uploads\/2016\/06\/image-123.jpeg?w=2400 2400w, https:\/\/i0.wp.com\/blogdalucianaoliveira.com.br\/blog\/wp-content\/uploads\/2016\/06\/image-123.jpeg?resize=150%2C150 150w, https:\/\/i0.wp.com\/blogdalucianaoliveira.com.br\/blog\/wp-content\/uploads\/2016\/06\/image-123.jpeg?resize=300%2C300 300w, https:\/\/i0.wp.com\/blogdalucianaoliveira.com.br\/blog\/wp-content\/uploads\/2016\/06\/image-123.jpeg?resize=768%2C768 768w, https:\/\/i0.wp.com\/blogdalucianaoliveira.com.br\/blog\/wp-content\/uploads\/2016\/06\/image-123.jpeg?resize=1024%2C1024 1024w, https:\/\/i0.wp.com\/blogdalucianaoliveira.com.br\/blog\/wp-content\/uploads\/2016\/06\/image-123.jpeg?w=1200 1200w, https:\/\/i0.wp.com\/blogdalucianaoliveira.com.br\/blog\/wp-content\/uploads\/2016\/06\/image-123.jpeg?w=1800 1800w\" sizes=\"auto, (max-width: 600px) 100vw, 600px\" \/><\/p>\n<p>Quando \u00e9 que o STF vai julgar o primeiro pol\u00edtico?<!--more--><\/p>\n<p>Por Ricardo Kotscho <\/p>\n<p>Nos 59 inqu\u00e9ritos, envolvendo 134 investigados, at\u00e9 agora enviados pela Opera\u00e7\u00e3o Lava Jato ao Supremo Tribunal Federal, nenhum caso foi levado a julgamento e, portanto, ningu\u00e9m foi condenado. Nem h\u00e1 previs\u00e3o para que isso aconte\u00e7a t\u00e3o cedo.<\/p>\n<p>Entre os pol\u00edticos, o \u00fanico que j\u00e1 se tornou r\u00e9u \u00e9 o presidente afastado da C\u00e2mara, Eduardo Cunha. Na quarta-feira, por unanimidade, os onze ministros do STF acataram nova den\u00fancia feita pela Procuradoria Geral da Rep\u00fablica. Cunha \u00e9 acusado pelos crimes de corrup\u00e7\u00e3o, lavagem de dinheiro, evas\u00e3o de divisas e falsidade ideol\u00f3gica para fins eleitores, mas continua circulando livremente, d\u00e1 entrevista coletiva transmitida pela TV C\u00e2mara e ningu\u00e9m sabe quando seu processo entrar\u00e1 na pauta para ser finalmente julgado.<\/p>\n<p>\u00c9 bem prov\u00e1vel que antes disso o deputado seja cassado pelo plen\u00e1rio da C\u00e2mara por ter mentido na CPI da Petrobras, perdendo assim o foro privilegiado, e seu caso seja enviado para a primeira inst\u00e2ncia, em Curitiba, onde o juiz Sergio Moro j\u00e1 julgou e condenou 105 r\u00e9us da Lava Jato.<\/p>\n<p>Para evitar que isso aconte\u00e7a logo, Eduardo Cunha joga tudo agora para ganhar tempo na Comiss\u00e3o de Constitui\u00e7\u00e3o e Justi\u00e7a da C\u00e2mara. Abandonado pelos parlamentares que ajudou a eleger, em 2014, e que o levaram \u00e0 presid\u00eancia da C\u00e2mara, de onde comandou o julgamento da abertura do processo de impeachment contra a presidente afastada Dilma Rousseff, agora declarado r\u00e9u na Lava Jato pela segunda vez, Cunha sabe que j\u00e1 n\u00e3o pode contar com o apoio do governo interino de Michel Temer, para quem se tornou um estorvo.<\/p>\n<p>Dois anos e tr\u00eas meses ap\u00f3s o in\u00edcio das investiga\u00e7\u00f5es da Opera\u00e7\u00e3o Lava Jato, fica cada vez mais evidente o contraste entre a celeridade dos julgamentos que levam a condena\u00e7\u00f5es em massa, em Curitiba, e a lentid\u00e3o dos processos envolvendo r\u00e9us com direito a foro privilegiado, em Bras\u00edlia. Entre a primeira e a \u00faltima inst\u00e2ncia da Justi\u00e7a, balan\u00e7a o destino de Eduardo Cunha e surgem as inevit\u00e1veis perguntas:<\/p>\n<p>* Quando \u00e9 que o STF vai colocar em pauta o julgamento do primeiro pol\u00edtico investigado na Lava Jato?<\/p>\n<p>* Ser\u00e1 que n\u00e3o \u00e9 hora de acabar com o foro privilegiado dos pol\u00edticos, j\u00e1 que o STF n\u00e3o d\u00e1 conta da clientela?<\/p>\n","protected":false},"excerpt":{"rendered":"<p>Quando \u00e9 que o STF vai julgar o primeiro pol\u00edtico?<\/p>\n","protected":false},"author":1,"featured_media":0,"comment_status":"closed","ping_status":"open","sticky":false,"template":"","format":"standard","meta":{"_exactmetrics_skip_tracking":false,"_exactmetrics_sitenote_active":false,"_exactmetrics_sitenote_note":"","_exactmetrics_sitenote_category":0,"jetpack_post_was_ever_published":false,"_jetpack_newsletter_access":"","_jetpack_dont_email_post_to_subs":false,"_jetpack_newsletter_tier_id":0,"_jetpack_memberships_contains_paywalled_content":false,"_jetpack_memberships_contains_paid_content":false,"footnotes":"","jetpack_publicize_message":"","jetpack_publicize_feature_enabled":true,"jetpack_social_post_already_shared":true,"jetpack_social_options":{"image_generator_settings":{"template":"highway","enabled":false},"version":2}},"categories":[1],"tags":[],"class_list":["post-1988","post","type-post","status-publish","format-standard","hentry","category-notas"],"jetpack_publicize_connections":[],"jetpack_sharing_enabled":true,"jetpack_featured_media_url":"","jetpack_shortlink":"https:\/\/wp.me\/p7wKYW-w4","jetpack-related-posts":[],"_links":{"self":[{"href":"http:\/\/blogdalucianaoliveira.com.br\/blog\/wp-json\/wp\/v2\/posts\/1988","targetHints":{"allow":["GET"]}}],"collection":[{"href":"http:\/\/blogdalucianaoliveira.com.br\/blog\/wp-json\/wp\/v2\/posts"}],"about":[{"href":"http:\/\/blogdalucianaoliveira.com.br\/blog\/wp-json\/wp\/v2\/types\/post"}],"author":[{"embeddable":true,"href":"http:\/\/blogdalucianaoliveira.com.br\/blog\/wp-json\/wp\/v2\/users\/1"}],"replies":[{"embeddable":true,"href":"http:\/\/blogdalucianaoliveira.com.br\/blog\/wp-json\/wp\/v2\/comments?post=1988"}],"version-history":[{"count":1,"href":"http:\/\/blogdalucianaoliveira.com.br\/blog\/wp-json\/wp\/v2\/posts\/1988\/revisions"}],"predecessor-version":[{"id":1990,"href":"http:\/\/blogdalucianaoliveira.com.br\/blog\/wp-json\/wp\/v2\/posts\/1988\/revisions\/1990"}],"wp:attachment":[{"href":"http:\/\/blogdalucianaoliveira.com.br\/blog\/wp-json\/wp\/v2\/media?parent=1988"}],"wp:term":[{"taxonomy":"category","embeddable":true,"href":"http:\/\/blogdalucianaoliveira.com.br\/blog\/wp-json\/wp\/v2\/categories?post=1988"},{"taxonomy":"post_tag","embeddable":true,"href":"http:\/\/blogdalucianaoliveira.com.br\/blog\/wp-json\/wp\/v2\/tags?post=1988"}],"curies":[{"name":"wp","href":"https:\/\/api.w.org\/{rel}","templated":true}]}}