{"id":19893,"date":"2018-12-18T11:47:23","date_gmt":"2018-12-18T15:47:23","guid":{"rendered":"http:\/\/blogdalucianaoliveira.com.br\/blog\/?p=19893"},"modified":"2018-12-18T11:47:23","modified_gmt":"2018-12-18T15:47:23","slug":"foi-a-democracia-que-endireitou-o-chile","status":"publish","type":"post","link":"http:\/\/blogdalucianaoliveira.com.br\/blog\/2018\/12\/18\/foi-a-democracia-que-endireitou-o-chile\/","title":{"rendered":"Foi a democracia que endireitou o Chile"},"content":{"rendered":"<p><img data-recalc-dims=\"1\" loading=\"lazy\" decoding=\"async\" data-attachment-id=\"19894\" data-permalink=\"http:\/\/blogdalucianaoliveira.com.br\/blog\/2018\/12\/18\/foi-a-democracia-que-endireitou-o-chile\/0c78c884-111c-4659-ba3b-527f64b5b4a8\/\" data-orig-file=\"https:\/\/i0.wp.com\/blogdalucianaoliveira.com.br\/blog\/wp-content\/uploads\/2018\/12\/0C78C884-111C-4659-BA3B-527F64B5B4A8.jpeg?fit=768%2C512\" data-orig-size=\"768,512\" data-comments-opened=\"0\" data-image-meta=\"{&quot;aperture&quot;:&quot;0&quot;,&quot;credit&quot;:&quot;&quot;,&quot;camera&quot;:&quot;&quot;,&quot;caption&quot;:&quot;&quot;,&quot;created_timestamp&quot;:&quot;0&quot;,&quot;copyright&quot;:&quot;&quot;,&quot;focal_length&quot;:&quot;0&quot;,&quot;iso&quot;:&quot;0&quot;,&quot;shutter_speed&quot;:&quot;0&quot;,&quot;title&quot;:&quot;&quot;,&quot;orientation&quot;:&quot;0&quot;}\" data-image-title=\"0C78C884-111C-4659-BA3B-527F64B5B4A8\" data-image-description=\"\" data-image-caption=\"\" data-medium-file=\"https:\/\/i0.wp.com\/blogdalucianaoliveira.com.br\/blog\/wp-content\/uploads\/2018\/12\/0C78C884-111C-4659-BA3B-527F64B5B4A8.jpeg?fit=300%2C200\" data-large-file=\"https:\/\/i0.wp.com\/blogdalucianaoliveira.com.br\/blog\/wp-content\/uploads\/2018\/12\/0C78C884-111C-4659-BA3B-527F64B5B4A8.jpeg?fit=600%2C400\" src=\"https:\/\/i0.wp.com\/blogdalucianaoliveira.com.br\/blog\/wp-content\/uploads\/2018\/12\/0C78C884-111C-4659-BA3B-527F64B5B4A8.jpeg?resize=600%2C400\" alt=\"0C78C884-111C-4659-BA3B-527F64B5B4A8\" width=\"600\" height=\"400\" class=\"alignnone size-full wp-image-19894\" srcset=\"https:\/\/i0.wp.com\/blogdalucianaoliveira.com.br\/blog\/wp-content\/uploads\/2018\/12\/0C78C884-111C-4659-BA3B-527F64B5B4A8.jpeg?w=768 768w, https:\/\/i0.wp.com\/blogdalucianaoliveira.com.br\/blog\/wp-content\/uploads\/2018\/12\/0C78C884-111C-4659-BA3B-527F64B5B4A8.jpeg?resize=300%2C200 300w, https:\/\/i0.wp.com\/blogdalucianaoliveira.com.br\/blog\/wp-content\/uploads\/2018\/12\/0C78C884-111C-4659-BA3B-527F64B5B4A8.jpeg?resize=450%2C300 450w\" sizes=\"auto, (max-width: 600px) 100vw, 600px\" \/><\/p>\n<p>Eduardo Bolsonaro, o filho do presidente eleito, anda atuando mais no exterior do que o chanceler designado. Acaba de voltar do Chile, com elogios ao que considera a melhor economia da Am\u00e9rica Latina.<\/p>\n<p>Tem raz\u00e3o. S\u00f3 erra ao atribuir o sucesso chileno \u00e0 ditadura do general Augusto Pinochet. Quem fez do Chile o que \u00e9 foi a democracia.<!--more--><\/p>\n<p>Nem preciso dizer que ditaduras s\u00e3o sempre nefastas, fa\u00e7am o que fizerem, tenham algum sucesso econ\u00f4mico ou sejam um miser\u00e1vel fracasso como \u00e9 o caso da Venezuela.<\/p>\n<p>N\u00e3o vale, pois, dizer que Pinochet matou, torturou, exilou, fez desaparecer milhares de pessoas, mas arrumou a economia. Bobagem.<\/p>\n<p>Aos n\u00fameros comparativos que importam:<\/p>\n<p>1 &#8211; Crescimento econ\u00f4mico &#8211; De 1973, ano do golpe que entronizou Pinochet, a 1988, ano do plebiscito que vetou sua continuidade, o Chile teve um crescimento interessante, de 54,7%.<\/p>\n<p>Mas, na democracia, a partir de 1990 e por um per\u00edodo equivalente, o crescimento foi mais do que o dobro (exatos 110%).<\/p>\n<p>Consequ\u00eancia inevit\u00e1vel: a renda per capita chilena em 1990, na volta \u00e0 democracia, era igual \u00e0 do Brasil. Quinze anos, passou a ser 60% maior.<\/p>\n<p>Logo, democracia, 1 x Pinochet, 0.<\/p>\n<p>2 &#8211; Desemprego &#8211; Depois de um pico de 25% da popula\u00e7\u00e3o economicamente ativa, o desemprego na ditadura girou em torno de 18%, o triplo do que ocorria nos anos 1960.<\/p>\n<p>O desemprego s\u00f3 voltou a patamares mais civilizados com a democracia. Em outubro deste ano, estava em 7,1%, menos da metade, portanto, dos tr\u00e1gicos \u00edndices do per\u00edodo Pinochet.<\/p>\n<p>Logo, democracia, 2 x Pinochet, 0<\/p>\n<p>3 &#8211; Pobreza e desigualdade &#8211; Nos anos finais da ditadura, a pobreza afetava quase a metade da popula\u00e7\u00e3o chilena. Com a democracia e o investimento p\u00fablico redirecionado para a \u00e1rea social, foi se reduzindo paulatinamente.<\/p>\n<p>Em 2017, afetava 8,6% da popula\u00e7\u00e3o, um dos registros mais baixos da Am\u00e9rica Latina.<\/p>\n<p>J\u00e1 a desigualdade continua a ser uma chaga aberta na sociedade chilena, mas, de todo modo, se reduziu com a democracia. Quando medida pelo coeficiente de Gini (quanto mais perto de 1, maior a desigualdade), passou de 0,46 ao se instalar a ditadura, em 1973, para 0,57 quando a democracia chegou, em 1990.<\/p>\n<p>S\u00f3 em 2015, voltou aos n\u00edveis vigentes antes do golpe (estava ent\u00e3o em 0,48).<\/p>\n<p>Logo, democracia, 3 x Pinochet, 0.<\/p>\n<p>4 &#8211; Pol\u00edtica &#8211; Se a ditadura tivesse sido de fato o sucesso como acreditam os Bolsonaros, Pinochet n\u00e3o teria perdido o plebiscito de 1988 sobre sua continuidade ou n\u00e3o. Tinha tudo na m\u00e3o: absoluto controle dos meios de comunica\u00e7\u00e3o, partidos proscritos, opositores perseguidos, mortos, presos ou exilados.<\/p>\n<p>N\u00e3o obstante, 54,71% dos chilenos preferiram vetar o ditador. No ano seguinte, na elei\u00e7\u00e3o presidencial determinada pelo resultado do plebiscito, nova derrota do pinochetismo: ganhou o oposicionista Patricio Aylwin.<\/p>\n<p>Mais: nas tr\u00eas elei\u00e7\u00f5es presidenciais seguintes, tr\u00eas novas vit\u00f3rias dos oposicionistas, com Eduardo Frei (democrata crist\u00e3o), Ricardo Lagos e Michelle Bachelet (socialistas).<\/p>\n<p>Foi preciso esperar at\u00e9 2010 para que assumisse um presidente conservador, no caso Sebasti\u00e1n Pi\u00f1era. Com um detalhe relevante: ele votara pelo n\u00e3o \u00e0 perman\u00eancia de Pinochet no plebiscito de 88.<\/p>\n<p>S\u00f3 neste quesito, portanto, d\u00e1 democracia, 5 x Pinochet, 0.<\/p>\n<p>5 &#8211; Por fim, reforma da Previd\u00eancia chilena, a que d\u00e1 \u00e1gua na boca dos economistas liberais de Bolsonaro. De fato, a reforma feita pela ditadura ajudou a sanear as contas p\u00fablicas, mas em contrapartida, arruinou as contas privadas (dos aposentados).<\/p>\n<p>O jornal paranaense Gazeta do Povo citou h\u00e1 pouco estudo da Fundaci\u00f3n Sol de 2015 que mostra que quase 91% da popula\u00e7\u00e3o recebia valores inferiores a 150 mil pesos mensais (equivalentes hoje a R$ 851) em um pa\u00eds em que o sal\u00e1rio m\u00ednimo chegava ent\u00e3o a 276 mil pesos (R$ 1.565).<\/p>\n<p>\u00c9 t\u00e3o falho o modelo admirado pelos Bolsonaros que at\u00e9 um governo conservador como o de Pi\u00f1era est\u00e1 propondo modific\u00e1-lo, por meio de projeto em tramita\u00e7\u00e3o no Congresso.<\/p>\n<p>Posto de outra forma: a tenta\u00e7\u00e3o da equipe de Bolsonaro \u00e9 copiar um modelo que est\u00e1 sendo alterado por um motivo bem simples, apontado pela consultoria Eurasia, que n\u00e3o parece fazer parte de alguma conspira\u00e7\u00e3o do marxismo cultural: \u201cAmplo consenso sobre a necessidade de incrementar as pens\u00f5es baixas em meio ao descontentamento do p\u00fablico sugere que a reforma ser\u00e1 aprovada\u201d (relat\u00f3rio divulgada nesta segunda-feira, 17).<\/p>\n<p>O que o governo est\u00e1 propondo \u00e9 criar o que chama de \u201cpilar de solidariedade\u201d para aumentar os fundos para os mais pobres e mudar o sistema de contribui\u00e7\u00f5es individuais gerenciadas por entidades privadas. Os empregadores teriam que contribuir com uma nova taxa (de 4% do sal\u00e1rio de seus funcion\u00e1rios), al\u00e9m dos 10% j\u00e1 pagos atualmente. O custo da reforma, calcula a Eurasia, ficar\u00e1 em cerca de US$ 3,5 bilh\u00f5es (R$ 13,6 bilh\u00f5es).<\/p>\n<p>Tudo somado, nem a reforma de Pinochet \u00e9 modelo a ser admirado.<\/p>\n<p>Cl\u00f3vis Rossi<br \/>\nRep\u00f3rter especial, membro do Conselho Editorial da Folha e vencedor do pr\u00eamio Maria Moors Cabot.<\/p>\n","protected":false},"excerpt":{"rendered":"<p>Eduardo Bolsonaro, o filho do presidente eleito, anda atuando mais no exterior do que o chanceler designado. Acaba de voltar do Chile, com elogios ao que considera a melhor economia da Am\u00e9rica Latina. Tem raz\u00e3o. S\u00f3 erra ao atribuir o sucesso chileno \u00e0 ditadura do general Augusto Pinochet. Quem fez do Chile o que \u00e9&#8230;<a class=\"more-link\" href=\"http:\/\/blogdalucianaoliveira.com.br\/blog\/2018\/12\/18\/foi-a-democracia-que-endireitou-o-chile\/\">Continue a leitura <span class=\"meta-nav\">&raquo;<\/span><\/a><\/p>\n","protected":false},"author":1,"featured_media":0,"comment_status":"closed","ping_status":"open","sticky":false,"template":"","format":"standard","meta":{"_exactmetrics_skip_tracking":false,"_exactmetrics_sitenote_active":false,"_exactmetrics_sitenote_note":"","_exactmetrics_sitenote_category":0,"jetpack_post_was_ever_published":false,"_jetpack_newsletter_access":"","_jetpack_dont_email_post_to_subs":false,"_jetpack_newsletter_tier_id":0,"_jetpack_memberships_contains_paywalled_content":false,"_jetpack_memberships_contains_paid_content":false,"footnotes":"","jetpack_publicize_message":"","jetpack_publicize_feature_enabled":true,"jetpack_social_post_already_shared":true,"jetpack_social_options":{"image_generator_settings":{"template":"highway","enabled":false},"version":2}},"categories":[1],"tags":[],"class_list":["post-19893","post","type-post","status-publish","format-standard","hentry","category-notas"],"jetpack_publicize_connections":[],"jetpack_sharing_enabled":true,"jetpack_featured_media_url":"","jetpack_shortlink":"https:\/\/wp.me\/p7wKYW-5aR","jetpack-related-posts":[],"_links":{"self":[{"href":"http:\/\/blogdalucianaoliveira.com.br\/blog\/wp-json\/wp\/v2\/posts\/19893","targetHints":{"allow":["GET"]}}],"collection":[{"href":"http:\/\/blogdalucianaoliveira.com.br\/blog\/wp-json\/wp\/v2\/posts"}],"about":[{"href":"http:\/\/blogdalucianaoliveira.com.br\/blog\/wp-json\/wp\/v2\/types\/post"}],"author":[{"embeddable":true,"href":"http:\/\/blogdalucianaoliveira.com.br\/blog\/wp-json\/wp\/v2\/users\/1"}],"replies":[{"embeddable":true,"href":"http:\/\/blogdalucianaoliveira.com.br\/blog\/wp-json\/wp\/v2\/comments?post=19893"}],"version-history":[{"count":1,"href":"http:\/\/blogdalucianaoliveira.com.br\/blog\/wp-json\/wp\/v2\/posts\/19893\/revisions"}],"predecessor-version":[{"id":19895,"href":"http:\/\/blogdalucianaoliveira.com.br\/blog\/wp-json\/wp\/v2\/posts\/19893\/revisions\/19895"}],"wp:attachment":[{"href":"http:\/\/blogdalucianaoliveira.com.br\/blog\/wp-json\/wp\/v2\/media?parent=19893"}],"wp:term":[{"taxonomy":"category","embeddable":true,"href":"http:\/\/blogdalucianaoliveira.com.br\/blog\/wp-json\/wp\/v2\/categories?post=19893"},{"taxonomy":"post_tag","embeddable":true,"href":"http:\/\/blogdalucianaoliveira.com.br\/blog\/wp-json\/wp\/v2\/tags?post=19893"}],"curies":[{"name":"wp","href":"https:\/\/api.w.org\/{rel}","templated":true}]}}