{"id":19906,"date":"2018-12-19T06:54:11","date_gmt":"2018-12-19T10:54:11","guid":{"rendered":"http:\/\/blogdalucianaoliveira.com.br\/blog\/?p=19906"},"modified":"2018-12-19T07:15:34","modified_gmt":"2018-12-19T11:15:34","slug":"ro-apos-sete-anos-de-enganacao-area-sao-francisco-e-despejada-pelo-incra","status":"publish","type":"post","link":"http:\/\/blogdalucianaoliveira.com.br\/blog\/2018\/12\/19\/ro-apos-sete-anos-de-enganacao-area-sao-francisco-e-despejada-pelo-incra\/","title":{"rendered":"RO: Ap\u00f3s sete anos de engana\u00e7\u00e3o, \u00c1rea S\u00e3o Francisco \u00e9 despejada pelo Incra"},"content":{"rendered":"<p><img data-recalc-dims=\"1\" loading=\"lazy\" decoding=\"async\" data-attachment-id=\"19908\" data-permalink=\"http:\/\/blogdalucianaoliveira.com.br\/blog\/2018\/12\/19\/ro-apos-sete-anos-de-enganacao-area-sao-francisco-e-despejada-pelo-incra\/e991dd05-e109-411f-9ada-490fad939c5f\/\" data-orig-file=\"https:\/\/i0.wp.com\/blogdalucianaoliveira.com.br\/blog\/wp-content\/uploads\/2018\/12\/E991DD05-E109-411F-9ADA-490FAD939C5F.jpeg?fit=800%2C535\" data-orig-size=\"800,535\" data-comments-opened=\"0\" data-image-meta=\"{&quot;aperture&quot;:&quot;0&quot;,&quot;credit&quot;:&quot;&quot;,&quot;camera&quot;:&quot;&quot;,&quot;caption&quot;:&quot;&quot;,&quot;created_timestamp&quot;:&quot;0&quot;,&quot;copyright&quot;:&quot;&quot;,&quot;focal_length&quot;:&quot;0&quot;,&quot;iso&quot;:&quot;0&quot;,&quot;shutter_speed&quot;:&quot;0&quot;,&quot;title&quot;:&quot;&quot;,&quot;orientation&quot;:&quot;0&quot;}\" data-image-title=\"E991DD05-E109-411F-9ADA-490FAD939C5F\" data-image-description=\"\" data-image-caption=\"\" data-medium-file=\"https:\/\/i0.wp.com\/blogdalucianaoliveira.com.br\/blog\/wp-content\/uploads\/2018\/12\/E991DD05-E109-411F-9ADA-490FAD939C5F.jpeg?fit=300%2C201\" data-large-file=\"https:\/\/i0.wp.com\/blogdalucianaoliveira.com.br\/blog\/wp-content\/uploads\/2018\/12\/E991DD05-E109-411F-9ADA-490FAD939C5F.jpeg?fit=600%2C401\" src=\"https:\/\/i0.wp.com\/blogdalucianaoliveira.com.br\/blog\/wp-content\/uploads\/2018\/12\/E991DD05-E109-411F-9ADA-490FAD939C5F.jpeg?resize=600%2C401\" alt=\"E991DD05-E109-411F-9ADA-490FAD939C5F\" width=\"600\" height=\"401\" class=\"alignnone size-full wp-image-19908\" srcset=\"https:\/\/i0.wp.com\/blogdalucianaoliveira.com.br\/blog\/wp-content\/uploads\/2018\/12\/E991DD05-E109-411F-9ADA-490FAD939C5F.jpeg?w=800 800w, https:\/\/i0.wp.com\/blogdalucianaoliveira.com.br\/blog\/wp-content\/uploads\/2018\/12\/E991DD05-E109-411F-9ADA-490FAD939C5F.jpeg?resize=300%2C201 300w, https:\/\/i0.wp.com\/blogdalucianaoliveira.com.br\/blog\/wp-content\/uploads\/2018\/12\/E991DD05-E109-411F-9ADA-490FAD939C5F.jpeg?resize=768%2C514 768w, https:\/\/i0.wp.com\/blogdalucianaoliveira.com.br\/blog\/wp-content\/uploads\/2018\/12\/E991DD05-E109-411F-9ADA-490FAD939C5F.jpeg?resize=449%2C300 449w\" sizes=\"auto, (max-width: 600px) 100vw, 600px\" \/><\/p>\n<p>Da reda\u00e7\u00e3o da AND &#8211; A Nova Democracia <\/p>\n<p>Chegou \u00e0 reda\u00e7\u00e3o de AND relato de camponeses denunciando a criminosa reintegra\u00e7\u00e3o de posse da \u00c1rea Revolucion\u00e1ria S\u00e3o Francisco, pr\u00f3xima aos munic\u00edpios de Ariquemes e Rio Crespo, em Rond\u00f4nia. <!--more--><\/p>\n<p>A reintegra\u00e7\u00e3o ocorreu no dia 5 de dezembro, por tropas da Companhia de Opera\u00e7\u00f5es Especiais (COE) da Pol\u00edcia Militar do estado. Uma camponesa, em entrevista ao AND, afirmou que o despejo ocorreu em nome de um latifundi\u00e1rio chamado Sebasti\u00e3o, que \u00e9 grileiro de terra p\u00fablica. Ele foi tamb\u00e9m o respons\u00e1vel pelo processo que resultou no despejo da mesma \u00e1rea, em 2012.<\/p>\n<p><img data-recalc-dims=\"1\" loading=\"lazy\" decoding=\"async\" data-attachment-id=\"19907\" data-permalink=\"http:\/\/blogdalucianaoliveira.com.br\/blog\/2018\/12\/19\/ro-apos-sete-anos-de-enganacao-area-sao-francisco-e-despejada-pelo-incra\/eb735d7d-f4c4-400b-ba9c-b722a78b4cb3\/\" data-orig-file=\"https:\/\/i0.wp.com\/blogdalucianaoliveira.com.br\/blog\/wp-content\/uploads\/2018\/12\/EB735D7D-F4C4-400B-BA9C-B722A78B4CB3.jpeg?fit=800%2C535\" data-orig-size=\"800,535\" data-comments-opened=\"0\" data-image-meta=\"{&quot;aperture&quot;:&quot;0&quot;,&quot;credit&quot;:&quot;&quot;,&quot;camera&quot;:&quot;&quot;,&quot;caption&quot;:&quot;&quot;,&quot;created_timestamp&quot;:&quot;0&quot;,&quot;copyright&quot;:&quot;&quot;,&quot;focal_length&quot;:&quot;0&quot;,&quot;iso&quot;:&quot;0&quot;,&quot;shutter_speed&quot;:&quot;0&quot;,&quot;title&quot;:&quot;&quot;,&quot;orientation&quot;:&quot;0&quot;}\" data-image-title=\"EB735D7D-F4C4-400B-BA9C-B722A78B4CB3\" data-image-description=\"\" data-image-caption=\"\" data-medium-file=\"https:\/\/i0.wp.com\/blogdalucianaoliveira.com.br\/blog\/wp-content\/uploads\/2018\/12\/EB735D7D-F4C4-400B-BA9C-B722A78B4CB3.jpeg?fit=300%2C201\" data-large-file=\"https:\/\/i0.wp.com\/blogdalucianaoliveira.com.br\/blog\/wp-content\/uploads\/2018\/12\/EB735D7D-F4C4-400B-BA9C-B722A78B4CB3.jpeg?fit=600%2C401\" src=\"https:\/\/i0.wp.com\/blogdalucianaoliveira.com.br\/blog\/wp-content\/uploads\/2018\/12\/EB735D7D-F4C4-400B-BA9C-B722A78B4CB3.jpeg?resize=600%2C401\" alt=\"EB735D7D-F4C4-400B-BA9C-B722A78B4CB3\" width=\"600\" height=\"401\" class=\"alignnone size-full wp-image-19907\" srcset=\"https:\/\/i0.wp.com\/blogdalucianaoliveira.com.br\/blog\/wp-content\/uploads\/2018\/12\/EB735D7D-F4C4-400B-BA9C-B722A78B4CB3.jpeg?w=800 800w, https:\/\/i0.wp.com\/blogdalucianaoliveira.com.br\/blog\/wp-content\/uploads\/2018\/12\/EB735D7D-F4C4-400B-BA9C-B722A78B4CB3.jpeg?resize=300%2C201 300w, https:\/\/i0.wp.com\/blogdalucianaoliveira.com.br\/blog\/wp-content\/uploads\/2018\/12\/EB735D7D-F4C4-400B-BA9C-B722A78B4CB3.jpeg?resize=768%2C514 768w, https:\/\/i0.wp.com\/blogdalucianaoliveira.com.br\/blog\/wp-content\/uploads\/2018\/12\/EB735D7D-F4C4-400B-BA9C-B722A78B4CB3.jpeg?resize=449%2C300 449w\" sizes=\"auto, (max-width: 600px) 100vw, 600px\" \/><\/p>\n<p>O latif\u00fandio e o velho Estado destru\u00edram casas de cerca de 150 pessoas, com cerca de 420 alqueires com farta e diversa produ\u00e7\u00e3o. \u201c\u00c9 humilhante ver tudo que voc\u00ea tem sendo arrancado.\u201d, relatou a camponesa. As galinhas e outras cria\u00e7\u00f5es dos camponeses foram abandonados pelo Incra, que n\u00e3o quis carreg\u00e1-los, assim como toda a produ\u00e7\u00e3o. A camponesa recorda que o milho, por exemplo, estava pronto para a colheita, mas nada puderam fazer.<\/p>\n<p>Por experi\u00eancia pr\u00f3pria dos camponeses, o grileiro Sebasti\u00e3o, herdeiro do falecido latifundi\u00e1rio Daniel Roberto Stivani, pouco se preocupa em produzir nas terras onde ocorreu o despejo, algo exposto em suas entrevistas na mat\u00e9ria recentemente publicada em nosso Portal: Amea\u00e7ados de despejo, camponeses da \u00c1rea S\u00e3o Francisco abandonam ilus\u00e3o e persistem na luta.<\/p>\n<p>Os camponeses, que foram visitados por uma equipe de AND em outubro deste ano, deram v\u00e1rios relatos sobre a luta que travam pela terra. \u201cSe a gente n\u00e3o tivesse ocupado de novo teria tudo morrido de fome, foram quase dois anos sem receber nenhuma cesta b\u00e1sica\u201d, comenta um campon\u00eas em uma das entrevistas, na ocasi\u00e3o.<\/p>\n<p>Eles foram enganados pelo Incra que, em 2012, prometeu que seriam assentados em uma terra. Eles acreditaram e passaram sete anos vivendo na mis\u00e9ria no acostamento de uma rodovia estadual, perdendo seus poucos bens como arm\u00e1rios, guarda-roupas e outros objetivos. Um dos camponeses morreu de tristeza, segundo sua esposa. O assunto ainda toca o sentimento dos camponeses, num misto de tristeza e raiva.<\/p>\n<p>O Instituto de Coloniza\u00e7\u00e3o e Reforma Agr\u00e1ria (Incra), durante a reintegra\u00e7\u00e3o do dia 5, fez nova promessa de assentar os camponeses em no m\u00e1ximo quatro meses na mesma terra. Mas, a camponesa desconfia: \u201cDa \u00faltima vez que disseram isso n\u00f3s esperamos por sete anos\u201d. E arremata: \u201cSe vai dar a terra, para que tirar o povo? \u00c9 isso que est\u00e1 mal explicado\u201d.<\/p>\n<p>Os camponeses, entretanto, depois de anos de luta, sabem que n\u00e3o devem acreditar nos \u00f3rg\u00e3os do velho Estado. \u201cNo Incra n\u00e3o d\u00e1 pra confiar, n\u00f3s temos que confiar no nosso trabalho e no nosso povo.\u201d, comentou um dos camponeses durante \u00e0 visita da equipe de AND na \u00e1rea.<\/p>\n<p>Para conhecer mais da hist\u00f3ria da \u00c1rea e da luta destes camponeses, acesse a mat\u00e9ria acima citada clicando aqui.<\/p>\n<div class=\"jetpack-video-wrapper\"><iframe loading=\"lazy\" title=\"Caminho da luta pela terra em Rond\u00f4nia (Parte II) - A resist\u00eancia da \u00c1rea S\u00e3o Francisco\" width=\"600\" height=\"338\" src=\"https:\/\/www.youtube.com\/embed\/KbFUdUlnjj8?feature=oembed\" frameborder=\"0\" allow=\"accelerometer; autoplay; clipboard-write; encrypted-media; gyroscope; picture-in-picture; web-share\" referrerpolicy=\"strict-origin-when-cross-origin\" allowfullscreen><\/iframe><\/div>\n","protected":false},"excerpt":{"rendered":"<p>Da reda\u00e7\u00e3o da AND &#8211; A Nova Democracia Chegou \u00e0 reda\u00e7\u00e3o de AND relato de camponeses denunciando a criminosa reintegra\u00e7\u00e3o de posse da \u00c1rea Revolucion\u00e1ria S\u00e3o Francisco, pr\u00f3xima aos munic\u00edpios de Ariquemes e Rio Crespo, em Rond\u00f4nia.<\/p>\n","protected":false},"author":1,"featured_media":0,"comment_status":"closed","ping_status":"open","sticky":false,"template":"","format":"standard","meta":{"_exactmetrics_skip_tracking":false,"_exactmetrics_sitenote_active":false,"_exactmetrics_sitenote_note":"","_exactmetrics_sitenote_category":0,"jetpack_post_was_ever_published":false,"_jetpack_newsletter_access":"","_jetpack_dont_email_post_to_subs":false,"_jetpack_newsletter_tier_id":0,"_jetpack_memberships_contains_paywalled_content":false,"_jetpack_memberships_contains_paid_content":false,"footnotes":"","jetpack_publicize_message":"","jetpack_publicize_feature_enabled":true,"jetpack_social_post_already_shared":true,"jetpack_social_options":{"image_generator_settings":{"template":"highway","enabled":false},"version":2}},"categories":[1],"tags":[],"class_list":["post-19906","post","type-post","status-publish","format-standard","hentry","category-notas"],"jetpack_publicize_connections":[],"jetpack_sharing_enabled":true,"jetpack_featured_media_url":"","jetpack_shortlink":"https:\/\/wp.me\/p7wKYW-5b4","jetpack-related-posts":[],"_links":{"self":[{"href":"http:\/\/blogdalucianaoliveira.com.br\/blog\/wp-json\/wp\/v2\/posts\/19906","targetHints":{"allow":["GET"]}}],"collection":[{"href":"http:\/\/blogdalucianaoliveira.com.br\/blog\/wp-json\/wp\/v2\/posts"}],"about":[{"href":"http:\/\/blogdalucianaoliveira.com.br\/blog\/wp-json\/wp\/v2\/types\/post"}],"author":[{"embeddable":true,"href":"http:\/\/blogdalucianaoliveira.com.br\/blog\/wp-json\/wp\/v2\/users\/1"}],"replies":[{"embeddable":true,"href":"http:\/\/blogdalucianaoliveira.com.br\/blog\/wp-json\/wp\/v2\/comments?post=19906"}],"version-history":[{"count":2,"href":"http:\/\/blogdalucianaoliveira.com.br\/blog\/wp-json\/wp\/v2\/posts\/19906\/revisions"}],"predecessor-version":[{"id":19910,"href":"http:\/\/blogdalucianaoliveira.com.br\/blog\/wp-json\/wp\/v2\/posts\/19906\/revisions\/19910"}],"wp:attachment":[{"href":"http:\/\/blogdalucianaoliveira.com.br\/blog\/wp-json\/wp\/v2\/media?parent=19906"}],"wp:term":[{"taxonomy":"category","embeddable":true,"href":"http:\/\/blogdalucianaoliveira.com.br\/blog\/wp-json\/wp\/v2\/categories?post=19906"},{"taxonomy":"post_tag","embeddable":true,"href":"http:\/\/blogdalucianaoliveira.com.br\/blog\/wp-json\/wp\/v2\/tags?post=19906"}],"curies":[{"name":"wp","href":"https:\/\/api.w.org\/{rel}","templated":true}]}}