{"id":19911,"date":"2018-12-19T11:52:00","date_gmt":"2018-12-19T15:52:00","guid":{"rendered":"http:\/\/blogdalucianaoliveira.com.br\/blog\/?p=19911"},"modified":"2018-12-19T11:52:44","modified_gmt":"2018-12-19T15:52:44","slug":"juizes-provaram-que-nao-tem-interesse-em-acabar-com-privilegios","status":"publish","type":"post","link":"http:\/\/blogdalucianaoliveira.com.br\/blog\/2018\/12\/19\/juizes-provaram-que-nao-tem-interesse-em-acabar-com-privilegios\/","title":{"rendered":"Ju\u00edzes provaram que n\u00e3o t\u00eam interesse em acabar com privil\u00e9gios"},"content":{"rendered":"<p><img data-recalc-dims=\"1\" loading=\"lazy\" decoding=\"async\" data-attachment-id=\"19912\" data-permalink=\"http:\/\/blogdalucianaoliveira.com.br\/blog\/2018\/12\/19\/juizes-provaram-que-nao-tem-interesse-em-acabar-com-privilegios\/3b0623bc-5eae-4f0b-83c8-dfcf5d77de75\/\" data-orig-file=\"https:\/\/i0.wp.com\/blogdalucianaoliveira.com.br\/blog\/wp-content\/uploads\/2018\/12\/3B0623BC-5EAE-4F0B-83C8-DFCF5D77DE75.png?fit=810%2C450\" data-orig-size=\"810,450\" data-comments-opened=\"0\" data-image-meta=\"{&quot;aperture&quot;:&quot;0&quot;,&quot;credit&quot;:&quot;&quot;,&quot;camera&quot;:&quot;&quot;,&quot;caption&quot;:&quot;&quot;,&quot;created_timestamp&quot;:&quot;0&quot;,&quot;copyright&quot;:&quot;&quot;,&quot;focal_length&quot;:&quot;0&quot;,&quot;iso&quot;:&quot;0&quot;,&quot;shutter_speed&quot;:&quot;0&quot;,&quot;title&quot;:&quot;&quot;,&quot;orientation&quot;:&quot;0&quot;}\" data-image-title=\"3B0623BC-5EAE-4F0B-83C8-DFCF5D77DE75\" data-image-description=\"\" data-image-caption=\"\" data-medium-file=\"https:\/\/i0.wp.com\/blogdalucianaoliveira.com.br\/blog\/wp-content\/uploads\/2018\/12\/3B0623BC-5EAE-4F0B-83C8-DFCF5D77DE75.png?fit=300%2C167\" data-large-file=\"https:\/\/i0.wp.com\/blogdalucianaoliveira.com.br\/blog\/wp-content\/uploads\/2018\/12\/3B0623BC-5EAE-4F0B-83C8-DFCF5D77DE75.png?fit=600%2C333\" src=\"https:\/\/i0.wp.com\/blogdalucianaoliveira.com.br\/blog\/wp-content\/uploads\/2018\/12\/3B0623BC-5EAE-4F0B-83C8-DFCF5D77DE75.png?resize=600%2C333\" alt=\"3B0623BC-5EAE-4F0B-83C8-DFCF5D77DE75\" width=\"600\" height=\"333\" class=\"alignnone size-full wp-image-19912\" srcset=\"https:\/\/i0.wp.com\/blogdalucianaoliveira.com.br\/blog\/wp-content\/uploads\/2018\/12\/3B0623BC-5EAE-4F0B-83C8-DFCF5D77DE75.png?w=810 810w, https:\/\/i0.wp.com\/blogdalucianaoliveira.com.br\/blog\/wp-content\/uploads\/2018\/12\/3B0623BC-5EAE-4F0B-83C8-DFCF5D77DE75.png?resize=300%2C167 300w, https:\/\/i0.wp.com\/blogdalucianaoliveira.com.br\/blog\/wp-content\/uploads\/2018\/12\/3B0623BC-5EAE-4F0B-83C8-DFCF5D77DE75.png?resize=768%2C427 768w, https:\/\/i0.wp.com\/blogdalucianaoliveira.com.br\/blog\/wp-content\/uploads\/2018\/12\/3B0623BC-5EAE-4F0B-83C8-DFCF5D77DE75.png?resize=540%2C300 540w\" sizes=\"auto, (max-width: 600px) 100vw, 600px\" \/><\/p>\n<p>A cria\u00e7\u00e3o de novas regras para o pagamento de aux\u00edlio-moradia para ju\u00edzes \u00e9 o desfecho de uma novela indecorosa. Apesar de estabelecer padr\u00f5es relativamente r\u00edgidos para o benef\u00edcio, o Judici\u00e1rio provou que est\u00e1 pouco interessado em extinguir sua cultura de privil\u00e9gios.<!--more--><\/p>\n<p>Numa trama de negocia\u00e7\u00f5es sigilosas e chantagens escancaradas, o Conselho Nacional de Justi\u00e7a levou 1.555 dias para reconhecer o \u00f3bvio: s\u00f3 pode receber o valor extra aquele juiz que \u00e9 transferido de sua comarca original, desde que n\u00e3o tenha im\u00f3vel pr\u00f3prio no novo local.<\/p>\n<p>O colegiado ainda deu ares de austeridade ao aplicar uma exig\u00eancia que deveria ser uma condi\u00e7\u00e3o moral para qualquer uso de dinheiro p\u00fablico, que \u00e9 a obrigatoriedade de apresenta\u00e7\u00e3o de um documento que comprove a despesa do magistrado com o aluguel.<\/p>\n<p>O papel de vil\u00e3o cabe ao ministro Luiz Fux. Em 2014, ele assinou a liminar que liberou o pagamento do aux\u00edlio a toda a magistratura. O argumento original era a necessidade de equipara\u00e7\u00e3o dos benef\u00edcios recebidos em alguns estados e por outras categorias. Anos depois, comprovou-se que era papo furado.<\/p>\n<p>A canetada de Fux foi usada de maneira escancarada para pressionar o Congresso e o presidente da Rep\u00fablica a autorizarem o aumento salarial de 16,38% cobrado pelo Judici\u00e1rio. Ele mesmo teve uma reuni\u00e3o reservada com Michel Temer para negociar a troca: assim que o reajuste saiu, o ministro derrubou o benef\u00edcio e o CNJ estabeleceu as novas regras para o pagamento.<\/p>\n<p>O relator do caso ainda fez quest\u00e3o de manter uma brecha. Afirmou que o aux\u00edlio n\u00e3o era um \u201cprivil\u00e9gio irrazo\u00e1vel\u201d e se recusou a declar\u00e1-lo inconstitucional. Este detalhe permite que as restri\u00e7\u00f5es ao benef\u00edcio sejam questionadas no futuro e novas liminares sejam concedidas.<\/p>\n<p>O Judici\u00e1rio tamb\u00e9m enfrenta cobran\u00e7as pela extin\u00e7\u00e3o e regulamenta\u00e7\u00e3o de outros penduricalhos, como o aux\u00edlio-alimenta\u00e7\u00e3o. Em quatro anos, talvez os ju\u00edzes possam fingir disposi\u00e7\u00e3o para enfrentar o tema.<\/p>\n<p>Da FSP<\/p>\n","protected":false},"excerpt":{"rendered":"<p>A cria\u00e7\u00e3o de novas regras para o pagamento de aux\u00edlio-moradia para ju\u00edzes \u00e9 o desfecho de uma novela indecorosa. Apesar de estabelecer padr\u00f5es relativamente r\u00edgidos para o benef\u00edcio, o Judici\u00e1rio provou que est\u00e1 pouco interessado em extinguir sua cultura de privil\u00e9gios.<\/p>\n","protected":false},"author":1,"featured_media":0,"comment_status":"closed","ping_status":"open","sticky":false,"template":"","format":"standard","meta":{"_exactmetrics_skip_tracking":false,"_exactmetrics_sitenote_active":false,"_exactmetrics_sitenote_note":"","_exactmetrics_sitenote_category":0,"jetpack_post_was_ever_published":false,"_jetpack_newsletter_access":"","_jetpack_dont_email_post_to_subs":false,"_jetpack_newsletter_tier_id":0,"_jetpack_memberships_contains_paywalled_content":false,"_jetpack_memberships_contains_paid_content":false,"footnotes":"","jetpack_publicize_message":"","jetpack_publicize_feature_enabled":true,"jetpack_social_post_already_shared":true,"jetpack_social_options":{"image_generator_settings":{"template":"highway","enabled":false},"version":2}},"categories":[1],"tags":[],"class_list":["post-19911","post","type-post","status-publish","format-standard","hentry","category-notas"],"jetpack_publicize_connections":[],"jetpack_sharing_enabled":true,"jetpack_featured_media_url":"","jetpack_shortlink":"https:\/\/wp.me\/p7wKYW-5b9","jetpack-related-posts":[],"_links":{"self":[{"href":"http:\/\/blogdalucianaoliveira.com.br\/blog\/wp-json\/wp\/v2\/posts\/19911","targetHints":{"allow":["GET"]}}],"collection":[{"href":"http:\/\/blogdalucianaoliveira.com.br\/blog\/wp-json\/wp\/v2\/posts"}],"about":[{"href":"http:\/\/blogdalucianaoliveira.com.br\/blog\/wp-json\/wp\/v2\/types\/post"}],"author":[{"embeddable":true,"href":"http:\/\/blogdalucianaoliveira.com.br\/blog\/wp-json\/wp\/v2\/users\/1"}],"replies":[{"embeddable":true,"href":"http:\/\/blogdalucianaoliveira.com.br\/blog\/wp-json\/wp\/v2\/comments?post=19911"}],"version-history":[{"count":2,"href":"http:\/\/blogdalucianaoliveira.com.br\/blog\/wp-json\/wp\/v2\/posts\/19911\/revisions"}],"predecessor-version":[{"id":19914,"href":"http:\/\/blogdalucianaoliveira.com.br\/blog\/wp-json\/wp\/v2\/posts\/19911\/revisions\/19914"}],"wp:attachment":[{"href":"http:\/\/blogdalucianaoliveira.com.br\/blog\/wp-json\/wp\/v2\/media?parent=19911"}],"wp:term":[{"taxonomy":"category","embeddable":true,"href":"http:\/\/blogdalucianaoliveira.com.br\/blog\/wp-json\/wp\/v2\/categories?post=19911"},{"taxonomy":"post_tag","embeddable":true,"href":"http:\/\/blogdalucianaoliveira.com.br\/blog\/wp-json\/wp\/v2\/tags?post=19911"}],"curies":[{"name":"wp","href":"https:\/\/api.w.org\/{rel}","templated":true}]}}