{"id":19915,"date":"2018-12-19T12:00:55","date_gmt":"2018-12-19T16:00:55","guid":{"rendered":"http:\/\/blogdalucianaoliveira.com.br\/blog\/?p=19915"},"modified":"2018-12-19T12:00:55","modified_gmt":"2018-12-19T16:00:55","slug":"militares-burocratas-politicos-profissionais-quem-e-quem-no-governo-bolsonaro","status":"publish","type":"post","link":"http:\/\/blogdalucianaoliveira.com.br\/blog\/2018\/12\/19\/militares-burocratas-politicos-profissionais-quem-e-quem-no-governo-bolsonaro\/","title":{"rendered":"Militares, burocratas, pol\u00edticos profissionais: quem \u00e9 quem no governo Bolsonaro"},"content":{"rendered":"<p><img data-recalc-dims=\"1\" loading=\"lazy\" decoding=\"async\" data-attachment-id=\"19916\" data-permalink=\"http:\/\/blogdalucianaoliveira.com.br\/blog\/2018\/12\/19\/militares-burocratas-politicos-profissionais-quem-e-quem-no-governo-bolsonaro\/c5853519-6869-4d7d-a28f-e6dd21d18d10\/\" data-orig-file=\"https:\/\/i0.wp.com\/blogdalucianaoliveira.com.br\/blog\/wp-content\/uploads\/2018\/12\/C5853519-6869-4D7D-A28F-E6DD21D18D10.jpeg?fit=640%2C459\" data-orig-size=\"640,459\" data-comments-opened=\"0\" data-image-meta=\"{&quot;aperture&quot;:&quot;0&quot;,&quot;credit&quot;:&quot;&quot;,&quot;camera&quot;:&quot;&quot;,&quot;caption&quot;:&quot;&quot;,&quot;created_timestamp&quot;:&quot;0&quot;,&quot;copyright&quot;:&quot;&quot;,&quot;focal_length&quot;:&quot;0&quot;,&quot;iso&quot;:&quot;0&quot;,&quot;shutter_speed&quot;:&quot;0&quot;,&quot;title&quot;:&quot;&quot;,&quot;orientation&quot;:&quot;0&quot;}\" data-image-title=\"C5853519-6869-4D7D-A28F-E6DD21D18D10\" data-image-description=\"\" data-image-caption=\"\" data-medium-file=\"https:\/\/i0.wp.com\/blogdalucianaoliveira.com.br\/blog\/wp-content\/uploads\/2018\/12\/C5853519-6869-4D7D-A28F-E6DD21D18D10.jpeg?fit=300%2C215\" data-large-file=\"https:\/\/i0.wp.com\/blogdalucianaoliveira.com.br\/blog\/wp-content\/uploads\/2018\/12\/C5853519-6869-4D7D-A28F-E6DD21D18D10.jpeg?fit=600%2C430\" class=\"alignnone size-full wp-image-19916\" src=\"https:\/\/i0.wp.com\/blogdalucianaoliveira.com.br\/blog\/wp-content\/uploads\/2018\/12\/C5853519-6869-4D7D-A28F-E6DD21D18D10.jpeg?resize=600%2C430\" alt=\"C5853519-6869-4D7D-A28F-E6DD21D18D10\" width=\"600\" height=\"430\" srcset=\"https:\/\/i0.wp.com\/blogdalucianaoliveira.com.br\/blog\/wp-content\/uploads\/2018\/12\/C5853519-6869-4D7D-A28F-E6DD21D18D10.jpeg?w=640 640w, https:\/\/i0.wp.com\/blogdalucianaoliveira.com.br\/blog\/wp-content\/uploads\/2018\/12\/C5853519-6869-4D7D-A28F-E6DD21D18D10.jpeg?resize=300%2C215 300w, https:\/\/i0.wp.com\/blogdalucianaoliveira.com.br\/blog\/wp-content\/uploads\/2018\/12\/C5853519-6869-4D7D-A28F-E6DD21D18D10.jpeg?resize=418%2C300 418w\" sizes=\"auto, (max-width: 600px) 100vw, 600px\" \/><\/p>\n<p>F\u00f3rmula de composi\u00e7\u00e3o dos minist\u00e9rios podem ser entrave para obten\u00e7\u00e3o de apoio pol\u00edtico<!--more--><\/p>\n<p>Rafael Tatemoto<br \/>\nBrasil de Fato<\/p>\n<p>Ao anunciar o futuro ministro do Meio Ambiente, o presidente eleito Jair Bolsonaro (PSL) completou a configura\u00e7\u00e3o do primeiro escal\u00e3o do pr\u00f3ximo governo.<\/p>\n<p>A Esplanada ter\u00e1 22 minist\u00e9rios, ocupados por representantes de diversos setores conservadores, como ruralistas, fundamentalistas religiosos, ex-integrantes da opera\u00e7\u00e3o Lava Jato e, tal como o pr\u00f3prio presidente, militares. Para especialistas, o m\u00e9todo pelo qual o primeiro escal\u00e3o do governo foi definido poder\u00e1 trazer dificuldades de articula\u00e7\u00e3o pol\u00edtica para Bolsonaro.<\/p>\n<p>Oswaldo Amaral, professor de Ci\u00eancia Pol\u00edtica da Unicamp, aponta que a composi\u00e7\u00e3o ministerial, aliada ao cen\u00e1rio pol\u00edtico, indica que o governo Bolsonaro ser\u00e1 o mais conservador desde a redemocratiza\u00e7\u00e3o.<\/p>\n<p>\u201cMesmo o governo Collor n\u00e3o foi t\u00e3o conservador, at\u00e9 mesmo porque saia do processo da constituinte. Eram outras for\u00e7as, havia um centro mais forte. Hoje o centro est\u00e1 acabado, isso permite que se fa\u00e7a uma inflex\u00e3o \u00e0 direita\u201d, afirma.<\/p>\n<p>Em rela\u00e7\u00e3o \u00e0s escolhas ministeriais, Amaral aponta para o fato de que Bolsonaro n\u00e3o utilizou o m\u00e9todo de negocia\u00e7\u00e3o partid\u00e1ria em busca de apoio parlamentar para projetos legislativos do Executivo. Segundo ele, o novo governo optou por privilegiar a articula\u00e7\u00e3o com bancadas tem\u00e1ticas supra-partid\u00e1rias, citando, por exemplo, a proemin\u00eancia da bancada fundamentalista crist\u00e3 e a proximidade com os interesses do agroneg\u00f3cio.<\/p>\n<p>\u201cS\u00e3o agendas simples do ponto de vista conservador. \u00c9 poss\u00edvel aprovar algumas medidas que sejam consenso entre essas bancadas suprapartid\u00e1rias\u201d, diz.<\/p>\n<p>Por outro lado, agendas complexas, fora do eixo de atua\u00e7\u00e3o de cada uma das bancadas tem\u00e1ticas, podem enfrentar resist\u00eancia no Congresso. Andr\u00e9a Freitas, tamb\u00e9m professora de Ci\u00eancia Pol\u00edtica na Unicamp e pesquisadora do Centro Brasileiro de An\u00e1lise e Planejamento (Cebrap), defende que, em rela\u00e7\u00e3o ao Parlamento\u00a0as negocia\u00e7\u00f5es se deram diretamente com a bancada BBB &#8211; \u201cboi, b\u00edblia e bala\u201d &#8211; e entende que a resist\u00eancia articulada por lideran\u00e7as partid\u00e1rias j\u00e1 est\u00e1, na verdade ocorrendo.<\/p>\n<p>\u201cOs problemas que decorrem disso j\u00e1 est\u00e3o acontecendo: por exemplo, uma certa m\u00e1-vontade do atual Congresso com ele. Embora o Congresso novo ser\u00e1 diferente, os partidos que est\u00e3o no atual estar\u00e3o no pr\u00f3ximo. H\u00e1 uma certa continuidade que se d\u00e1 atrav\u00e9s dos partidos\u201d, analisa.<\/p>\n<p>Ela menciona a vota\u00e7\u00e3o das chamadas \u00a0\u201cpautas bomba\u201d, que comprometem o Or\u00e7amento de 2019, como alerta ao pr\u00f3ximo governo\u00a0de que ele ainda n\u00e3o obteve o apoio autom\u00e1tico dos partidos: \u201cTalvez seja exatamente isso o que o governo Bolsonaro n\u00e3o se deu conta. Os partidos atuam coletivamente, inclusive porque t\u00eam mecanismos institucionais &#8211; distribuem cargos no Legislativo, h\u00e1 uma s\u00e9rie de recursos \u00e0 disposi\u00e7\u00e3o dos l\u00edderes partid\u00e1rios&#8217;\u00a0\u00a0que fazem com que os partidos votem juntos\u201d.<\/p>\n<p>As bancadas tem\u00e1ticas, lembra Freitas, n\u00e3o disp\u00f5em dos mesmos mecanismos para a manuten\u00e7\u00e3o da coes\u00e3o e fidelidade de seus integrantes para al\u00e9m dos interesses que os comungam.<\/p>\n<p>\u201cAs bancadas suprapartid\u00e1rias, embora sejam muito fortes na negocia\u00e7\u00e3o dos seus interesses espec\u00edficos, n\u00e3o s\u00e3o bancadas que regularmente atuam juntas e n\u00e3o h\u00e1 mecanismos para manter esses parlamentares unidos por todo o tempo\u201d, explica.<\/p>\n<p>Os dois professores citam as pautas econ\u00f4micas complexas que podem gerar desgaste dos parlamentares junto ao eleitorado, como reforma da Previd\u00eancia e privatiza\u00e7\u00f5es, como potenciais temas que o futuro governo poder\u00e1 ter problemas para obter apoio.\u00a0Os dois temas s\u00e3o parte central da agenda econ\u00f4mica do conjunto de ministros alinhados ao chefe da Economia, Paulo Guedes, o que pode gerar contradi\u00e7\u00f5es entre Executivo e Legislativo e at\u00e9 mesmo tens\u00f5es dentro do governo.<\/p>\n<p>Al\u00e9m das negocia\u00e7\u00f5es com as bancadas tem\u00e1ticas, outra grande parte dos minist\u00e9rios foi destinada a militares, o que tamb\u00e9m reduz a capacidade de galgar base parlamentar, ainda que outros m\u00e9todos possam ser desenvolvidos para tanto.<\/p>\n<p>O esquema abaixo apresenta, mais do que o organograma do novo governo, a aglutina\u00e7\u00e3o tem\u00e1tica por setores pol\u00edticos, sociais e ideol\u00f3gicos:<\/p>\n<p><img data-recalc-dims=\"1\" decoding=\"async\" src=\"https:\/\/i0.wp.com\/farm5.staticflickr.com\/4843\/45467558975_75c74f9e91_o.png?w=600&#038;ssl=1\" alt=\"\" \/><\/p>\n<p><strong>Veja abaixo uma lista completa da equipe de Bolsonaro<\/strong><\/p>\n<p class=\"ckeditor-subtitle\" dir=\"ltr\">\n<p class=\"ckeditor-subtitle\" dir=\"ltr\"><strong>Ruralistas<\/strong><\/p>\n<table border=\"1\" cellspacing=\"0\" cellpadding=\"1\" align=\"left\">\n<tbody>\n<tr>\n<td><img data-recalc-dims=\"1\" decoding=\"async\" src=\"https:\/\/i0.wp.com\/trello-attachments.s3.amazonaws.com\/55ad1f286e6da3af560bd774\/5c19455405ddd979031ab7e2\/aec6c9eac3ef2bdf7f8df9fbc9d2d43b\/TEREZA-CRISTINA-CORREA-DA-COSTA-DIAS.png?w=600&#038;ssl=1\" alt=\"TEREZA-CRISTINA-CORREA-DA-COSTA-DIAS.png\" \/><\/td>\n<\/tr>\n<\/tbody>\n<\/table>\n<p dir=\"ltr\"><strong>1) Deputada Tereza Cristina (DEM) \u2013 \u00a0Agricultura:\u00a0<\/strong>Presidenta da Frente Parlamentar Agropecu\u00e1ria, representa\u00e7\u00e3o pol\u00edtico-institucional do agroneg\u00f3cio, foi a principal articuladora de Projeto de Lei que flexibiliza a libera\u00e7\u00e3o de novos agrot\u00f3xicos no Brasil, fato que lhe rendeu o apelido de \u201cMusa do Veneno\u201d. Quando secret\u00e1ria no Mato Grosso do Sul, concedeu incentivos fiscais \u00e0 JBS, empresa que fez doa\u00e7\u00f5es eleitorais \u00e0 sua candidatura e com a qual mantinha rela\u00e7\u00f5es de parceria comercial.<\/p>\n<table border=\"1\" cellspacing=\"1\" cellpadding=\"1\" align=\"right\">\n<tbody>\n<tr>\n<td><img data-recalc-dims=\"1\" decoding=\"async\" src=\"https:\/\/i0.wp.com\/trello-attachments.s3.amazonaws.com\/55ad1f286e6da3af560bd774\/5c19455405ddd979031ab7e2\/266f62f3089d38465a7c8e8341884aae\/Luiz-Antonio-Nabhan-Garcia.png?w=600&#038;ssl=1\" alt=\"Luiz-Antonio-Nabhan-Garcia.png\" \/><\/td>\n<\/tr>\n<\/tbody>\n<\/table>\n<p dir=\"ltr\"><strong>a) Luiz Antonio Nabhan Garcia \u2013 Secretaria Especial de Assuntos Fundi\u00e1rios:\u00a0<\/strong>Atual presidente da Uni\u00e3o Democr\u00e1tica Ruralista (UDR), entidade criada nos anos 80 reunindo propriet\u00e1rios rurais e tendo com pauta o enfrentamento aos movimentos populares no campo e marcada por epis\u00f3dios de viol\u00eancia. J\u00e1 respondeu em CPMI por suspeita\u00a0de porte ilegal de armas, contrabando e organiza\u00e7\u00e3o de mil\u00edcias privadas. Dever\u00e1 comandar todas pol\u00edticas relacionadas \u00e0 reforma agr\u00e1ria.<\/p>\n<table border=\"1\" cellspacing=\"1\" cellpadding=\"1\" align=\"left\">\n<tbody>\n<tr>\n<td><img data-recalc-dims=\"1\" decoding=\"async\" src=\"https:\/\/i0.wp.com\/trello-attachments.s3.amazonaws.com\/55ad1f286e6da3af560bd774\/5c19455405ddd979031ab7e2\/9da9f8d44db6d9fb66c0e4249fe63dc0\/Ricardo-Salles-.png?w=600&#038;ssl=1\" alt=\"\" \/><\/td>\n<\/tr>\n<\/tbody>\n<\/table>\n<p><strong>2) Ricardo Salles \u2013 Meio Ambiente\u00a0<\/strong>Advogado n\u00e3o ligado formalmente a entidades ruralistas. L\u00edder da organiza\u00e7\u00e3o Endireita Brasil. Ter\u00e1 como miss\u00e3o, segundo Bolsonaro, se aproximar dos ruralistas e acabar com a \u201cind\u00fastria da multa ao setor produtivo\u201d. Investigado por fraude ambiental enquanto secret\u00e1rio do mesmo tema no governo Geraldo Alckmin (PSDB), j\u00e1 defendeu o uso de muni\u00e7\u00e3o de fuzil contra o Movimento dos Trabalhadores Rurais Sem Terra (MST).<\/p>\n<p>&nbsp;<\/p>\n<p class=\"ckeditor-subtitle\">Evang\u00e9licos<\/p>\n<table border=\"1\" cellspacing=\"0\" cellpadding=\"1\" align=\"left\">\n<tbody>\n<tr>\n<td><img data-recalc-dims=\"1\" decoding=\"async\" src=\"https:\/\/i0.wp.com\/trello-attachments.s3.amazonaws.com\/55ad1f286e6da3af560bd774\/5c19455405ddd979031ab7e2\/4e3254f9b540204562fcb03204b7e2b2\/Damares-Alves.png?w=600&#038;ssl=1\" alt=\"\" \/><\/td>\n<\/tr>\n<\/tbody>\n<\/table>\n<p dir=\"ltr\"><strong>1) Damares Alves &#8211; Mulheres, Fam\u00edlia e Direitos Humanos:\u00a0<\/strong>Ex-assessora do senador Magno Malta, pastora e advogada. Conhecida por afirmar que \u201cmulher nasceu para ser m\u00e3e\u201d e que chegou o momento das igrejas governarem o pa\u00eds.<\/p>\n<p class=\"ckeditor-subtitle\">\n<p class=\"ckeditor-subtitle\">Indicados por Olavo de Carvalho<\/p>\n<table border=\"1\" cellspacing=\"1\" cellpadding=\"1\" align=\"right\">\n<tbody>\n<tr>\n<td><img data-recalc-dims=\"1\" decoding=\"async\" src=\"https:\/\/i0.wp.com\/trello-attachments.s3.amazonaws.com\/55ad1f286e6da3af560bd774\/5c19455405ddd979031ab7e2\/5512a189794e7a4ed50285fd7baa3e41\/Ricardo-Velez-Rodriguez.png?w=600&#038;ssl=1\" alt=\"Luiz-Antonio-Nabhan-Garcia.png\" \/><\/td>\n<\/tr>\n<\/tbody>\n<\/table>\n<p dir=\"ltr\"><strong>1) Ricardo Velez Rodrigues &#8211; Educa\u00e7\u00e3o:\u00a0<\/strong>Ap\u00f3s\u00a0veto da bancada evang\u00e9lica a nome contr\u00e1rio ao projeto \u201cEscola Sem Partido\u201d, o professor anti-marxista colombiano foi escolhido pela fam\u00edlia Bolsonaro. Afirma que as escolas brasileiras s\u00e3o marcadas por uma \u201cdoutrina\u00e7\u00e3o de \u00edndole cientificista\u201d.<\/p>\n<table border=\"1\" cellspacing=\"1\" cellpadding=\"1\" align=\"left\">\n<tbody>\n<tr>\n<td><img data-recalc-dims=\"1\" decoding=\"async\" src=\"https:\/\/i0.wp.com\/trello-attachments.s3.amazonaws.com\/55ad1f286e6da3af560bd774\/5c19455405ddd979031ab7e2\/b93079377b27b3dbf04f552ff89018a3\/Ernesto-Arau%25CC%2581jo-.png?w=600&#038;ssl=1\" alt=\"\" \/><\/td>\n<\/tr>\n<\/tbody>\n<\/table>\n<p><strong>2) Ernesto Ara\u00fajo \u2013 Itamaraty:\u00a0<\/strong>Diplomata de carreira. Defende que os valores ocidentais sejam impostas \u00e0s outras partes do mundo. Confuso nas ideias, ele afirmou ser contr\u00e1rio a um suposto &#8220;marxismo cultural&#8221; que acomete as rela\u00e7\u00f5es exteriores; que o nazismo foi uma experi\u00eancia socialista; e que o climatismo, a preocupa\u00e7\u00e3o com as mudan\u00e7as clim\u00e1ticas, \u00e9 uma &#8220;t\u00e1tica globalista de instilar medo para obter mais poder&#8221;.<\/p>\n<p>&nbsp;<\/p>\n<p class=\"ckeditor-subtitle\">Fardados<\/p>\n<table border=\"1\" cellspacing=\"1\" cellpadding=\"1\" align=\"right\">\n<tbody>\n<tr>\n<td><img data-recalc-dims=\"1\" decoding=\"async\" src=\"https:\/\/i0.wp.com\/trello-attachments.s3.amazonaws.com\/55ad1f286e6da3af560bd774\/5c19455405ddd979031ab7e2\/d42cd42fa27a2b652a0ae382e163caeb\/Gal.-Fernando-Azevedo-e-Silva.png?w=600&#038;ssl=1\" alt=\"\" \/><\/td>\n<\/tr>\n<\/tbody>\n<\/table>\n<p dir=\"ltr\"><strong>1) Gal. Fernando Azevedo e Silva &#8211; Defesa:\u00a0<\/strong>O general da reserva\u00a0\u00e9 ex-chefe do Estado Maior do Ex\u00e9rcito e, atualmente, \u00e9 assessor especial do ministro Dias Toffoli, presidente do Supremo Tribunal Federal (STF). \u00a0Foi contempor\u00e2neo de Bolsonaro na Academia Militar das Agulhas Negras (Aman), onde o general concluiu o curso de forma\u00e7\u00e3o em 1976.<\/p>\n<p>No exterior, desempenhou a fun\u00e7\u00e3o de Chefe de Opera\u00e7\u00f5es na Miss\u00e3o de Paz da ONU, no Haiti. J\u00e1 afirmou que as For\u00e7as Armadas poder\u00e3o ser utilizadas esporadicamente em quest\u00f5es ligadas \u00e0 seguran\u00e7a p\u00fablica, como a interven\u00e7\u00e3o do Ex\u00e9rcito no Rio de Janeiro.<\/p>\n<p>&nbsp;<\/p>\n<table border=\"1\" cellspacing=\"1\" cellpadding=\"1\" align=\"left\">\n<tbody>\n<tr>\n<td><img data-recalc-dims=\"1\" decoding=\"async\" src=\"https:\/\/i0.wp.com\/trello-attachments.s3.amazonaws.com\/55ad1f286e6da3af560bd774\/5c19455405ddd979031ab7e2\/20bb209cd14a50e7f0b937230f4d1ec4\/Gal.-Augusto-Heleno.png?w=600&#038;ssl=1\" alt=\"\" \/><\/td>\n<\/tr>\n<\/tbody>\n<\/table>\n<p><strong>2) Gal. Augusto Heleno \u2013 Gabinete de Seguran\u00e7a Institucional\u00a0<\/strong>O general Augusto Heleno atuou como comandante militar da Amaz\u00f4nia e\u00a0chefe do Departamento de Ci\u00eancia e Tecnologia. Ele tamb\u00e9m liderou as tropas brasileiras em miss\u00f5es de paz da Organiza\u00e7\u00e3o das Na\u00e7\u00f5es Unidas no Haiti. Em 2011, passou para a reserva do Ex\u00e9rcito Brasileiro.Ele defende maior liberdade de atua\u00e7\u00e3o das For\u00e7as Armadas e corpora\u00e7\u00f5es policiais, inclusive com autoriza\u00e7\u00e3o para que os agentes atirem sem ser julgados.<\/p>\n<p>Em 2013, o general foi condenado pelo Tribunal de Contas da Uni\u00e3o por autorizar conv\u00eanios ilegais que custaram R$ 22 milh\u00f5es ao governo. A atividade ilegal favoreceu militares conhecidos do futuro ministro.<\/p>\n<p>O general recebia um sal\u00e1rio de R$ 59 mil no Comit\u00ea Ol\u00edmpico do Brasil at\u00e9 o ano passado, sendo que 80% deste valor era pago com recursos p\u00fablicos. O teto constitucional para funcion\u00e1rios p\u00fablicos \u00e9 de R$ 33,9 mil.<\/p>\n<table border=\"1\" cellspacing=\"1\" cellpadding=\"1\" align=\"right\">\n<tbody>\n<tr>\n<td><img data-recalc-dims=\"1\" decoding=\"async\" src=\"https:\/\/i0.wp.com\/trello-attachments.s3.amazonaws.com\/55ad1f286e6da3af560bd774\/5c19455405ddd979031ab7e2\/40a089734256d89ad1ead73ded0d46c4\/Marcos-Pontes.png?w=600&#038;ssl=1\" alt=\"\" \/><\/td>\n<\/tr>\n<\/tbody>\n<\/table>\n<p><strong>3) Marcos Pontes \u2013 Ci\u00eancia e Tecnologia:\u00a0<\/strong>O engenheiro aeroespacial e tenente-coronel reformado foi o primeiro astronauta brasileiro, sul-americano e lus\u00f3fono a ir ao espa\u00e7o, na miss\u00e3o batizada como &#8220;Miss\u00e3o Centen\u00e1rio&#8221;.Atualmente, \u00e9 embaixador da Boa Vontade na ONU e d\u00e1 palestras e trabalha na Nasa, a ag\u00eancia aeroespacial norte-americana.Em 2014, entrou na pol\u00edtica ao disputar uma vaga na C\u00e2mara dos Deputados pelo PSB, mas foi eleito apenas como suplente, nunca assumindo como deputado federal. Nas \u00faltimas elei\u00e7\u00f5es, Pontes foi eleito como segundo suplente do senador eleito por S\u00e3o Paulo, Major Olimpio (PSL-SP).<\/p>\n<p>\u00c9 acusado de ser s\u00f3cio oculto da Portally Eventos e Produ\u00e7\u00f5es. Por causa desse epis\u00f3dio, ele foi alvo de uma investiga\u00e7\u00e3o do Minist\u00e9rio P\u00fablico Militar para apurar se ele havia infringido o artigo que pro\u00edbe a militares da ativa qualquer atividade comercial.<\/p>\n<table border=\"1\" cellspacing=\"1\" cellpadding=\"1\" align=\"left\">\n<tbody>\n<tr>\n<td><img data-recalc-dims=\"1\" decoding=\"async\" src=\"https:\/\/i0.wp.com\/trello-attachments.s3.amazonaws.com\/55ad1f286e6da3af560bd774\/5c19455405ddd979031ab7e2\/279b8b78ff2013b35ffc026d3aa2ea51\/Tarci%25CC%2581sio-Freitas-.png?w=600&#038;ssl=1\" alt=\"\" \/><\/td>\n<\/tr>\n<\/tbody>\n<\/table>\n<p><strong>4) Tarc\u00edsio Freitas \u2013 Infraestrutura:\u00a0<\/strong>Ex-diretor do Departamento Nacional de Infraestrutura de Transportes (Dnit). Freitas serviu como Oficial do Ex\u00e9rcito durante 16 anos, per\u00edodo no qual trabalhou com obras de infraestrutura. Ele ingressou por concurso no quadro de auditores da Controladoria-Geral da Uni\u00e3o (CGU). \u00c9 formado em Engenharia Civil pelo Instituto Militar de Engenharia (IME) e atuou como engenheiro da Companhia de Engenharia Brasileira na Miss\u00e3o de Paz no Haiti.<\/p>\n<table border=\"1\" cellspacing=\"1\" cellpadding=\"1\" align=\"right\">\n<tbody>\n<tr>\n<td><img data-recalc-dims=\"1\" decoding=\"async\" src=\"https:\/\/i0.wp.com\/trello-attachments.s3.amazonaws.com\/55ad1f286e6da3af560bd774\/5c19455405ddd979031ab7e2\/d93d23987f4a3e023bd9c38c79bd7e50\/Carlos-Alberto-de-Santos-Cruz.png?w=600&#038;ssl=1\" alt=\"\" \/><\/td>\n<\/tr>\n<\/tbody>\n<\/table>\n<p><strong>5) Carlos Alberto de Santos Cruz \u2013 Secretaria de Governo:\u00a0<\/strong>Ser\u00e1 respons\u00e1vel pela interlocu\u00e7\u00e3o com o Congresso Nacional. Ele foi Secret\u00e1rio nacional de Seguran\u00e7a P\u00fablica no governo Michel Temer entre abril de 2017 e junho de 2018, deixou o cargo para ser consultor da ONU. Tamb\u00e9m foi comandante da miss\u00e3o de paz no Haiti (Minustah), entre setembro de 2006 e abril de 2009, e na Rep\u00fablica Democr\u00e1tica do Congo, entre 2013 e 2015.<\/p>\n<table border=\"1\" cellspacing=\"1\" cellpadding=\"1\" align=\"left\">\n<tbody>\n<tr>\n<td><img data-recalc-dims=\"1\" decoding=\"async\" src=\"https:\/\/i0.wp.com\/trello-attachments.s3.amazonaws.com\/55ad1f286e6da3af560bd774\/5c19455405ddd979031ab7e2\/b252a89733935a624584f539d429dee3\/Almirante-Bento-Costa-e-Lima.png?w=600&#038;ssl=1\" alt=\"\" \/><\/td>\n<\/tr>\n<\/tbody>\n<\/table>\n<p><strong>6) Almirante Bento Costa e Lima \u2013 Minas e Energia:\u00a0<\/strong>Ocupava o cargo de diretor-geral de Desenvolvimento Nuclear e Tecnol\u00f3gico da Marinha. Tem experi\u00eancia na rela\u00e7\u00e3o com o Congresso Nacional, tendo ocupado o posto de assessor-chefe parlamentar do gabinete do ministro da Marinha.<\/p>\n<table border=\"1\" cellspacing=\"1\" cellpadding=\"1\" align=\"right\">\n<tbody>\n<tr>\n<td><img data-recalc-dims=\"1\" decoding=\"async\" src=\"https:\/\/i0.wp.com\/trello-attachments.s3.amazonaws.com\/55ad1f286e6da3af560bd774\/5c19455405ddd979031ab7e2\/fe231576666e3cabe9dc997e07b74efc\/Wagner-Rosa%25CC%2581rio-.png?w=600&#038;ssl=1\" alt=\"\" \/><\/td>\n<\/tr>\n<\/tbody>\n<\/table>\n<p><strong>7) Wagner Ros\u00e1rio \u2013 Controladoria-Geral da Uni\u00e3o:\u00a0<\/strong>Egresso da Academia Militar das Agulhas Negras e auditor fiscal concursado.\u00a0\u00c9\u00a0nome herdado do governo Michel Temer.<\/p>\n<table border=\"1\" cellspacing=\"1\" cellpadding=\"1\" align=\"left\">\n<tbody>\n<tr>\n<td><img data-recalc-dims=\"1\" decoding=\"async\" src=\"https:\/\/i0.wp.com\/trello-attachments.s3.amazonaws.com\/55ad1f286e6da3af560bd774\/5c19455405ddd979031ab7e2\/05045e1235503831f9d0b42d855ddb6d\/General-Maynard-de-Santa-Rosa.png?w=600&#038;ssl=1\" alt=\"\" \/><\/td>\n<\/tr>\n<\/tbody>\n<\/table>\n<p><strong>a) \u00a0General Maynard de Santa Rosa \u00a0&#8211; Secretaria de Assuntos Estrat\u00e9gicos (ligada \u00e0 Secretaria-Geral):\u00a0<\/strong>Ganhou notoriedade em 2010, quando, chefe do Departamento Geral de Pessoal do Ex\u00e9rcito, foi exonerado pelo ent\u00e3o ministro da Defesa, Nelson Jobim, por ter criticado a cria\u00e7\u00e3o da Comiss\u00e3o da Verdade, \u00f3rg\u00e3o formulado para investigar casos de viola\u00e7\u00f5es cometidas pelos militares durante a ditadura de 64.<\/p>\n<table border=\"1\" cellspacing=\"1\" cellpadding=\"1\" align=\"right\">\n<tbody>\n<tr>\n<td><img data-recalc-dims=\"1\" decoding=\"async\" src=\"https:\/\/i0.wp.com\/trello-attachments.s3.amazonaws.com\/55ad1f286e6da3af560bd774\/5c19455405ddd979031ab7e2\/eaa5fa2db38d7de30eb81fc416508191\/General-Floriano-Peixoto-Vieira-Neto.png?w=600&#038;ssl=1\" alt=\"\" \/><\/td>\n<\/tr>\n<\/tbody>\n<\/table>\n<p><strong>b) General Floriano Peixoto Vieira Neto \u2013 Secretaria de Comunica\u00e7\u00e3o (ligada \u00e0 Secretaria-Geral):\u00a0<\/strong>Oficial reformado, tamb\u00e9m comandou as tropas da Minustah no Haiti, durante um ano: de abril de 2009 \u00a0a abril de 2010. Em 2004, j\u00e1 havia atuado como oficial de opera\u00e7\u00f5es no primeiro contingente de militares brasileiros enviados \u00e0quele pa\u00eds. O pr\u00f3ximo governo pretende que ele leve\u00a0a cabo uma revis\u00e3o de todos os contratos vinculados \u00e0 pasta em \u201cbusca de fraudes\u201d.<\/p>\n<p class=\"ckeditor-subtitle\">\n<p class=\"ckeditor-subtitle\">Liberais<\/p>\n<table border=\"1\" cellspacing=\"1\" cellpadding=\"1\" align=\"left\">\n<tbody>\n<tr>\n<td><img data-recalc-dims=\"1\" decoding=\"async\" src=\"https:\/\/i0.wp.com\/trello-attachments.s3.amazonaws.com\/55ad1f286e6da3af560bd774\/5c19455405ddd979031ab7e2\/0828dadbd36b5503b323bf3fcfcce750\/Paulo-Guedes-.png?w=600&#038;ssl=1\" alt=\"\" \/><\/td>\n<\/tr>\n<\/tbody>\n<\/table>\n<p dir=\"ltr\"><strong>1) Paulo Guedes &#8211; \u00a0Economia:\u00a0<\/strong>Economista, \u00e9 um dos fundadores do Banco Pactual e tamb\u00e9m fundador e s\u00f3cio majorit\u00e1rio do grupo BR Investimentos, hoje parte da Bozano Investimentos.\u00a0Ele j\u00e1 anunciou que, entre as medidas para \u201ccontrolar os gastos\u201d, est\u00e1 a realiza\u00e7\u00e3o da reforma da Previd\u00eancia, acelera\u00e7\u00e3o das privatiza\u00e7\u00f5es e o enxugamento da m\u00e1quina p\u00fablica. \u00c9 alvo de investiga\u00e7\u00f5es por fraudes contra fundos de pens\u00e3o e fundos de investimentos, cujos preju\u00edzos aos cofres p\u00fablicos podem chegar a mais de R$ 1 bilh\u00e3o.<\/p>\n<table border=\"1\" cellspacing=\"1\" cellpadding=\"1\" align=\"right\">\n<tbody>\n<tr>\n<td><img data-recalc-dims=\"1\" decoding=\"async\" src=\"https:\/\/i0.wp.com\/trello-attachments.s3.amazonaws.com\/55ad1f286e6da3af560bd774\/5c19455405ddd979031ab7e2\/1d3d093ed88fadcd3a5003e2fd99982b\/Roberto-Campos-Neto.png?w=600&#038;ssl=1\" alt=\"\" \/><\/td>\n<\/tr>\n<\/tbody>\n<\/table>\n<p><strong>2) Roberto Campos Neto \u2013 Banco Central (perder\u00e1 status ministerial):\u00a0<\/strong>O economista Roberto Campos Neto \u00e9 executivo do Banco Santander. Ele \u00e9 neto de Roberto Campos, um \u00edcone da escola liberal. O av\u00f4 defendeu o estado m\u00ednimo, o c\u00e2mbio livre e a propriedade privada de forma contundente. O economista tem especializa\u00e7\u00e3o pela Universidade da Calif\u00f3rnia em Los Angeles (UCLA).<\/p>\n<table border=\"1\" cellspacing=\"1\" cellpadding=\"1\" align=\"left\">\n<tbody>\n<tr>\n<td><img data-recalc-dims=\"1\" decoding=\"async\" src=\"https:\/\/i0.wp.com\/trello-attachments.s3.amazonaws.com\/55ad1f286e6da3af560bd774\/5c19455405ddd979031ab7e2\/f95c720115abe3161fba66c046be2a84\/Roberto-Castello-Branco.png?w=600&#038;ssl=1\" alt=\"\" \/><\/td>\n<\/tr>\n<\/tbody>\n<\/table>\n<p><strong>b) Roberto Castello Branco \u2013 Petrobras:\u00a0<\/strong>Ele \u00e9 professor da Funda\u00e7\u00e3o Get\u00falio Vargas (FGV) e fez p\u00f3s-doutorado na Universidade de Chicago. Conhecida por disseminar a &#8220;Escola de Chicago&#8221;, a institui\u00e7\u00e3o \u00e9 um tradicional reduto de pensamento neoliberal, em defesa do livre mercado. Ele tamb\u00e9m j\u00e1 foi diretor do Banco Central e da Vale.<\/p>\n<p>Castello Branco participou do conselho de administra\u00e7\u00e3o da Petrobras, mas saiu do colegiado porque considerava lento o ritmo de venda de ativos na companhia. Ele criticou a pol\u00edtica de pre\u00e7os de Dilma Rousseff e defende manuten\u00e7\u00e3o do v\u00ednculo ao mercado internacional. Tamb\u00e9m afirmou que pode haver redu\u00e7\u00e3o da participa\u00e7\u00e3o da Petrobras no setor de refino, e que o &#8220;cora\u00e7\u00e3o da empresa&#8221; seria a explora\u00e7\u00e3o e produ\u00e7\u00e3o.<\/p>\n<p>\u00c9 familiar distante de Humberto de Alencar Castello Branco, primeiro presidente militar durante a ditadura.<\/p>\n<p class=\"ckeditor-subtitle\">\n<p class=\"ckeditor-subtitle\">Lava Jato<\/p>\n<table border=\"1\" cellspacing=\"1\" cellpadding=\"1\" align=\"right\">\n<tbody>\n<tr>\n<td><img data-recalc-dims=\"1\" decoding=\"async\" src=\"https:\/\/i0.wp.com\/trello-attachments.s3.amazonaws.com\/55ad1f286e6da3af560bd774\/5c19455405ddd979031ab7e2\/b8527b4e2c7a711583790fd643780dba\/Sergio-Moro.png?w=600&#038;ssl=1\" alt=\"\" \/><\/td>\n<\/tr>\n<\/tbody>\n<\/table>\n<p dir=\"ltr\"><strong>1) Sergio Moro \u2013 Justi\u00e7a (reassumindo Seguran\u00e7a P\u00fablica):\u00a0<\/strong>O convite para se tornar ministro da Justi\u00e7a de Jair Bolsonaro, feito ainda durante a campanha eleitoral, \u00e9 alvo de cr\u00edticas porque reitera atua\u00e7\u00e3o pol\u00edtica de Moro \u2014 que afirmou em diversas ocasi\u00f5es que \u201cjamais entraria para a pol\u00edtica\u201d. O juiz respons\u00e1vel pela condena\u00e7\u00e3o de Lula em primeiro grau \u2014 e que retirou o ex-presidente como candidato da disputa eleitoral \u2014 sempre explicitou posi\u00e7\u00f5es antipetistas.<\/p>\n<p dir=\"ltr\">Como juiz, Moro responde a diversos processos disciplinares no Conselho Nacional de Justi\u00e7a (CNJ). Entre os motivos est\u00e3o: vazamento para a imprensa da dela\u00e7\u00e3o premiada de Antonio Palocci; divulga\u00e7\u00e3o ilegal de grampos entre a ent\u00e3o presidenta Dilma Rousseff e o ex-presidente Lula; interfer\u00eancia para impedir o cumprimento de um habeas corpus favor\u00e1vel a Lula; viagem ao exterior patrocinada por uma entidade privada (Lide) para participar de evento a convite de Jo\u00e3o Doria.<\/p>\n<table border=\"1\" cellspacing=\"1\" cellpadding=\"1\" align=\"left\">\n<tbody>\n<tr>\n<td><img data-recalc-dims=\"1\" decoding=\"async\" src=\"https:\/\/i0.wp.com\/trello-attachments.s3.amazonaws.com\/55ad1f286e6da3af560bd774\/5c19455405ddd979031ab7e2\/d4cb8d3c450100733dced374134e9f48\/Mauri%25CC%2581cio-Valeixo.png?w=600&#038;ssl=1\" alt=\"\" \/><\/td>\n<\/tr>\n<\/tbody>\n<\/table>\n<p><strong>a) Maur\u00edcio Valeixo \u2013 Pol\u00edcia Federal:\u00a0<\/strong>Formado em Direito pela PUC-PR, atua na Pol\u00edcia Federal desde 1996. Valeixo j\u00e1 chefiou a Diretoria de Investiga\u00e7\u00e3o e Combate ao Crime Organizado (Dicor), atuou na divis\u00e3o de combate ao tr\u00e1fico internacional de drogas e foi diretor do setor de Intelig\u00eancia. Sua rela\u00e7\u00e3o com Sergio Moro vem desde 2003, quando Valeixo comandou o inqu\u00e9rito da for\u00e7a-tarefa do caso Banestado.<\/p>\n<table border=\"1\" cellspacing=\"1\" cellpadding=\"1\" align=\"right\">\n<tbody>\n<tr>\n<td><img data-recalc-dims=\"1\" decoding=\"async\" src=\"https:\/\/i0.wp.com\/trello-attachments.s3.amazonaws.com\/55ad1f286e6da3af560bd774\/5c19455405ddd979031ab7e2\/0e372e8292f79ea416cfde90492201de\/Erika-Marena.png?w=600&#038;ssl=1\" alt=\"\" \/><\/td>\n<\/tr>\n<\/tbody>\n<\/table>\n<p><strong>b) Erika Marena \u2013 Departamento de Recupera\u00e7\u00e3o de Ativos e Coopera\u00e7\u00e3o Internacional:\u00a0<\/strong>A delegada j\u00e1 passou pelas delegacias de Crimes Financeiros, de Repress\u00e3o a Crimes Fazend\u00e1rios e de Combate \u00e0 Corrup\u00e7\u00e3o e Lavagem de Dinheiro, al\u00e9m de ter atuado no Grupo de Repress\u00e3o a Crimes Financeiros. Marena tamb\u00e9m integrou a for\u00e7a-tarefa do Banestado, de 2004 a 2007. Ap\u00f3s passar pela Lava Jato, Marena ganhou os holofotes novamente por prender cautelarmente o reitor da UFSC, que veio a cometer suic\u00eddio.<\/p>\n<table border=\"1\" cellspacing=\"1\" cellpadding=\"1\" align=\"left\">\n<tbody>\n<tr>\n<td><img data-recalc-dims=\"1\" decoding=\"async\" src=\"https:\/\/i0.wp.com\/trello-attachments.s3.amazonaws.com\/55ad1f286e6da3af560bd774\/5c19455405ddd979031ab7e2\/c455078956ac798a59d87e2fada97888\/Rossalvo-Ferreira-Franco.png?w=600&#038;ssl=1\" alt=\"\" \/><\/td>\n<\/tr>\n<\/tbody>\n<\/table>\n<p><strong>c) Rossalvo Ferreira Franco \u2013 Opera\u00e7\u00f5es Policiais Integradas:\u00a0<\/strong>Atua na Pol\u00edcia Federal desde 1985 e exerceu a fun\u00e7\u00e3o de delegado entre 1999 e 2017, quando se aposentou. Franco j\u00e1 atuou nas delegacias de Repress\u00e3o a Entorpecentes e de Combate ao Crime Organizado.<\/p>\n<table border=\"1\" cellspacing=\"1\" cellpadding=\"1\" align=\"right\">\n<tbody>\n<tr>\n<td><img data-recalc-dims=\"1\" decoding=\"async\" src=\"https:\/\/i0.wp.com\/trello-attachments.s3.amazonaws.com\/55ad1f286e6da3af560bd774\/5c19455405ddd979031ab7e2\/b2707baa4e991bdcd581bd7c55cf6d0c\/Fabiano-Bordignon.png?w=600&#038;ssl=1\" alt=\"\" \/><\/td>\n<\/tr>\n<\/tbody>\n<\/table>\n<p><strong>d) Fabiano Bordignon \u2013 Departamento de Pol\u00edtica Penitenci\u00e1ria:\u00a0<\/strong>N\u00e3o atuou na Lava Jato. Foi diretor de penitenci\u00e1rias federais no Paran\u00e1 por duas vezes. Em uma delas, conheceu S\u00e9rgio Moro, quando este desempenhava o papel de juiz corregedor da unidade.<\/p>\n<p class=\"ckeditor-subtitle\">\n<p class=\"ckeditor-subtitle\">Pol\u00edticos profissionais<\/p>\n<table border=\"1\" cellspacing=\"1\" cellpadding=\"1\" align=\"left\">\n<tbody>\n<tr>\n<td><img data-recalc-dims=\"1\" decoding=\"async\" src=\"https:\/\/i0.wp.com\/trello-attachments.s3.amazonaws.com\/55ad1f286e6da3af560bd774\/5c19455405ddd979031ab7e2\/ebac881ddf0bebcd120827b289afbfd3\/Onyx-Lorenzoni.png?w=600&#038;ssl=1\" alt=\"\" \/><\/td>\n<\/tr>\n<\/tbody>\n<\/table>\n<p dir=\"ltr\"><strong>1) Onyx Lorenzoni (DEM) \u2013 Casa Civil:\u00a0<\/strong>\u00c9 ligado a pautas ruralistas e membro da chamada bancada da bala. Apoiou o governo de Michel Temer (MDB), votando a favor de pautas como Reforma Trabalhista e do Ensino M\u00e9dio. Em 2018, ele admitiu ter recebido R$ 100 mil n\u00e3o declarados da JBS para sua campanha em 2014. Por outro lado, segundo a dela\u00e7\u00e3o da JBS, Onyx teria recebido R$ 200 mil em esp\u00e9cie, entregues pelo presidente da Associa\u00e7\u00e3o Brasileira de Exportadores de Carne Bovina, Ant\u00f4nio Jorge Camardelli, em 12 de setembro de 2014.<\/p>\n<table border=\"1\" cellspacing=\"1\" cellpadding=\"1\" align=\"right\">\n<tbody>\n<tr>\n<td><img data-recalc-dims=\"1\" decoding=\"async\" src=\"https:\/\/i0.wp.com\/trello-attachments.s3.amazonaws.com\/55ad1f286e6da3af560bd774\/5c19455405ddd979031ab7e2\/04a978cfbe2ca7da7b8343a249adbf8a\/Osmar-Terra.png?w=600&#038;ssl=1\" alt=\"\" \/><\/td>\n<\/tr>\n<\/tbody>\n<\/table>\n<p><strong>2) Osmar Terra (MDB) \u2013 Cidadania:\u00a0<\/strong>Ex-ministro do Desenvolvimento Social e Agr\u00e1rio do governo Michel Temer, Osmar Terra foi respons\u00e1vel por cortes no setor de assist\u00eancia social. Cr\u00edtico do Bolsa Fam\u00edlia, excluiu 4,4 milh\u00f5es de fam\u00edlias do programa\u00a0durante sua gest\u00e3o. Quando aceitou ser ministro de Temer, declarou guerra ao MST, amea\u00e7ando retirar investimentos da reforma agr\u00e1ria.<\/p>\n<p>Como deputado federal, elaborou o projeto de lei que institui a interna\u00e7\u00e3o compuls\u00f3ria dos usu\u00e1rios de drogas il\u00edcitas.<\/p>\n<p>Terra est\u00e1 envolvido em den\u00fancia do Minist\u00e9rio P\u00fablico Federal por obstru\u00e7\u00e3o de Justi\u00e7a por n\u00e3o ter informado, quando secret\u00e1rio da Sa\u00fade no Rio Grande do Sul, a situa\u00e7\u00e3o da falta de medicamentos depois de cinco insist\u00eancias. Foi absolvido em 2011 pelo ent\u00e3o presidente do Supremo Tribunal Federal (STF), Joaquim Barbosa.<\/p>\n<table border=\"1\" cellspacing=\"1\" cellpadding=\"1\" align=\"left\">\n<tbody>\n<tr>\n<td><img data-recalc-dims=\"1\" decoding=\"async\" src=\"https:\/\/i0.wp.com\/trello-attachments.s3.amazonaws.com\/55ad1f286e6da3af560bd774\/5c19455405ddd979031ab7e2\/53cafcab28673bddd139a82bd45e9146\/Luiz-Henrique-Mandetta.png?w=600&#038;ssl=1\" alt=\"\" \/><\/td>\n<\/tr>\n<\/tbody>\n<\/table>\n<p><strong>3) Luiz Henrique Mandetta (DEM) \u2013 Sa\u00fade:\u00a0<\/strong>Formado em medicina e especialista em ortopedia pedi\u00e1trica, tem fortes v\u00ednculos com os planos de sa\u00fade privados. Foi presidente da Unimed por muitos anos, al\u00e9m de ter sido financiado pela Amil. Em 2013, Mandetta foi um dos opositores mais ferrenhos do programa Mais M\u00e9dicos, criado pelo governo da ent\u00e3o presidenta Dilma Rousseff.<\/p>\n<p>\u00c9 investigado por fraude em licita\u00e7\u00e3o, tr\u00e1fico de influ\u00eancia e caixa dois na implementa\u00e7\u00e3o de um sistema de prontu\u00e1rio eletr\u00f4nico, quando era Secret\u00e1rio de Sa\u00fade de Campo Grande, durante a gest\u00e3o de Andr\u00e9 Pucinelli (MDB). O futuro ministro teve os bens bloqueados em uma a\u00e7\u00e3o civil p\u00fablica relativa ao caso.<\/p>\n<table border=\"1\" cellspacing=\"1\" cellpadding=\"1\" align=\"right\">\n<tbody>\n<tr>\n<td><img data-recalc-dims=\"1\" decoding=\"async\" src=\"https:\/\/i0.wp.com\/trello-attachments.s3.amazonaws.com\/55ad1f286e6da3af560bd774\/5c19455405ddd979031ab7e2\/fdd65b8e458b8554198dcd5c384bef66\/Marcelo-A%25CC%2581lvaro-Anto%25CC%2582nio.png?w=600&#038;ssl=1\" alt=\"\" \/><\/td>\n<\/tr>\n<\/tbody>\n<\/table>\n<p><strong>4) Marcelo \u00c1lvaro Ant\u00f4nio (PSL) \u2013 Turismo:\u00a0<\/strong>O deputado federal Marcelo \u00c1lvaro Ant\u00f4nio (PSL) est\u00e1 no segundo mandato e foi o deputado mais votado de Minas Gerais nas \u00faltimas elei\u00e7\u00f5es. Ele integra a frente parlamentar evang\u00e9lica no Congresso. \u00c1lvaro \u00a0j\u00e1 foi filiado ao PRP, MDB, PR e, neste ano, se transferiu para o PSL, partido que ele preside em seu estado.<\/p>\n<table border=\"1\" cellspacing=\"1\" cellpadding=\"1\" align=\"left\">\n<tbody>\n<tr>\n<td><img data-recalc-dims=\"1\" decoding=\"async\" src=\"https:\/\/i0.wp.com\/trello-attachments.s3.amazonaws.com\/55ad1f286e6da3af560bd774\/5c19455405ddd979031ab7e2\/ea05dd2a4c9a1a63250b18c74a4eb4d9\/Gustavo-Bebianno.png?w=600&#038;ssl=1\" alt=\"\" \/><\/td>\n<\/tr>\n<\/tbody>\n<\/table>\n<p><strong>5) Gustavo Bebbiano (PSL) \u2013 Secretaria-Geral:\u00a0<\/strong>Advogado carioca, \u00e9 conselheiro e uma das figuras mais pr\u00f3ximas de Bolsonaro, respons\u00e1vel por traz\u00ea-lo para a sigla. Afirmou em entrevista coletiva que sua principal tarefa \u00e0 frente da Secretaria-Geral ser\u00e1 a \u201cmoderniza\u00e7\u00e3o\u201d e a \u201cdesburocratiza\u00e7\u00e3o\u201d do Estado. A Empresa Brasileira de Comunica\u00e7\u00e3o (EBC) ficar\u00e1 sob sua responsabilidade e Bebianno disse que estuda \u201cqual ser\u00e1 o destino\u201d da empresa, criada em 2007 durante o governo Lula.<\/p>\n<p class=\"ckeditor-subtitle\">\n<p class=\"ckeditor-subtitle\">Oriundos da burocracia<\/p>\n<table border=\"1\" cellspacing=\"1\" cellpadding=\"1\" align=\"right\">\n<tbody>\n<tr>\n<td><img data-recalc-dims=\"1\" decoding=\"async\" src=\"https:\/\/i0.wp.com\/trello-attachments.s3.amazonaws.com\/55ad1f286e6da3af560bd774\/5c19455405ddd979031ab7e2\/0b34c6e1dcdc998562489fc46bcbc440\/Gustavo-Canuto.png?w=600&#038;ssl=1\" alt=\"\" \/><\/td>\n<\/tr>\n<\/tbody>\n<\/table>\n<p dir=\"ltr\"><strong>1) Gustavo Canuto \u2013 Desenvolvimento Regional (fus\u00e3o da Integra\u00e7\u00e3o Nacional com Cidades):\u00a0<\/strong>Graduado em Engenharia de Computa\u00e7\u00e3o pela Unicamp e em Direito pelo UniCEUB. Nos \u00faltimos dois anos, o futuro ministro chefiou o gabinete do ministro da Integra\u00e7\u00e3o Nacional. Tamb\u00e9m j\u00e1 assumiu compromissos de trabalho nas Secretarias de Avia\u00e7\u00e3o Civil e Geral da Presid\u00eancia da Rep\u00fablica, al\u00e9m da Ag\u00eancia Nacional de Avia\u00e7\u00e3o Civil.<\/p>\n<table border=\"1\" cellspacing=\"1\" cellpadding=\"1\" align=\"left\">\n<tbody>\n<tr>\n<td><img data-recalc-dims=\"1\" decoding=\"async\" src=\"https:\/\/i0.wp.com\/trello-attachments.s3.amazonaws.com\/55ad1f286e6da3af560bd774\/5c19455405ddd979031ab7e2\/aab8fd339c7a406523351ee9dbd92962\/Andre%25CC%2581-Luiz-Mendonc%25CC%25A7a.png?w=600&#038;ssl=1\" alt=\"\" \/><\/td>\n<\/tr>\n<\/tbody>\n<\/table>\n<p><strong>2) Andr\u00e9 Luiz Mendon\u00e7a \u2013 Advogado-Geral da Uni\u00e3o (pode perder status ministerial):\u00a0<\/strong>Integrante concursado da carreira, tem doutorado em Direito pela Universidade de Salamanca e foi coordenador das equipes de negocia\u00e7\u00e3o dos acordos de leni\u00eancia celebrados pela AGU junto a CGU. De 1997 a 2000 ele foi advogado da Petrobras Distribuidora S\/A. Coordenou a negocia\u00e7\u00e3o do acordo com o grupo OK \u2014 do empres\u00e1rio e senador cassado Luiz Estev\u00e3o \u2014, em rela\u00e7\u00e3o ao esquema envolvendo a constru\u00e7\u00e3o do pr\u00e9dio do Tribunal \u00a0Regional do Trabalho de S\u00e3o Paulo (TRT-SP). O nome de Mendon\u00e7a n\u00e3o estava na lista tr\u00edplice final entregue ao presidente eleito pelo F\u00f3rum Nacional da Advocacia P\u00fablica Federal\u2014 entidade que abrange as carreiras de procuradores da Fazenda Nacional e advogados da Uni\u00e3o.<\/p>\n<p class=\"editor\">Edi\u00e7\u00e3o: Tayguara Ribeiro<\/p>\n<div class=\"content-footer\">\n<div class=\"share-bar\">\n<p class=\"share-title\">\n<\/div>\n<\/div>\n","protected":false},"excerpt":{"rendered":"<p>F\u00f3rmula de composi\u00e7\u00e3o dos minist\u00e9rios podem ser entrave para obten\u00e7\u00e3o de apoio pol\u00edtico<\/p>\n","protected":false},"author":1,"featured_media":0,"comment_status":"closed","ping_status":"open","sticky":false,"template":"","format":"standard","meta":{"_exactmetrics_skip_tracking":false,"_exactmetrics_sitenote_active":false,"_exactmetrics_sitenote_note":"","_exactmetrics_sitenote_category":0,"jetpack_post_was_ever_published":false,"_jetpack_newsletter_access":"","_jetpack_dont_email_post_to_subs":false,"_jetpack_newsletter_tier_id":0,"_jetpack_memberships_contains_paywalled_content":false,"_jetpack_memberships_contains_paid_content":false,"footnotes":"","jetpack_publicize_message":"","jetpack_publicize_feature_enabled":true,"jetpack_social_post_already_shared":true,"jetpack_social_options":{"image_generator_settings":{"template":"highway","enabled":false},"version":2}},"categories":[1],"tags":[],"class_list":["post-19915","post","type-post","status-publish","format-standard","hentry","category-notas"],"jetpack_publicize_connections":[],"jetpack_sharing_enabled":true,"jetpack_featured_media_url":"","jetpack_shortlink":"https:\/\/wp.me\/p7wKYW-5bd","jetpack-related-posts":[],"_links":{"self":[{"href":"http:\/\/blogdalucianaoliveira.com.br\/blog\/wp-json\/wp\/v2\/posts\/19915","targetHints":{"allow":["GET"]}}],"collection":[{"href":"http:\/\/blogdalucianaoliveira.com.br\/blog\/wp-json\/wp\/v2\/posts"}],"about":[{"href":"http:\/\/blogdalucianaoliveira.com.br\/blog\/wp-json\/wp\/v2\/types\/post"}],"author":[{"embeddable":true,"href":"http:\/\/blogdalucianaoliveira.com.br\/blog\/wp-json\/wp\/v2\/users\/1"}],"replies":[{"embeddable":true,"href":"http:\/\/blogdalucianaoliveira.com.br\/blog\/wp-json\/wp\/v2\/comments?post=19915"}],"version-history":[{"count":1,"href":"http:\/\/blogdalucianaoliveira.com.br\/blog\/wp-json\/wp\/v2\/posts\/19915\/revisions"}],"predecessor-version":[{"id":19917,"href":"http:\/\/blogdalucianaoliveira.com.br\/blog\/wp-json\/wp\/v2\/posts\/19915\/revisions\/19917"}],"wp:attachment":[{"href":"http:\/\/blogdalucianaoliveira.com.br\/blog\/wp-json\/wp\/v2\/media?parent=19915"}],"wp:term":[{"taxonomy":"category","embeddable":true,"href":"http:\/\/blogdalucianaoliveira.com.br\/blog\/wp-json\/wp\/v2\/categories?post=19915"},{"taxonomy":"post_tag","embeddable":true,"href":"http:\/\/blogdalucianaoliveira.com.br\/blog\/wp-json\/wp\/v2\/tags?post=19915"}],"curies":[{"name":"wp","href":"https:\/\/api.w.org\/{rel}","templated":true}]}}