{"id":19919,"date":"2018-12-19T22:06:17","date_gmt":"2018-12-20T02:06:17","guid":{"rendered":"http:\/\/blogdalucianaoliveira.com.br\/blog\/?p=19919"},"modified":"2018-12-19T22:06:17","modified_gmt":"2018-12-20T02:06:17","slug":"onde-esta-queiroz","status":"publish","type":"post","link":"http:\/\/blogdalucianaoliveira.com.br\/blog\/2018\/12\/19\/onde-esta-queiroz\/","title":{"rendered":"Onde est\u00e1 Queiroz?"},"content":{"rendered":"<p><img data-recalc-dims=\"1\" loading=\"lazy\" decoding=\"async\" data-attachment-id=\"19920\" data-permalink=\"http:\/\/blogdalucianaoliveira.com.br\/blog\/2018\/12\/19\/onde-esta-queiroz\/cade-5\/\" data-orig-file=\"https:\/\/i0.wp.com\/blogdalucianaoliveira.com.br\/blog\/wp-content\/uploads\/2018\/12\/cade.jpg?fit=1960%2C1107\" data-orig-size=\"1960,1107\" data-comments-opened=\"0\" data-image-meta=\"{&quot;aperture&quot;:&quot;0&quot;,&quot;credit&quot;:&quot;&quot;,&quot;camera&quot;:&quot;&quot;,&quot;caption&quot;:&quot;&quot;,&quot;created_timestamp&quot;:&quot;0&quot;,&quot;copyright&quot;:&quot;&quot;,&quot;focal_length&quot;:&quot;0&quot;,&quot;iso&quot;:&quot;0&quot;,&quot;shutter_speed&quot;:&quot;0&quot;,&quot;title&quot;:&quot;&quot;,&quot;orientation&quot;:&quot;0&quot;}\" data-image-title=\"cade\" data-image-description=\"\" data-image-caption=\"\" data-medium-file=\"https:\/\/i0.wp.com\/blogdalucianaoliveira.com.br\/blog\/wp-content\/uploads\/2018\/12\/cade.jpg?fit=300%2C169\" data-large-file=\"https:\/\/i0.wp.com\/blogdalucianaoliveira.com.br\/blog\/wp-content\/uploads\/2018\/12\/cade.jpg?fit=600%2C339\" class=\"alignnone size-full wp-image-19920\" src=\"https:\/\/i0.wp.com\/blogdalucianaoliveira.com.br\/blog\/wp-content\/uploads\/2018\/12\/cade.jpg?resize=600%2C339\" alt=\"cade\" width=\"600\" height=\"339\" srcset=\"https:\/\/i0.wp.com\/blogdalucianaoliveira.com.br\/blog\/wp-content\/uploads\/2018\/12\/cade.jpg?w=1960 1960w, https:\/\/i0.wp.com\/blogdalucianaoliveira.com.br\/blog\/wp-content\/uploads\/2018\/12\/cade.jpg?resize=300%2C169 300w, https:\/\/i0.wp.com\/blogdalucianaoliveira.com.br\/blog\/wp-content\/uploads\/2018\/12\/cade.jpg?resize=768%2C434 768w, https:\/\/i0.wp.com\/blogdalucianaoliveira.com.br\/blog\/wp-content\/uploads\/2018\/12\/cade.jpg?resize=1024%2C578 1024w, https:\/\/i0.wp.com\/blogdalucianaoliveira.com.br\/blog\/wp-content\/uploads\/2018\/12\/cade.jpg?resize=531%2C300 531w, https:\/\/i0.wp.com\/blogdalucianaoliveira.com.br\/blog\/wp-content\/uploads\/2018\/12\/cade.jpg?w=1200 1200w, https:\/\/i0.wp.com\/blogdalucianaoliveira.com.br\/blog\/wp-content\/uploads\/2018\/12\/cade.jpg?w=1800 1800w\" sizes=\"auto, (max-width: 600px) 100vw, 600px\" \/><\/p>\n<p>\u2018Desaparecido\u2019, ex-assessor de Fl\u00e1vio Bolsonaro falta a depoimento no MP. Ele teria movimentado mais de um milh\u00e3o de reais em sua conta, valor n\u00e3o compat\u00edvel com seu sal\u00e1rio<!--more--><\/p>\n<p>No El Pa\u00eds<\/p>\n<p>Piv\u00f4 da primeira crise importante envolvendo o futuro Governo Bolsonaro, o motorista Fabr\u00edcio Queiroz, ex-assessor de Fl\u00e1vio Bolsonaro que entrou na mira do Minist\u00e9rio P\u00fablico por ter realizado \u201cmovimenta\u00e7\u00e3o financeira suspeita\u201d em sua conta corrente, n\u00e3o apareceu para depor nesta quarta-feira no Rio de Janeiro. Ele seria ouvido em sess\u00e3o marcada para \u00e0s 14h, mas \u201cn\u00e3o veio depor\u201d, afirmou Eduardo Gussem, procurador-geral de Justi\u00e7a do Estado. Posteriormente, o MP divulgou nota informando que a defesa alegou &#8220;inesperada crise de sa\u00fade&#8221; por parte de Queiroz, e solicitou o adiamento.<\/p>\n<p>O motorista foi citado em um relat\u00f3rio do Conselho de Controle de Atividades Financeiras (COAF) que identificou saques e dep\u00f3sitos banc\u00e1rios feitos em sua conta que superavam 1,2 milh\u00e3o de reais no per\u00edodo de um ano entre 2016 e 2017. Os valores n\u00e3o seriam compat\u00edveis com seu sal\u00e1rio, que girava em torno de 23.000 reais. Desde que o caso foi divulgado o ex-assessor n\u00e3o deu declara\u00e7\u00e3o alguma. A investiga\u00e7\u00e3o corre no \u00e2mbito da Opera\u00e7\u00e3o Furna da On\u00e7a, um desdobramento da Lava Jato.<\/p>\n<p>Um novo depoimento foi marcado para sexta-feira. Caso ele n\u00e3o compare\u00e7a novamente e n\u00e3o apresente justificativa para a aus\u00eancia, pode ser conduzido coercitivamente para depor pelas autoridades. A fam\u00edlia Bolsonaro, que at\u00e9 o momento n\u00e3o \u00e9 investigada neste caso, nega qualquer irregularidade, e tanto Fl\u00e1vio quanto o presidente eleito afirmaram que cabe a Queiroz dar as devidas explica\u00e7\u00f5es sobre a origem do dinheiro e, mais importante, seu destino. Existe a suspeita de que a conta do motorista tenha sido usada em uma esp\u00e9cie de rateio feito com funcion\u00e1rios do gabinete de Fl\u00e1vio. Ao menos nove servidores da Assembleia Legislativa do Rio de Janeiro fizeram dep\u00f3sitos em sua conta em datas pr\u00f3ximas aos pagamentos de seus sal\u00e1rios. Este \u2018ped\u00e1gio\u2019 pago pelos servidores a pol\u00edticos \u00e9 ilegal, mas comum nos legislativos e at\u00e9 prefeituras. Nestas elei\u00e7\u00f5es Fl\u00e1vio foi eleito senador.<\/p>\n<p>Ainda n\u00e3o se sabe quem foram os benefici\u00e1rios destas transa\u00e7\u00f5es, mas 24.000 reais foram transferidos para a conta de Michele Bolsonaro, futura primeira-dama. O capit\u00e3o da reserva afirmou que este montante seria referente a um empr\u00e9stimo feito por ele a Queiroz no valor de 40.000. Ainda de acordo com ele, o dep\u00f3sito teria sido feito na conta de sua mulher porque ele \u201cn\u00e3o costuma ir ao banco\u201d. \u201cEu podia ter botado na minha conta. Foi para a conta da minha esposa porque eu n\u00e3o tenho tempo de sair. Essa \u00e9 a hist\u00f3ria, nada al\u00e9m disso. N\u00e3o quero esconder nada, n\u00e3o \u00e9 nossa inten\u00e7\u00e3o\u201d, disse.<\/p>\n<p>Quanto ao fato de n\u00e3o ter informado o empr\u00e9stimo em sua declara\u00e7\u00e3o de imposto de renda, o presidente eleito disse que como o valor foi muito fracionado, parcelado em de cheques de 4.000 reais, ele n\u00e3o julgou necess\u00e1rio, mas afirmou estar disposto a \u201cpagar o que deve\u201d ao fisco caso preciso. Pela legisla\u00e7\u00e3o, empr\u00e9stimos acima de 5.000 reais para pessoas f\u00edsicas precisam ser declarados.<\/p>\n<p>O futuro vice-presidente, general Hamilton Mour\u00e3o (PRTB), foi um dos poucos membros da c\u00fapula bolsonarista a dar uma declara\u00e7\u00e3o mais forte sobre o caso Queiroz. &#8220;O ex-motorista, que conhe\u00e7o como Queiroz, precisa dizer de onde saiu este dinheiro. O Coaf rastreia tudo. Algo tem, a\u00ed precisa explicar a transa\u00e7\u00e3o, tem que dizer&#8221;, afirmou.<\/p>\n<p>Os problemas da fam\u00edlia Bolsonaro n\u00e3o terminam com Queiroz. A filha dele, Nathalia, que tamb\u00e9m foi lotada no gabinete de Fl\u00e1vio e de Jair, teria atuado como personal trainer em per\u00edodo integral enquanto recebia sal\u00e1rio como servidora. A suspeita \u00e9 que ela fosse funcion\u00e1ria fantasma, assim como Walderice Santos da Concei\u00e7\u00e3o, que ganhou o apelido de Wal do A\u00e7a\u00ed depois que a Folha de S.Paulo revelou em agosto que mesmo sendo funcion\u00e1ria do gabinete de Jair Bolsonaro ela cuidava de uma barrada de a\u00e7a\u00ed e da casa de veraneio do ent\u00e3o deputado em Angra dos Reis. Ela pediu desligamento da C\u00e2mara depois que o caso veio \u00e0 tona.<\/p>\n","protected":false},"excerpt":{"rendered":"<p>\u2018Desaparecido\u2019, ex-assessor de Fl\u00e1vio Bolsonaro falta a depoimento no MP. Ele teria movimentado mais de um milh\u00e3o de reais em sua conta, valor n\u00e3o compat\u00edvel com seu sal\u00e1rio<\/p>\n","protected":false},"author":1,"featured_media":0,"comment_status":"closed","ping_status":"open","sticky":false,"template":"","format":"standard","meta":{"_exactmetrics_skip_tracking":false,"_exactmetrics_sitenote_active":false,"_exactmetrics_sitenote_note":"","_exactmetrics_sitenote_category":0,"jetpack_post_was_ever_published":false,"_jetpack_newsletter_access":"","_jetpack_dont_email_post_to_subs":false,"_jetpack_newsletter_tier_id":0,"_jetpack_memberships_contains_paywalled_content":false,"_jetpack_memberships_contains_paid_content":false,"footnotes":"","jetpack_publicize_message":"","jetpack_publicize_feature_enabled":true,"jetpack_social_post_already_shared":true,"jetpack_social_options":{"image_generator_settings":{"template":"highway","enabled":false},"version":2}},"categories":[1],"tags":[],"class_list":["post-19919","post","type-post","status-publish","format-standard","hentry","category-notas"],"jetpack_publicize_connections":[],"jetpack_sharing_enabled":true,"jetpack_featured_media_url":"","jetpack_shortlink":"https:\/\/wp.me\/p7wKYW-5bh","jetpack-related-posts":[],"_links":{"self":[{"href":"http:\/\/blogdalucianaoliveira.com.br\/blog\/wp-json\/wp\/v2\/posts\/19919","targetHints":{"allow":["GET"]}}],"collection":[{"href":"http:\/\/blogdalucianaoliveira.com.br\/blog\/wp-json\/wp\/v2\/posts"}],"about":[{"href":"http:\/\/blogdalucianaoliveira.com.br\/blog\/wp-json\/wp\/v2\/types\/post"}],"author":[{"embeddable":true,"href":"http:\/\/blogdalucianaoliveira.com.br\/blog\/wp-json\/wp\/v2\/users\/1"}],"replies":[{"embeddable":true,"href":"http:\/\/blogdalucianaoliveira.com.br\/blog\/wp-json\/wp\/v2\/comments?post=19919"}],"version-history":[{"count":1,"href":"http:\/\/blogdalucianaoliveira.com.br\/blog\/wp-json\/wp\/v2\/posts\/19919\/revisions"}],"predecessor-version":[{"id":19921,"href":"http:\/\/blogdalucianaoliveira.com.br\/blog\/wp-json\/wp\/v2\/posts\/19919\/revisions\/19921"}],"wp:attachment":[{"href":"http:\/\/blogdalucianaoliveira.com.br\/blog\/wp-json\/wp\/v2\/media?parent=19919"}],"wp:term":[{"taxonomy":"category","embeddable":true,"href":"http:\/\/blogdalucianaoliveira.com.br\/blog\/wp-json\/wp\/v2\/categories?post=19919"},{"taxonomy":"post_tag","embeddable":true,"href":"http:\/\/blogdalucianaoliveira.com.br\/blog\/wp-json\/wp\/v2\/tags?post=19919"}],"curies":[{"name":"wp","href":"https:\/\/api.w.org\/{rel}","templated":true}]}}