{"id":19928,"date":"2018-12-21T09:24:29","date_gmt":"2018-12-21T13:24:29","guid":{"rendered":"http:\/\/blogdalucianaoliveira.com.br\/blog\/?p=19928"},"modified":"2018-12-21T09:24:29","modified_gmt":"2018-12-21T13:24:29","slug":"ferias-blog-com-atualizacao-lenta","status":"publish","type":"post","link":"http:\/\/blogdalucianaoliveira.com.br\/blog\/2018\/12\/21\/ferias-blog-com-atualizacao-lenta\/","title":{"rendered":"F\u00e9rias: Blog com atualiza\u00e7\u00e3o lenta"},"content":{"rendered":"<p><img data-recalc-dims=\"1\" loading=\"lazy\" decoding=\"async\" data-attachment-id=\"19929\" data-permalink=\"http:\/\/blogdalucianaoliveira.com.br\/blog\/2018\/12\/21\/ferias-blog-com-atualizacao-lenta\/24d93749-08a9-4945-8cb5-8a3762277184\/\" data-orig-file=\"https:\/\/i0.wp.com\/blogdalucianaoliveira.com.br\/blog\/wp-content\/uploads\/2018\/12\/24D93749-08A9-4945-8CB5-8A3762277184.jpeg?fit=4032%2C3024\" data-orig-size=\"4032,3024\" data-comments-opened=\"0\" data-image-meta=\"{&quot;aperture&quot;:&quot;0&quot;,&quot;credit&quot;:&quot;&quot;,&quot;camera&quot;:&quot;&quot;,&quot;caption&quot;:&quot;&quot;,&quot;created_timestamp&quot;:&quot;0&quot;,&quot;copyright&quot;:&quot;&quot;,&quot;focal_length&quot;:&quot;0&quot;,&quot;iso&quot;:&quot;0&quot;,&quot;shutter_speed&quot;:&quot;0&quot;,&quot;title&quot;:&quot;&quot;,&quot;orientation&quot;:&quot;6&quot;}\" data-image-title=\"24D93749-08A9-4945-8CB5-8A3762277184\" data-image-description=\"\" data-image-caption=\"\" data-medium-file=\"https:\/\/i0.wp.com\/blogdalucianaoliveira.com.br\/blog\/wp-content\/uploads\/2018\/12\/24D93749-08A9-4945-8CB5-8A3762277184.jpeg?fit=300%2C225\" data-large-file=\"https:\/\/i0.wp.com\/blogdalucianaoliveira.com.br\/blog\/wp-content\/uploads\/2018\/12\/24D93749-08A9-4945-8CB5-8A3762277184.jpeg?fit=600%2C450\" src=\"https:\/\/i0.wp.com\/blogdalucianaoliveira.com.br\/blog\/wp-content\/uploads\/2018\/12\/24D93749-08A9-4945-8CB5-8A3762277184.jpeg?resize=600%2C450\" alt=\"24D93749-08A9-4945-8CB5-8A3762277184\" width=\"600\" height=\"450\" class=\"alignnone size-full wp-image-19929\" srcset=\"https:\/\/i0.wp.com\/blogdalucianaoliveira.com.br\/blog\/wp-content\/uploads\/2018\/12\/24D93749-08A9-4945-8CB5-8A3762277184.jpeg?w=4032 4032w, https:\/\/i0.wp.com\/blogdalucianaoliveira.com.br\/blog\/wp-content\/uploads\/2018\/12\/24D93749-08A9-4945-8CB5-8A3762277184.jpeg?resize=300%2C225 300w, https:\/\/i0.wp.com\/blogdalucianaoliveira.com.br\/blog\/wp-content\/uploads\/2018\/12\/24D93749-08A9-4945-8CB5-8A3762277184.jpeg?resize=768%2C576 768w, https:\/\/i0.wp.com\/blogdalucianaoliveira.com.br\/blog\/wp-content\/uploads\/2018\/12\/24D93749-08A9-4945-8CB5-8A3762277184.jpeg?resize=1024%2C768 1024w, https:\/\/i0.wp.com\/blogdalucianaoliveira.com.br\/blog\/wp-content\/uploads\/2018\/12\/24D93749-08A9-4945-8CB5-8A3762277184.jpeg?resize=400%2C300 400w, https:\/\/i0.wp.com\/blogdalucianaoliveira.com.br\/blog\/wp-content\/uploads\/2018\/12\/24D93749-08A9-4945-8CB5-8A3762277184.jpeg?w=1200 1200w, https:\/\/i0.wp.com\/blogdalucianaoliveira.com.br\/blog\/wp-content\/uploads\/2018\/12\/24D93749-08A9-4945-8CB5-8A3762277184.jpeg?w=1800 1800w\" sizes=\"auto, (max-width: 600px) 100vw, 600px\" \/><\/p>\n<p>Fui! <\/p>\n<p>Estou fora de combate de hoje at\u00e9 acabar a grana pra rodar na Cordilheira dos Andes. <\/p>\n<p>Aqui registro a pausa no ativismo social e pol\u00edtico, mas quem quiser dicas do Peru basta ficar de olho nas minhas publica\u00e7\u00f5es. <\/p>\n<p>J\u00e1 fui pra l\u00e1 e pra c\u00e1 pelo mundo e at\u00e9 que enfim, deu certo conhecer o exuberante pa\u00eds vizinho que fica t\u00e3o perto. <\/p>\n<p>L\u00e1 tem o que preciso pra renovar minha for\u00e7a: grandeza de cultura e de natureza. <\/p>\n<p>L\u00e1 espero me libertar de ang\u00fastias que se empilharam como chumbo em meu cora\u00e7\u00e3o. <\/p>\n<p>\u201cSi me quitaran las palabras<br \/>\no la lengua<br \/>\nhablar\u00eda con el coraz\u00f3n<br \/>\nen la mano,<br \/>\no con las manos en el coraz\u00f3n.\u201d<\/p>\n<p>Nas montanhas velhas que seguem verdejando, repousarei da luta cont\u00ednua pela democracia e justi\u00e7a social. <\/p>\n<p>E pra voltar mais firme e verde. <\/p>\n<p>Bora l\u00e1, encarar o \u2018soroche\u2019, porque aqui, esse ano sofri com enjoo e falta de ar.<\/p>\n<p>Enfim, Temer Fora.<br \/>\nInfelizmente, Bolsonaro dentro. <\/p>\n<p>Vida que segue&#8230;<br \/>\nEm curvas, pra cima e pra baixo, como uma cadeia montanhosa que a gente precisa encarar com coragem e f\u00e9. <\/p>\n<p>\ud83c\udf3a<\/p>\n","protected":false},"excerpt":{"rendered":"<p>Fui! Estou fora de combate de hoje at\u00e9 acabar a grana pra rodar na Cordilheira dos Andes. Aqui registro a pausa no ativismo social e pol\u00edtico, mas quem quiser dicas do Peru basta ficar de olho nas minhas publica\u00e7\u00f5es. J\u00e1 fui pra l\u00e1 e pra c\u00e1 pelo mundo e at\u00e9 que enfim, deu certo conhecer&#8230;<a class=\"more-link\" href=\"http:\/\/blogdalucianaoliveira.com.br\/blog\/2018\/12\/21\/ferias-blog-com-atualizacao-lenta\/\">Continue a leitura <span class=\"meta-nav\">&raquo;<\/span><\/a><\/p>\n","protected":false},"author":1,"featured_media":0,"comment_status":"closed","ping_status":"open","sticky":false,"template":"","format":"standard","meta":{"_exactmetrics_skip_tracking":false,"_exactmetrics_sitenote_active":false,"_exactmetrics_sitenote_note":"","_exactmetrics_sitenote_category":0,"jetpack_post_was_ever_published":false,"_jetpack_newsletter_access":"","_jetpack_dont_email_post_to_subs":false,"_jetpack_newsletter_tier_id":0,"_jetpack_memberships_contains_paywalled_content":false,"_jetpack_memberships_contains_paid_content":false,"footnotes":"","jetpack_publicize_message":"","jetpack_publicize_feature_enabled":true,"jetpack_social_post_already_shared":true,"jetpack_social_options":{"image_generator_settings":{"template":"highway","enabled":false},"version":2}},"categories":[1],"tags":[],"class_list":["post-19928","post","type-post","status-publish","format-standard","hentry","category-notas"],"jetpack_publicize_connections":[],"jetpack_sharing_enabled":true,"jetpack_featured_media_url":"","jetpack_shortlink":"https:\/\/wp.me\/p7wKYW-5bq","jetpack-related-posts":[],"_links":{"self":[{"href":"http:\/\/blogdalucianaoliveira.com.br\/blog\/wp-json\/wp\/v2\/posts\/19928","targetHints":{"allow":["GET"]}}],"collection":[{"href":"http:\/\/blogdalucianaoliveira.com.br\/blog\/wp-json\/wp\/v2\/posts"}],"about":[{"href":"http:\/\/blogdalucianaoliveira.com.br\/blog\/wp-json\/wp\/v2\/types\/post"}],"author":[{"embeddable":true,"href":"http:\/\/blogdalucianaoliveira.com.br\/blog\/wp-json\/wp\/v2\/users\/1"}],"replies":[{"embeddable":true,"href":"http:\/\/blogdalucianaoliveira.com.br\/blog\/wp-json\/wp\/v2\/comments?post=19928"}],"version-history":[{"count":1,"href":"http:\/\/blogdalucianaoliveira.com.br\/blog\/wp-json\/wp\/v2\/posts\/19928\/revisions"}],"predecessor-version":[{"id":19930,"href":"http:\/\/blogdalucianaoliveira.com.br\/blog\/wp-json\/wp\/v2\/posts\/19928\/revisions\/19930"}],"wp:attachment":[{"href":"http:\/\/blogdalucianaoliveira.com.br\/blog\/wp-json\/wp\/v2\/media?parent=19928"}],"wp:term":[{"taxonomy":"category","embeddable":true,"href":"http:\/\/blogdalucianaoliveira.com.br\/blog\/wp-json\/wp\/v2\/categories?post=19928"},{"taxonomy":"post_tag","embeddable":true,"href":"http:\/\/blogdalucianaoliveira.com.br\/blog\/wp-json\/wp\/v2\/tags?post=19928"}],"curies":[{"name":"wp","href":"https:\/\/api.w.org\/{rel}","templated":true}]}}