{"id":19932,"date":"2019-01-04T08:05:12","date_gmt":"2019-01-04T12:05:12","guid":{"rendered":"http:\/\/blogdalucianaoliveira.com.br\/blog\/?p=19932"},"modified":"2019-01-04T08:05:12","modified_gmt":"2019-01-04T12:05:12","slug":"14-das-falas-de-bolsonaro-sao-ataques-a-midia-e-ao-pt","status":"publish","type":"post","link":"http:\/\/blogdalucianaoliveira.com.br\/blog\/2019\/01\/04\/14-das-falas-de-bolsonaro-sao-ataques-a-midia-e-ao-pt\/","title":{"rendered":"1\/4 das falas de Bolsonaro s\u00e3o ataques \u00e0 m\u00eddia e ao PT"},"content":{"rendered":"<p><img data-recalc-dims=\"1\" loading=\"lazy\" decoding=\"async\" data-attachment-id=\"19933\" data-permalink=\"http:\/\/blogdalucianaoliveira.com.br\/blog\/2019\/01\/04\/14-das-falas-de-bolsonaro-sao-ataques-a-midia-e-ao-pt\/d300a39e-b9e7-4ce7-9d5d-34326efd73f2\/\" data-orig-file=\"https:\/\/i0.wp.com\/blogdalucianaoliveira.com.br\/blog\/wp-content\/uploads\/2019\/01\/D300A39E-B9E7-4CE7-9D5D-34326EFD73F2.png?fit=756%2C420\" data-orig-size=\"756,420\" data-comments-opened=\"0\" data-image-meta=\"{&quot;aperture&quot;:&quot;0&quot;,&quot;credit&quot;:&quot;&quot;,&quot;camera&quot;:&quot;&quot;,&quot;caption&quot;:&quot;&quot;,&quot;created_timestamp&quot;:&quot;0&quot;,&quot;copyright&quot;:&quot;&quot;,&quot;focal_length&quot;:&quot;0&quot;,&quot;iso&quot;:&quot;0&quot;,&quot;shutter_speed&quot;:&quot;0&quot;,&quot;title&quot;:&quot;&quot;,&quot;orientation&quot;:&quot;0&quot;}\" data-image-title=\"D300A39E-B9E7-4CE7-9D5D-34326EFD73F2\" data-image-description=\"\" data-image-caption=\"\" data-medium-file=\"https:\/\/i0.wp.com\/blogdalucianaoliveira.com.br\/blog\/wp-content\/uploads\/2019\/01\/D300A39E-B9E7-4CE7-9D5D-34326EFD73F2.png?fit=300%2C167\" data-large-file=\"https:\/\/i0.wp.com\/blogdalucianaoliveira.com.br\/blog\/wp-content\/uploads\/2019\/01\/D300A39E-B9E7-4CE7-9D5D-34326EFD73F2.png?fit=600%2C333\" src=\"https:\/\/i0.wp.com\/blogdalucianaoliveira.com.br\/blog\/wp-content\/uploads\/2019\/01\/D300A39E-B9E7-4CE7-9D5D-34326EFD73F2.png?resize=600%2C333\" alt=\"D300A39E-B9E7-4CE7-9D5D-34326EFD73F2\" width=\"600\" height=\"333\" class=\"alignnone size-full wp-image-19933\" srcset=\"https:\/\/i0.wp.com\/blogdalucianaoliveira.com.br\/blog\/wp-content\/uploads\/2019\/01\/D300A39E-B9E7-4CE7-9D5D-34326EFD73F2.png?w=756 756w, https:\/\/i0.wp.com\/blogdalucianaoliveira.com.br\/blog\/wp-content\/uploads\/2019\/01\/D300A39E-B9E7-4CE7-9D5D-34326EFD73F2.png?resize=300%2C167 300w, https:\/\/i0.wp.com\/blogdalucianaoliveira.com.br\/blog\/wp-content\/uploads\/2019\/01\/D300A39E-B9E7-4CE7-9D5D-34326EFD73F2.png?resize=540%2C300 540w\" sizes=\"auto, (max-width: 600px) 100vw, 600px\" \/><\/p>\n<p>Desde o dia em que foi eleito, Jair Bolsonaro publicou 345 manifesta\u00e7\u00f5es nas suas redes sociais, com destaque para uma promessa inicial: \u201cNossa miss\u00e3o agora \u00e9 unir o Brasil! Miss\u00e3o dada \u00e9 miss\u00e3o cumprida!\u201d.<!--more--><\/p>\n<p>No Blog da Cidadania <\/p>\n<p>Apesar das postagens logo ap\u00f3s o dia 28 de outubro terem sugerido uma inflex\u00e3o em seu comportamento \u2014ele chegou at\u00e9 a agradecer as palavras de felicita\u00e7\u00f5es do oponente Fernando Haddad (PT)\u2014, Bolsonaro rapidamente retomou o tom da campanha na internet, seu meio de comunica\u00e7\u00e3o preferido. Ele tem 10,2 milh\u00f5es de seguidores no Facebook, 8,8 milh\u00f5es no Instagram e 2,8 milh\u00f5es no Twitter.<\/p>\n<p>De todas as suas manifesta\u00e7\u00f5es nesse per\u00edodo, 27% foram de cr\u00edticas \u00e0 imprensa ou \u00e0 esquerda e ao PT, partido que derrotou nas urnas.<\/p>\n<p>Outros 22% foram compartilhamentos de sites e perfis aliados, que cont\u00eam ataques a \u00f3rg\u00e3os de comunica\u00e7\u00e3o e a opositores.<\/p>\n<p>Um dos alvos de Bolsonaro foi reportagem da Folha que relatou que ele, apesar de ter obtido 13 milh\u00f5es de votos no Norte e Nordeste, tomaria posse pela primeira vez na hist\u00f3ria da Rep\u00fablica sem nenhum representante dessas regi\u00f5es no primeiro escal\u00e3o.<\/p>\n<p>\u201cA Folha de SP continua a fazer um jornalismo sujo e baixo n\u00edvel. Agora insinuam falta de representatividade das regi\u00f5es Norte e Nordeste nos minist\u00e9rios, como se nascer em uma regi\u00e3o se traduzisse em compet\u00eancia e n\u00e3o nascer significasse descaso e abandono. V\u00e3o quebrar a cara!\u201d, publicou no dia 21 de dezembro.<\/p>\n<p>\u201c#fakenews\u201d, escreveu, no mesmo dia, sobre reportagem do jornal \u201cO Globo\u201d que relatava que o futuro ministro Osmar Terra (Cidadania) j\u00e1 havia conversado com ele sobre proposta de limitar venda de bebidas alco\u00f3licas, principalmente em \u00e1reas violentas.<\/p>\n<p>Em a\u00e7\u00f5es paralelas, Bolsonaro frequentemente compartilha cr\u00edticas de seu filho Carlos (vereador no Rio de Janeiro e mentor das a\u00e7\u00f5es do pai nas redes sociais) aos meios de comunica\u00e7\u00e3o, al\u00e9m de postagens de sites e perfis que lhes s\u00e3o simp\u00e1ticos, como \u201cRep\u00fablica de Curitiba\u201d e \u201cRenova M\u00eddia\u201d.<\/p>\n<p>Desde o per\u00edodo pr\u00e9-eleitoral, Bolsonaro tem manifestado posi\u00e7\u00f5es agressivas em rela\u00e7\u00e3o a ve\u00edculos de comunica\u00e7\u00e3o, em especial a Folha. O jornal revelou, entre outras informa\u00e7\u00f5es, a acelerada evolu\u00e7\u00e3o patrimonial dele e de sua fam\u00edlia, a exist\u00eancia de uma funcion\u00e1ria fantasma em seu gabinete e atua\u00e7\u00e3o de empres\u00e1rios para impulsionar no WhatsApp mensagens anti-PT durante as elei\u00e7\u00f5es.<\/p>\n<p>Em v\u00eddeo exibido a seus apoiadores durante manifesta\u00e7\u00e3o na avenida Paulista, em outubro, Bolsonaro afirmou que \u201ca Folha de S.Paulo \u00e9 a maior fake news do Brasil\u201d e disse que o jornal n\u00e3o ter\u00e1 mais verba publicit\u00e1ria do governo.<\/p>\n<p>J\u00e1 eleito, escreveu em 17 de novembro: \u201cGra\u00e7as a Deus temos a internet para ter informa\u00e7\u00e3o e desenvolvimento!\u201d.<\/p>\n<p>Em rela\u00e7\u00e3o \u00e0 esquerda e ao PT, o presidente eleito adota nas redes sociais o mesmo argumento de campanha de que o partido quebrou e roubou o pa\u00eds.<\/p>\n<p>Lula, que est\u00e1 preso desde abril ap\u00f3s condena\u00e7\u00e3o em segunda inst\u00e2ncia por corrup\u00e7\u00e3o passiva e lavagem de dinheiro, \u00e9 personagem frequente de suas manifesta\u00e7\u00f5es. \u201cAcabaram as elei\u00e7\u00f5es e as visitas \u00edntimas na pris\u00e3o diminu\u00edram!\u201d, ironizou, em 1\u00ba de dezembro, se referindo \u00e0 visita de petistas ao ex-presidente, em Curitiba.<\/p>\n<p>A metade das postagens que n\u00e3o integram a artilharia do presidente eleito se divide entre agradecimentos, an\u00fancios ou promessas do novo governo, al\u00e9m de outros temas, como v\u00eddeos de seus compromissos e de suas entrevistas.<\/p>\n<p>Ap\u00f3s as elei\u00e7\u00f5es, Bolsonaro anunciou nas redes sociais 14 dos seus 22 ministros \u2014Paulo Guedes (Economia), Onyx Lorenzoni (Casa Civil) e Augusto Heleno (Gabinete de Seguran\u00e7a Institucional) j\u00e1 haviam sido indicados antes da vit\u00f3ria nas urnas.<\/p>\n<p>Da FSP<\/p>\n","protected":false},"excerpt":{"rendered":"<p>Desde o dia em que foi eleito, Jair Bolsonaro publicou 345 manifesta\u00e7\u00f5es nas suas redes sociais, com destaque para uma promessa inicial: \u201cNossa miss\u00e3o agora \u00e9 unir o Brasil! Miss\u00e3o dada \u00e9 miss\u00e3o cumprida!\u201d.<\/p>\n","protected":false},"author":1,"featured_media":0,"comment_status":"closed","ping_status":"open","sticky":false,"template":"","format":"standard","meta":{"_exactmetrics_skip_tracking":false,"_exactmetrics_sitenote_active":false,"_exactmetrics_sitenote_note":"","_exactmetrics_sitenote_category":0,"jetpack_post_was_ever_published":false,"_jetpack_newsletter_access":"","_jetpack_dont_email_post_to_subs":false,"_jetpack_newsletter_tier_id":0,"_jetpack_memberships_contains_paywalled_content":false,"_jetpack_memberships_contains_paid_content":false,"footnotes":"","jetpack_publicize_message":"","jetpack_publicize_feature_enabled":true,"jetpack_social_post_already_shared":true,"jetpack_social_options":{"image_generator_settings":{"template":"highway","enabled":false},"version":2}},"categories":[1],"tags":[],"class_list":["post-19932","post","type-post","status-publish","format-standard","hentry","category-notas"],"jetpack_publicize_connections":[],"jetpack_sharing_enabled":true,"jetpack_featured_media_url":"","jetpack_shortlink":"https:\/\/wp.me\/p7wKYW-5bu","jetpack-related-posts":[],"_links":{"self":[{"href":"http:\/\/blogdalucianaoliveira.com.br\/blog\/wp-json\/wp\/v2\/posts\/19932","targetHints":{"allow":["GET"]}}],"collection":[{"href":"http:\/\/blogdalucianaoliveira.com.br\/blog\/wp-json\/wp\/v2\/posts"}],"about":[{"href":"http:\/\/blogdalucianaoliveira.com.br\/blog\/wp-json\/wp\/v2\/types\/post"}],"author":[{"embeddable":true,"href":"http:\/\/blogdalucianaoliveira.com.br\/blog\/wp-json\/wp\/v2\/users\/1"}],"replies":[{"embeddable":true,"href":"http:\/\/blogdalucianaoliveira.com.br\/blog\/wp-json\/wp\/v2\/comments?post=19932"}],"version-history":[{"count":1,"href":"http:\/\/blogdalucianaoliveira.com.br\/blog\/wp-json\/wp\/v2\/posts\/19932\/revisions"}],"predecessor-version":[{"id":19934,"href":"http:\/\/blogdalucianaoliveira.com.br\/blog\/wp-json\/wp\/v2\/posts\/19932\/revisions\/19934"}],"wp:attachment":[{"href":"http:\/\/blogdalucianaoliveira.com.br\/blog\/wp-json\/wp\/v2\/media?parent=19932"}],"wp:term":[{"taxonomy":"category","embeddable":true,"href":"http:\/\/blogdalucianaoliveira.com.br\/blog\/wp-json\/wp\/v2\/categories?post=19932"},{"taxonomy":"post_tag","embeddable":true,"href":"http:\/\/blogdalucianaoliveira.com.br\/blog\/wp-json\/wp\/v2\/tags?post=19932"}],"curies":[{"name":"wp","href":"https:\/\/api.w.org\/{rel}","templated":true}]}}