{"id":19935,"date":"2019-01-04T08:14:33","date_gmt":"2019-01-04T12:14:33","guid":{"rendered":"http:\/\/blogdalucianaoliveira.com.br\/blog\/?p=19935"},"modified":"2019-01-04T08:14:33","modified_gmt":"2019-01-04T12:14:33","slug":"safatle-nos-o-lixo-marxista-podemos-vencer-bolsonaro","status":"publish","type":"post","link":"http:\/\/blogdalucianaoliveira.com.br\/blog\/2019\/01\/04\/safatle-nos-o-lixo-marxista-podemos-vencer-bolsonaro\/","title":{"rendered":"SAFATLE: N\u00d3S, O LIXO MARXISTA, PODEMOS VENCER BOLSONARO"},"content":{"rendered":"<p><img data-recalc-dims=\"1\" loading=\"lazy\" decoding=\"async\" data-attachment-id=\"19936\" data-permalink=\"http:\/\/blogdalucianaoliveira.com.br\/blog\/2019\/01\/04\/safatle-nos-o-lixo-marxista-podemos-vencer-bolsonaro\/5f5d1d6d-0a63-4a4d-ad43-dc3346d61493\/\" data-orig-file=\"https:\/\/i0.wp.com\/blogdalucianaoliveira.com.br\/blog\/wp-content\/uploads\/2019\/01\/5F5D1D6D-0A63-4A4D-AD43-DC3346D61493.jpeg?fit=750%2C375\" data-orig-size=\"750,375\" data-comments-opened=\"0\" data-image-meta=\"{&quot;aperture&quot;:&quot;0&quot;,&quot;credit&quot;:&quot;&quot;,&quot;camera&quot;:&quot;&quot;,&quot;caption&quot;:&quot;&quot;,&quot;created_timestamp&quot;:&quot;0&quot;,&quot;copyright&quot;:&quot;&quot;,&quot;focal_length&quot;:&quot;0&quot;,&quot;iso&quot;:&quot;0&quot;,&quot;shutter_speed&quot;:&quot;0&quot;,&quot;title&quot;:&quot;&quot;,&quot;orientation&quot;:&quot;0&quot;}\" data-image-title=\"5F5D1D6D-0A63-4A4D-AD43-DC3346D61493\" data-image-description=\"\" data-image-caption=\"\" data-medium-file=\"https:\/\/i0.wp.com\/blogdalucianaoliveira.com.br\/blog\/wp-content\/uploads\/2019\/01\/5F5D1D6D-0A63-4A4D-AD43-DC3346D61493.jpeg?fit=300%2C150\" data-large-file=\"https:\/\/i0.wp.com\/blogdalucianaoliveira.com.br\/blog\/wp-content\/uploads\/2019\/01\/5F5D1D6D-0A63-4A4D-AD43-DC3346D61493.jpeg?fit=600%2C300\" src=\"https:\/\/i0.wp.com\/blogdalucianaoliveira.com.br\/blog\/wp-content\/uploads\/2019\/01\/5F5D1D6D-0A63-4A4D-AD43-DC3346D61493.jpeg?resize=600%2C300\" alt=\"5F5D1D6D-0A63-4A4D-AD43-DC3346D61493\" width=\"600\" height=\"300\" class=\"alignnone size-full wp-image-19936\" srcset=\"https:\/\/i0.wp.com\/blogdalucianaoliveira.com.br\/blog\/wp-content\/uploads\/2019\/01\/5F5D1D6D-0A63-4A4D-AD43-DC3346D61493.jpeg?w=750 750w, https:\/\/i0.wp.com\/blogdalucianaoliveira.com.br\/blog\/wp-content\/uploads\/2019\/01\/5F5D1D6D-0A63-4A4D-AD43-DC3346D61493.jpeg?resize=300%2C150 300w, https:\/\/i0.wp.com\/blogdalucianaoliveira.com.br\/blog\/wp-content\/uploads\/2019\/01\/5F5D1D6D-0A63-4A4D-AD43-DC3346D61493.jpeg?resize=600%2C300 600w\" sizes=\"auto, (max-width: 600px) 100vw, 600px\" \/><\/p>\n<p>247 \u2013 &#8220;Quando Jair Messias fala que ir\u00e1 lutar contra o lixo marxista nas escolas, nas artes e nas universidades, entendam que essa luta ser\u00e1 a mais importante de seu governo, a \u00fanica condi\u00e7\u00e3o de sua sobreviv\u00eancia. Pois ele sabe de onde pode vir seu fim depois de ficar evidente o tipo de cat\u00e1strofe econ\u00f4mica e social para a qual ele est\u00e1 nos levando&#8221;, diz o fil\u00f3sofo Vladimir Safatle, no artigo &#8220;N\u00f3s, o lixo marxista&#8221;.<!--more--><\/p>\n<p>&#8220;N\u00e3o h\u00e1 raz\u00e3o alguma para se enganar e acreditar em certa normalidade: a l\u00f3gica que ir\u00e1 imperar daqui para a frente \u00e9 a da guerra. Pois isso n\u00e3o \u00e9 um governo, \u00e9 um ataque&#8221;, pontua ainda o fil\u00f3sofo. &#8220;A verdadeira lat\u00eancia da sociedade brasileira \u2014que poderia emergir em situa\u00e7\u00f5es de crise como esta\u2014 \u00e9 um socialismo real e sem medo de dizer seu nome.&#8221;<\/p>\n<p>Confira o artigo: <\/p>\n<p>Tomou posse o primeiro governo eleito de extrema direita do Brasil. Com ele, n\u00e3o h\u00e1 negocia\u00e7\u00e3o alguma poss\u00edvel. Nem ele procura alguma forma de negocia\u00e7\u00e3o com aqueles que n\u00e3o comungam com seus credos, que n\u00e3o louvam seus torturadores e que n\u00e3o acham que &#8220;\u00e9 duro ser patr\u00e3o no Brasil&#8221;.<\/p>\n<p>N\u00e3o h\u00e1 raz\u00e3o alguma para se enganar e acreditar em certa normalidade: a l\u00f3gica que ir\u00e1 imperar daqui para a frente \u00e9 a da guerra. Pois isso n\u00e3o \u00e9 um governo, \u00e9 um ataque.<\/p>\n<p>J\u00e1 o discurso do sr. Jair Messias foi claro. Quest\u00f5es econ\u00f4micas e sociais estiveram em segundo plano enquanto as duas palavras mais citadas foram &#8220;deus&#8221; e &#8220;ideologia&#8221;. Deus estava l\u00e1, ao que parece, para nos livrar da &#8220;crise moral&#8221; por que passa a Rep\u00fablica brasileira.<\/p>\n<p>Isso, diga-se de passagem, h\u00e1 de se conceder ao sr. Jair Messias: vivemos mesmo uma crise moral profunda. Ela est\u00e1 instalada no cerne do governo brasileiro.<\/p>\n<p>Pois como justificar um governo cujo ministro da Justi\u00e7a ganhou seu cargo como pr\u00eamio por ter colocado o candidato mais popular a presidente nas grades e pavimentado a estrada para a vit\u00f3ria de seu atual chefe?<\/p>\n<p>Como descrever um governo que j\u00e1 nasce com ministros indiciados e um r\u00e9u confesso que se escarnece da popula\u00e7\u00e3o brasileira ao afirmar &#8220;j\u00e1 ter se acertado com deus&#8221; a respeito de seus malfeitos?<\/p>\n<p>Como descrever um presidente cujo motorista foi pego em opera\u00e7\u00f5es financeiras absolutamente suspeitas e se negado duas vezes a comparecer \u00e0 Justi\u00e7a sem sequer ser objeto de condu\u00e7\u00e3o coercitiva?<\/p>\n<p>Mas o destaque evidente \u00e9 mais nova luta do Estado brasileiro contra a &#8220;ideologia&#8221;.<\/p>\n<p>Enquanto uma de suas primeiras medidas governamentais foi diminuir o valor previsto do aumento do sal\u00e1rio m\u00ednimo, mostrando assim seu desprezo pela sorte das classes economicamente mais vulner\u00e1veis, o sr. Jair Messias convocava seus ac\u00f3litos \u00e0 grande cruzada nacional para lutar contra o socialismo, retirar das escolas o lixo marxista e impedir que a bandeira brasileira seja pintada de vermelho.<\/p>\n<p>Alguns podem achar tudo isso parte de um del\u00edrio que normalmente acomete leitores de Olavo de Carvalho. Mas gostaria de dizer que, de certa forma, o atual ocupante da Presid\u00eancia tem raz\u00e3o.<\/p>\n<p>Sua sobreviv\u00eancia depende da luta cont\u00ednua contra a \u00fanica alternativa que nunca foi tentada neste pa\u00eds, que nunca se acomodou nem \u00e0s regress\u00f5es autorit\u00e1rias que nos assolam nem aos arranjos populistas que marcaram nossa hist\u00f3ria.<\/p>\n<p>Pois ningu\u00e9m aqui tentou expropriar meios de produ\u00e7\u00e3o para entreg\u00e1-los \u00e0 autogest\u00e3o dos pr\u00f3prios trabalhadores, ningu\u00e9m procurou desconstituir o Estado para passar suas atribui\u00e7\u00f5es a conselhos populares, aprofundando a democracia direta, nem levou ao extremo necess\u00e1rio a luta pelo igualitarismo econ\u00f4mico o social que permite a todos os sujeitos exercerem sua liberdade sem serem servos da mis\u00e9ria e da espolia\u00e7\u00e3o econ\u00f4mica.<\/p>\n<p>Ou seja, a verdadeira lat\u00eancia da sociedade brasileira \u2014que poderia emergir em situa\u00e7\u00f5es de crise como esta\u2014 \u00e9 um socialismo real e sem medo de dizer seu nome.<\/p>\n<p>A sociedade brasileira tem o direito de conhec\u00ea-lo, de pensar a seu respeito, de tentar aquilo que nunca conheceu sequer a sombra. Ela tem direito de invent\u00e1-lo a partir da cr\u00edtica e da autocr\u00edtica do passado.<\/p>\n<p>Mas contra isso \u00e9 necess\u00e1rio calar a todos que n\u00e3o se contentam com a vida tal como ela nos \u00e9 imposta por essa associa\u00e7\u00e3o macabra de militares, pastores, latifundi\u00e1rios, financistas, banqueiros, iluminados por deus, escroques que tomaram de assalto o governo e que sempre estiveram dando as cartas, de forma direta ou indireta.<\/p>\n<p>Assim, quando Jair Messias fala que ir\u00e1 lutar contra o lixo marxista nas escolas, nas artes e nas universidades, entendam que essa luta ser\u00e1 a mais importante de seu governo, a \u00fanica condi\u00e7\u00e3o de sua sobreviv\u00eancia. Pois ele sabe de onde pode vir seu fim depois de ficar evidente o tipo de cat\u00e1strofe econ\u00f4mica e social para a qual ele est\u00e1 nos levando.<\/p>\n<p>Vladimir Safatle<br \/>\nProfessor de filosofia da USP, autor de \u201cO Circuito dos Afetos: Corpos Pol\u00edticos, Desamparo e o Fim do Indiv\u00edduo\u201d.<\/p>\n","protected":false},"excerpt":{"rendered":"<p>247 \u2013 &#8220;Quando Jair Messias fala que ir\u00e1 lutar contra o lixo marxista nas escolas, nas artes e nas universidades, entendam que essa luta ser\u00e1 a mais importante de seu governo, a \u00fanica condi\u00e7\u00e3o de sua sobreviv\u00eancia. Pois ele sabe de onde pode vir seu fim depois de ficar evidente o tipo de cat\u00e1strofe econ\u00f4mica&#8230;<a class=\"more-link\" href=\"http:\/\/blogdalucianaoliveira.com.br\/blog\/2019\/01\/04\/safatle-nos-o-lixo-marxista-podemos-vencer-bolsonaro\/\">Continue a leitura <span class=\"meta-nav\">&raquo;<\/span><\/a><\/p>\n","protected":false},"author":1,"featured_media":0,"comment_status":"closed","ping_status":"open","sticky":false,"template":"","format":"standard","meta":{"_exactmetrics_skip_tracking":false,"_exactmetrics_sitenote_active":false,"_exactmetrics_sitenote_note":"","_exactmetrics_sitenote_category":0,"jetpack_post_was_ever_published":false,"_jetpack_newsletter_access":"","_jetpack_dont_email_post_to_subs":false,"_jetpack_newsletter_tier_id":0,"_jetpack_memberships_contains_paywalled_content":false,"_jetpack_memberships_contains_paid_content":false,"footnotes":"","jetpack_publicize_message":"","jetpack_publicize_feature_enabled":true,"jetpack_social_post_already_shared":true,"jetpack_social_options":{"image_generator_settings":{"template":"highway","enabled":false},"version":2}},"categories":[1],"tags":[],"class_list":["post-19935","post","type-post","status-publish","format-standard","hentry","category-notas"],"jetpack_publicize_connections":[],"jetpack_sharing_enabled":true,"jetpack_featured_media_url":"","jetpack_shortlink":"https:\/\/wp.me\/p7wKYW-5bx","jetpack-related-posts":[],"_links":{"self":[{"href":"http:\/\/blogdalucianaoliveira.com.br\/blog\/wp-json\/wp\/v2\/posts\/19935","targetHints":{"allow":["GET"]}}],"collection":[{"href":"http:\/\/blogdalucianaoliveira.com.br\/blog\/wp-json\/wp\/v2\/posts"}],"about":[{"href":"http:\/\/blogdalucianaoliveira.com.br\/blog\/wp-json\/wp\/v2\/types\/post"}],"author":[{"embeddable":true,"href":"http:\/\/blogdalucianaoliveira.com.br\/blog\/wp-json\/wp\/v2\/users\/1"}],"replies":[{"embeddable":true,"href":"http:\/\/blogdalucianaoliveira.com.br\/blog\/wp-json\/wp\/v2\/comments?post=19935"}],"version-history":[{"count":1,"href":"http:\/\/blogdalucianaoliveira.com.br\/blog\/wp-json\/wp\/v2\/posts\/19935\/revisions"}],"predecessor-version":[{"id":19937,"href":"http:\/\/blogdalucianaoliveira.com.br\/blog\/wp-json\/wp\/v2\/posts\/19935\/revisions\/19937"}],"wp:attachment":[{"href":"http:\/\/blogdalucianaoliveira.com.br\/blog\/wp-json\/wp\/v2\/media?parent=19935"}],"wp:term":[{"taxonomy":"category","embeddable":true,"href":"http:\/\/blogdalucianaoliveira.com.br\/blog\/wp-json\/wp\/v2\/categories?post=19935"},{"taxonomy":"post_tag","embeddable":true,"href":"http:\/\/blogdalucianaoliveira.com.br\/blog\/wp-json\/wp\/v2\/tags?post=19935"}],"curies":[{"name":"wp","href":"https:\/\/api.w.org\/{rel}","templated":true}]}}