{"id":19938,"date":"2019-01-04T10:21:29","date_gmt":"2019-01-04T14:21:29","guid":{"rendered":"http:\/\/blogdalucianaoliveira.com.br\/blog\/?p=19938"},"modified":"2019-01-04T10:21:29","modified_gmt":"2019-01-04T14:21:29","slug":"afinal-o-que-e-a-ideologia-de-genero-da-qual-o-presidente-fala","status":"publish","type":"post","link":"http:\/\/blogdalucianaoliveira.com.br\/blog\/2019\/01\/04\/afinal-o-que-e-a-ideologia-de-genero-da-qual-o-presidente-fala\/","title":{"rendered":"Afinal, o que \u00e9 a ideologia de g\u00eanero da qual o presidente fala?"},"content":{"rendered":"<p><img data-recalc-dims=\"1\" loading=\"lazy\" decoding=\"async\" data-attachment-id=\"19939\" data-permalink=\"http:\/\/blogdalucianaoliveira.com.br\/blog\/2019\/01\/04\/afinal-o-que-e-a-ideologia-de-genero-da-qual-o-presidente-fala\/0cff9740-df07-4020-bb46-9a0f426e2feb\/\" data-orig-file=\"https:\/\/i0.wp.com\/blogdalucianaoliveira.com.br\/blog\/wp-content\/uploads\/2019\/01\/0CFF9740-DF07-4020-BB46-9A0F426E2FEB.jpeg?fit=746%2C417\" data-orig-size=\"746,417\" data-comments-opened=\"0\" data-image-meta=\"{&quot;aperture&quot;:&quot;0&quot;,&quot;credit&quot;:&quot;&quot;,&quot;camera&quot;:&quot;&quot;,&quot;caption&quot;:&quot;&quot;,&quot;created_timestamp&quot;:&quot;0&quot;,&quot;copyright&quot;:&quot;&quot;,&quot;focal_length&quot;:&quot;0&quot;,&quot;iso&quot;:&quot;0&quot;,&quot;shutter_speed&quot;:&quot;0&quot;,&quot;title&quot;:&quot;&quot;,&quot;orientation&quot;:&quot;0&quot;}\" data-image-title=\"0CFF9740-DF07-4020-BB46-9A0F426E2FEB\" data-image-description=\"\" data-image-caption=\"\" data-medium-file=\"https:\/\/i0.wp.com\/blogdalucianaoliveira.com.br\/blog\/wp-content\/uploads\/2019\/01\/0CFF9740-DF07-4020-BB46-9A0F426E2FEB.jpeg?fit=300%2C168\" data-large-file=\"https:\/\/i0.wp.com\/blogdalucianaoliveira.com.br\/blog\/wp-content\/uploads\/2019\/01\/0CFF9740-DF07-4020-BB46-9A0F426E2FEB.jpeg?fit=600%2C335\" src=\"https:\/\/i0.wp.com\/blogdalucianaoliveira.com.br\/blog\/wp-content\/uploads\/2019\/01\/0CFF9740-DF07-4020-BB46-9A0F426E2FEB.jpeg?resize=600%2C335\" alt=\"0CFF9740-DF07-4020-BB46-9A0F426E2FEB\" width=\"600\" height=\"335\" class=\"alignnone size-full wp-image-19939\" srcset=\"https:\/\/i0.wp.com\/blogdalucianaoliveira.com.br\/blog\/wp-content\/uploads\/2019\/01\/0CFF9740-DF07-4020-BB46-9A0F426E2FEB.jpeg?w=746 746w, https:\/\/i0.wp.com\/blogdalucianaoliveira.com.br\/blog\/wp-content\/uploads\/2019\/01\/0CFF9740-DF07-4020-BB46-9A0F426E2FEB.jpeg?resize=300%2C168 300w, https:\/\/i0.wp.com\/blogdalucianaoliveira.com.br\/blog\/wp-content\/uploads\/2019\/01\/0CFF9740-DF07-4020-BB46-9A0F426E2FEB.jpeg?resize=537%2C300 537w\" sizes=\"auto, (max-width: 600px) 100vw, 600px\" \/><\/p>\n<p>Em seu primeiro discurso como presidente, na ter\u00e7a-feira (1), Jair Bolsonaro fez a seguinte declara\u00e7\u00e3o:<\/p>\n<p>&#8220;Vamos unir o povo, valorizar a fam\u00edlia, respeitar as religi\u00f5es e nossa tradi\u00e7\u00e3o judaico-crist\u00e3, combater a ideologia de g\u00eanero, conservando nossos valores.&#8221;<!--more--><\/p>\n<p>N\u00e3o \u00e9 a primeira vez que a express\u00e3o\u00a0\u00e9 dita por ele, que j\u00e1 a usou em outras falas p\u00fablicas, tu\u00edtes, campanha\u00a0e entrevistas, assim como seus correligion\u00e1rios e apoiadores. Mas, afinal, o que significa ideologia de g\u00eanero?<\/p>\n<p>De onde surgiu <\/p>\n<p>O termo foi cunhado\u00a0pela Igreja Cat\u00f3lica,\u00a0na Confer\u00eancia Episcopal do Peru, em 1998, para se referir a uma linha de pensamento que seria contr\u00e1ria \u00e0 divis\u00e3o da humanidade entre masculino e feminino. Nela,\u00a0os g\u00eaneros s\u00e3o moldados de acordo com a estrutura cultural e social dos indiv\u00edduos. Essa ideologia \u00e9 considerada pelos religiosos um perigo para o mundo, uma doutrina que poria em risco a concep\u00e7\u00e3o de fam\u00edlia.\u00a0<\/p>\n<p>No Brasil, o termo ganhou maior repercuss\u00e3o a partir de 2004, quando foi elaborada a proposta da Escola Sem Partido, que teve como principal defensor o pr\u00f3prio Bolsonaro. O projeto, que foi arquivado em 2018 na C\u00e2mara dos Deputados, prop\u00f5e que o poder p\u00fablico n\u00e3o permita &#8220;qualquer forma de dogmatismo ou proselitismo na abordagem das quest\u00f5es de g\u00eanero&#8221;. Os estudos de g\u00eanero, desde essa \u00e9poca, passaram a ser vistos como uma &#8220;doutrina\u00e7\u00e3o da esquerda&#8221; para atacar valores morais, como a fam\u00edlia.<\/p>\n<p>N\u00e3o \u00e9 um conceito te\u00f3rico <\/p>\n<p>A quest\u00e3o \u00e9 que, entre pesquisadores da \u00e1rea, essa linha de pensamento, na verdade,\u00a0n\u00e3o existe.<\/p>\n<p>Doutora em estudos de representatividade de g\u00eanero pela UFSC (Universidade Federal de Santa Catarina), a escritora Fernanda Friedrich afirma que os\u00a0te\u00f3ricos n\u00e3o negam diferen\u00e7as f\u00edsicas e biol\u00f3gicas de homens e mulheres. &#8220;O que fazemos \u00e9 identificar essas diferen\u00e7as e compreender como elas criam desigualdades entre as pessoas. Por exemplo, por que um homem branco tem uma rela\u00e7\u00e3o com a sociedade e uma mulher negra tem outra?&#8221;, questiona.<\/p>\n<p>Como explica\u00a0o pesquisador Rog\u00e9rio Diniz Junqueira, do Centro de Estudos Multidisciplinares Avan\u00e7ados da UnB (Universidade de Bras\u00edlia), o termo ideologia de g\u00eanero n\u00e3o \u00e9 considerado um conceito te\u00f3rico, mas um sintagma &#8211; ou seja, um termo inventado que passou a ser usado como slogan.\u00a0<\/p>\n<p>Slogan para qu\u00ea? &#8220;Para ir contra o g\u00eanero, contra as\u00a0conquistas do feminismo e contra LGBTIs&#8221;, afirma Junqueira. Ele diz que a express\u00e3o \u00e9 usada\u00a0em tom alarmista, chamando para enfrentar um &#8220;inimigo imagin\u00e1rio&#8221;. &#8220;E, em nome da luta contra ele, se empreendem a\u00e7\u00f5es pol\u00edticas voltadas a reafirmar e impor valores morais tradicionais e pontos doutrinais crist\u00e3os dogm\u00e1ticos intransigentes&#8221;, afirma ele em um de seus\u00a0artigos.<\/p>\n<p>&#8220;Querem impor essa ideologia&#8221;<\/p>\n<p>Professora de Teologia do Uninter (Centro Universit\u00e1rio Internacional), Arlene Denise Bacarji discorda. Ela, que tamb\u00e9m tem artigos sobre o tema, afirma que o termo se refere \u00e0 ideia de que a sexualidade humana \u00e9 constru\u00edda somente pela cultura e pela sociedade, o que, a seu ver, \u00e9 um equ\u00edvoco.<\/p>\n<p>&#8220;O pessoal que criou essa teoria de g\u00eanero, como a [fil\u00f3sofa] Judith Butler, diz que \u00e9 uma constru\u00e7\u00e3o social, e que ser mulher ou ser homem n\u00e3o tem a ver com a quest\u00e3o biol\u00f3gica&#8221;, afirma. &#8220;Querem impor essa ideologia. Podem at\u00e9 discutir, mas n\u00e3o podem fazer com quem n\u00e3o concorda com ela a aceite. E n\u00e3o \u00e9 porque n\u00e3o acredito nessa teoria que sou homof\u00f3bica.&#8221;<\/p>\n<p>&#8220;\u00c9 um perigo para n\u00f3s&#8221;, afirma mulher trans sobre termo<\/p>\n<p>Presidente da Antra (Associa\u00e7\u00e3o Nacional de Travestis e Transexuais),\u00a0Keila\u00a0Simpson\u00a0que o argumento da imposi\u00e7\u00e3o n\u00e3o \u00e9 verdadeiro. &#8220;Cresci no interior do Maranh\u00e3o, n\u00e3o h\u00e1 ningu\u00e9m trans na minha fam\u00edlia e desde os 12 anos me identifico como mulher, apesar de ter nascido com a genit\u00e1lia masculina. Ningu\u00e9m me imp\u00f4s nada, n\u00e3o \u00e9 assim que funciona&#8221;, diz. &#8220;Considero que a express\u00e3o foi cunhada\u00a0para perseguir e aniquilar nossos direitos. Deslegitima nossas liberdades individuais, ainda mais quando faz parte do discurso de um presidente.&#8221;<\/p>\n<p>Para a escritora e ativista trans Helena Vieira, a ideia de que uma pessoa \u00e9 definida somente pelos cromossomos os genitais retira dos trans o direito de existirem. &#8220;Dizem que somos doentes, que n\u00e3o \u00e9 normal e que o problema precisa ser corrigido com medicina, com religi\u00e3o. Esse discurso autoriza a viol\u00eancia contra a popula\u00e7\u00e3o trans&#8221;, afirma.\u00a0<\/p>\n<p>A ideologia de g\u00eanero pretende acabar com a fam\u00edlia ou ensinar crian\u00e7as a serem gays?<\/p>\n<p>N\u00e3o. Os estudos de g\u00eanero, como explicado pela pesquisadora Fernanda Friedrich, t\u00eam como objetivo mapear diferen\u00e7as sociais entre g\u00eaneros\u00a0e n\u00e3o neg\u00e1-las. A\u00a0inten\u00e7\u00e3o \u00e9\u00a0mostrar como as desigualdades surgem.<\/p>\n<p>N\u00e3o h\u00e1, segundo pesquisadores, inten\u00e7\u00e3o de impor um estilo de vida, uma escolha ou uma determinada orienta\u00e7\u00e3o sexual \u00e0s pessoas. Tampouco doutrinar crian\u00e7as nas escolas. A proposta de falar sobre g\u00eanero em sala de aula se baseia no compromisso \u00e9tico da educa\u00e7\u00e3o, segundo Jane Felipe de Souza, professora da Faculdade de Educa\u00e7\u00e3o da UFRGS (Universidade Federal do Rio Grande do Sul), coordenadora do Grupo de Estudos de Educa\u00e7\u00e3o Infantil e Inf\u00e2ncia e integrante do Grupo de Estudos em Educa\u00e7\u00e3o e G\u00eanero. &#8220;A crian\u00e7a pode vir de uma fam\u00edlia que menospreza mulheres, gays e l\u00e9sbicas e, nesse caso, h\u00e1 um compromisso \u00e9tico em falar sobre g\u00eanero para ensinar o aluno a respeitar o outro indiv\u00edduo.&#8221;<\/p>\n<p>Camila Brandise<br \/>\nNo Universa <\/p>\n","protected":false},"excerpt":{"rendered":"<p>Em seu primeiro discurso como presidente, na ter\u00e7a-feira (1), Jair Bolsonaro fez a seguinte declara\u00e7\u00e3o: &#8220;Vamos unir o povo, valorizar a fam\u00edlia, respeitar as religi\u00f5es e nossa tradi\u00e7\u00e3o judaico-crist\u00e3, combater a ideologia de g\u00eanero, conservando nossos valores.&#8221;<\/p>\n","protected":false},"author":1,"featured_media":0,"comment_status":"closed","ping_status":"open","sticky":false,"template":"","format":"standard","meta":{"_exactmetrics_skip_tracking":false,"_exactmetrics_sitenote_active":false,"_exactmetrics_sitenote_note":"","_exactmetrics_sitenote_category":0,"jetpack_post_was_ever_published":false,"_jetpack_newsletter_access":"","_jetpack_dont_email_post_to_subs":false,"_jetpack_newsletter_tier_id":0,"_jetpack_memberships_contains_paywalled_content":false,"_jetpack_memberships_contains_paid_content":false,"footnotes":"","jetpack_publicize_message":"","jetpack_publicize_feature_enabled":true,"jetpack_social_post_already_shared":true,"jetpack_social_options":{"image_generator_settings":{"template":"highway","enabled":false},"version":2}},"categories":[1],"tags":[],"class_list":["post-19938","post","type-post","status-publish","format-standard","hentry","category-notas"],"jetpack_publicize_connections":[],"jetpack_sharing_enabled":true,"jetpack_featured_media_url":"","jetpack_shortlink":"https:\/\/wp.me\/p7wKYW-5bA","jetpack-related-posts":[],"_links":{"self":[{"href":"http:\/\/blogdalucianaoliveira.com.br\/blog\/wp-json\/wp\/v2\/posts\/19938","targetHints":{"allow":["GET"]}}],"collection":[{"href":"http:\/\/blogdalucianaoliveira.com.br\/blog\/wp-json\/wp\/v2\/posts"}],"about":[{"href":"http:\/\/blogdalucianaoliveira.com.br\/blog\/wp-json\/wp\/v2\/types\/post"}],"author":[{"embeddable":true,"href":"http:\/\/blogdalucianaoliveira.com.br\/blog\/wp-json\/wp\/v2\/users\/1"}],"replies":[{"embeddable":true,"href":"http:\/\/blogdalucianaoliveira.com.br\/blog\/wp-json\/wp\/v2\/comments?post=19938"}],"version-history":[{"count":1,"href":"http:\/\/blogdalucianaoliveira.com.br\/blog\/wp-json\/wp\/v2\/posts\/19938\/revisions"}],"predecessor-version":[{"id":19940,"href":"http:\/\/blogdalucianaoliveira.com.br\/blog\/wp-json\/wp\/v2\/posts\/19938\/revisions\/19940"}],"wp:attachment":[{"href":"http:\/\/blogdalucianaoliveira.com.br\/blog\/wp-json\/wp\/v2\/media?parent=19938"}],"wp:term":[{"taxonomy":"category","embeddable":true,"href":"http:\/\/blogdalucianaoliveira.com.br\/blog\/wp-json\/wp\/v2\/categories?post=19938"},{"taxonomy":"post_tag","embeddable":true,"href":"http:\/\/blogdalucianaoliveira.com.br\/blog\/wp-json\/wp\/v2\/tags?post=19938"}],"curies":[{"name":"wp","href":"https:\/\/api.w.org\/{rel}","templated":true}]}}