{"id":19945,"date":"2019-01-05T11:56:54","date_gmt":"2019-01-05T15:56:54","guid":{"rendered":"http:\/\/blogdalucianaoliveira.com.br\/blog\/?p=19945"},"modified":"2019-01-05T11:58:29","modified_gmt":"2019-01-05T15:58:29","slug":"datafolha-so-metade-dos-eleitores-de-bolsonaro-aprova-perda-de-direitos-trabalhistas","status":"publish","type":"post","link":"http:\/\/blogdalucianaoliveira.com.br\/blog\/2019\/01\/05\/datafolha-so-metade-dos-eleitores-de-bolsonaro-aprova-perda-de-direitos-trabalhistas\/","title":{"rendered":"Datafolha: S\u00f3 metade dos eleitores de Bolsonaro aprova perda de direitos trabalhistas"},"content":{"rendered":"<p><img data-recalc-dims=\"1\" loading=\"lazy\" decoding=\"async\" data-attachment-id=\"19946\" data-permalink=\"http:\/\/blogdalucianaoliveira.com.br\/blog\/2019\/01\/05\/datafolha-so-metade-dos-eleitores-de-bolsonaro-aprova-perda-de-direitos-trabalhistas\/b86c7c84-105d-4b31-b7bc-b52c742bf5af\/\" data-orig-file=\"https:\/\/i0.wp.com\/blogdalucianaoliveira.com.br\/blog\/wp-content\/uploads\/2019\/01\/B86C7C84-105D-4B31-B7BC-B52C742BF5AF.png?fit=768%2C510\" data-orig-size=\"768,510\" data-comments-opened=\"0\" data-image-meta=\"{&quot;aperture&quot;:&quot;0&quot;,&quot;credit&quot;:&quot;&quot;,&quot;camera&quot;:&quot;&quot;,&quot;caption&quot;:&quot;&quot;,&quot;created_timestamp&quot;:&quot;0&quot;,&quot;copyright&quot;:&quot;&quot;,&quot;focal_length&quot;:&quot;0&quot;,&quot;iso&quot;:&quot;0&quot;,&quot;shutter_speed&quot;:&quot;0&quot;,&quot;title&quot;:&quot;&quot;,&quot;orientation&quot;:&quot;0&quot;}\" data-image-title=\"B86C7C84-105D-4B31-B7BC-B52C742BF5AF\" data-image-description=\"\" data-image-caption=\"\" data-medium-file=\"https:\/\/i0.wp.com\/blogdalucianaoliveira.com.br\/blog\/wp-content\/uploads\/2019\/01\/B86C7C84-105D-4B31-B7BC-B52C742BF5AF.png?fit=300%2C199\" data-large-file=\"https:\/\/i0.wp.com\/blogdalucianaoliveira.com.br\/blog\/wp-content\/uploads\/2019\/01\/B86C7C84-105D-4B31-B7BC-B52C742BF5AF.png?fit=600%2C398\" class=\"alignnone size-full wp-image-19946\" src=\"https:\/\/i0.wp.com\/blogdalucianaoliveira.com.br\/blog\/wp-content\/uploads\/2019\/01\/B86C7C84-105D-4B31-B7BC-B52C742BF5AF.png?resize=600%2C398\" alt=\"B86C7C84-105D-4B31-B7BC-B52C742BF5AF\" width=\"600\" height=\"398\" srcset=\"https:\/\/i0.wp.com\/blogdalucianaoliveira.com.br\/blog\/wp-content\/uploads\/2019\/01\/B86C7C84-105D-4B31-B7BC-B52C742BF5AF.png?w=768 768w, https:\/\/i0.wp.com\/blogdalucianaoliveira.com.br\/blog\/wp-content\/uploads\/2019\/01\/B86C7C84-105D-4B31-B7BC-B52C742BF5AF.png?resize=300%2C199 300w, https:\/\/i0.wp.com\/blogdalucianaoliveira.com.br\/blog\/wp-content\/uploads\/2019\/01\/B86C7C84-105D-4B31-B7BC-B52C742BF5AF.png?resize=452%2C300 452w\" sizes=\"auto, (max-width: 600px) 100vw, 600px\" \/><\/p>\n<p>Viomumdo &#8211; Dois pilares do neoliberalismo turbinado que ganhou pleitos estaduais e o do Planalto n\u00e3o tem apoio majorit\u00e1rio da popula\u00e7\u00e3o brasileira, segundo o Datafolha.<!--more--><\/p>\n<p>Em pesquisa publicada no di\u00e1rio conservador paulistano, 60% se disseram contra as privatiza\u00e7\u00f5es e 57% rejeitam a perda de direitos trabalhistas.<\/p>\n<p>Quando se trata de prefer\u00eancia partid\u00e1ria, nem entre os eleitores tucanos h\u00e1 maioria no apoio \u00e0s privatiza\u00e7\u00f5es: 41%.<\/p>\n<p>J\u00e1 entre os simpatizantes do PSL de Jair Bolsonaro, o apoio \u00e9 de 65%.<\/p>\n<p>Curiosamente, quando se fala em perda de direitos trabalhistas, apenas 50% dos que votaram em Bolsonaro concordam.<\/p>\n<p>Ou seja, as propostas de Bolsonaro de atacar ainda mais os direitos dos trabalhadores, cogitando at\u00e9 mesmo extinguir a Justi\u00e7a do Trabalho, n\u00e3o contam com apoio majorit\u00e1rio nem mesmo de seus eleitores \u2014 o que significa que o n\u00famero de \u201carrependidos\u201d pode aumentar exponencialmente nos pr\u00f3ximos meses.<\/p>\n<p>N\u00e3o \u00e9 coincid\u00eancia: os homens ricos e moradores do Sul s\u00e3o que mais apoiam garfar os trabalhadores.<\/p>\n<p><img data-recalc-dims=\"1\" loading=\"lazy\" decoding=\"async\" class=\"alignnone size-medium wp-image-224048\" src=\"https:\/\/i0.wp.com\/www.viomundo.com.br\/wp-content\/uploads\/2019\/01\/captura-de-tela-2019-01-05-axxs-12.55.01-800x645.png?resize=600%2C484&#038;ssl=1\" sizes=\"auto, (max-width: 800px) 100vw, 800px\" srcset=\"https:\/\/www.viomundo.com.br\/wp-content\/uploads\/2019\/01\/captura-de-tela-2019-01-05-axxs-12.55.01-800x645.png 800w, https:\/\/www.viomundo.com.br\/wp-content\/uploads\/2019\/01\/captura-de-tela-2019-01-05-axxs-12.55.01-768x619.png 768w, https:\/\/www.viomundo.com.br\/wp-content\/uploads\/2019\/01\/captura-de-tela-2019-01-05-axxs-12.55.01-745x600.png 745w, https:\/\/www.viomundo.com.br\/wp-content\/uploads\/2019\/01\/captura-de-tela-2019-01-05-axxs-12.55.01.png 1308w\" alt=\"\" width=\"600\" height=\"484\" \/><\/p>\n<p>&nbsp;<\/p>\n","protected":false},"excerpt":{"rendered":"<p>Viomumdo &#8211; Dois pilares do neoliberalismo turbinado que ganhou pleitos estaduais e o do Planalto n\u00e3o tem apoio majorit\u00e1rio da popula\u00e7\u00e3o brasileira, segundo o Datafolha.<\/p>\n","protected":false},"author":1,"featured_media":19946,"comment_status":"closed","ping_status":"open","sticky":false,"template":"","format":"standard","meta":{"_exactmetrics_skip_tracking":false,"_exactmetrics_sitenote_active":false,"_exactmetrics_sitenote_note":"","_exactmetrics_sitenote_category":0,"jetpack_post_was_ever_published":false,"_jetpack_newsletter_access":"","_jetpack_dont_email_post_to_subs":false,"_jetpack_newsletter_tier_id":0,"_jetpack_memberships_contains_paywalled_content":false,"_jetpack_memberships_contains_paid_content":false,"footnotes":"","jetpack_publicize_message":"","jetpack_publicize_feature_enabled":true,"jetpack_social_post_already_shared":true,"jetpack_social_options":{"image_generator_settings":{"template":"highway","enabled":false},"version":2}},"categories":[1],"tags":[],"class_list":["post-19945","post","type-post","status-publish","format-standard","has-post-thumbnail","hentry","category-notas"],"jetpack_publicize_connections":[],"jetpack_sharing_enabled":true,"jetpack_featured_media_url":"https:\/\/i0.wp.com\/blogdalucianaoliveira.com.br\/blog\/wp-content\/uploads\/2019\/01\/B86C7C84-105D-4B31-B7BC-B52C742BF5AF.png?fit=768%2C510","jetpack_shortlink":"https:\/\/wp.me\/p7wKYW-5bH","jetpack-related-posts":[],"_links":{"self":[{"href":"http:\/\/blogdalucianaoliveira.com.br\/blog\/wp-json\/wp\/v2\/posts\/19945","targetHints":{"allow":["GET"]}}],"collection":[{"href":"http:\/\/blogdalucianaoliveira.com.br\/blog\/wp-json\/wp\/v2\/posts"}],"about":[{"href":"http:\/\/blogdalucianaoliveira.com.br\/blog\/wp-json\/wp\/v2\/types\/post"}],"author":[{"embeddable":true,"href":"http:\/\/blogdalucianaoliveira.com.br\/blog\/wp-json\/wp\/v2\/users\/1"}],"replies":[{"embeddable":true,"href":"http:\/\/blogdalucianaoliveira.com.br\/blog\/wp-json\/wp\/v2\/comments?post=19945"}],"version-history":[{"count":1,"href":"http:\/\/blogdalucianaoliveira.com.br\/blog\/wp-json\/wp\/v2\/posts\/19945\/revisions"}],"predecessor-version":[{"id":19947,"href":"http:\/\/blogdalucianaoliveira.com.br\/blog\/wp-json\/wp\/v2\/posts\/19945\/revisions\/19947"}],"wp:featuredmedia":[{"embeddable":true,"href":"http:\/\/blogdalucianaoliveira.com.br\/blog\/wp-json\/wp\/v2\/media\/19946"}],"wp:attachment":[{"href":"http:\/\/blogdalucianaoliveira.com.br\/blog\/wp-json\/wp\/v2\/media?parent=19945"}],"wp:term":[{"taxonomy":"category","embeddable":true,"href":"http:\/\/blogdalucianaoliveira.com.br\/blog\/wp-json\/wp\/v2\/categories?post=19945"},{"taxonomy":"post_tag","embeddable":true,"href":"http:\/\/blogdalucianaoliveira.com.br\/blog\/wp-json\/wp\/v2\/tags?post=19945"}],"curies":[{"name":"wp","href":"https:\/\/api.w.org\/{rel}","templated":true}]}}