{"id":1996,"date":"2016-06-28T12:21:49","date_gmt":"2016-06-28T16:21:49","guid":{"rendered":"http:\/\/blogdalucianaoliveira.com.br\/blog\/?p=1996"},"modified":"2016-06-28T12:56:55","modified_gmt":"2016-06-28T16:56:55","slug":"o-retorno-de-zeca-diabo","status":"publish","type":"post","link":"http:\/\/blogdalucianaoliveira.com.br\/blog\/2016\/06\/28\/o-retorno-de-zeca-diabo\/","title":{"rendered":"O retorno de Zeca Diabo"},"content":{"rendered":"<p><img data-recalc-dims=\"1\" loading=\"lazy\" decoding=\"async\" data-attachment-id=\"1997\" data-permalink=\"http:\/\/blogdalucianaoliveira.com.br\/blog\/2016\/06\/28\/o-retorno-de-zeca-diabo\/cunha-temer-2_0\/\" data-orig-file=\"https:\/\/i0.wp.com\/blogdalucianaoliveira.com.br\/blog\/wp-content\/uploads\/2016\/06\/cunha-temer-2_0.jpg?fit=600%2C400\" data-orig-size=\"600,400\" data-comments-opened=\"0\" data-image-meta=\"{&quot;aperture&quot;:&quot;0&quot;,&quot;credit&quot;:&quot;&quot;,&quot;camera&quot;:&quot;&quot;,&quot;caption&quot;:&quot;&quot;,&quot;created_timestamp&quot;:&quot;0&quot;,&quot;copyright&quot;:&quot;&quot;,&quot;focal_length&quot;:&quot;0&quot;,&quot;iso&quot;:&quot;0&quot;,&quot;shutter_speed&quot;:&quot;0&quot;,&quot;title&quot;:&quot;&quot;,&quot;orientation&quot;:&quot;0&quot;}\" data-image-title=\"cunha-temer-2_0\" data-image-description=\"\" data-image-caption=\"\" data-medium-file=\"https:\/\/i0.wp.com\/blogdalucianaoliveira.com.br\/blog\/wp-content\/uploads\/2016\/06\/cunha-temer-2_0.jpg?fit=300%2C200\" data-large-file=\"https:\/\/i0.wp.com\/blogdalucianaoliveira.com.br\/blog\/wp-content\/uploads\/2016\/06\/cunha-temer-2_0.jpg?fit=600%2C400\" src=\"https:\/\/i0.wp.com\/blogdalucianaoliveira.com.br\/blog\/wp-content\/uploads\/2016\/06\/cunha-temer-2_0.jpg?resize=600%2C400\" alt=\"cunha-temer-2_0\" width=\"600\" height=\"400\" class=\"alignnone size-full wp-image-1997\" srcset=\"https:\/\/i0.wp.com\/blogdalucianaoliveira.com.br\/blog\/wp-content\/uploads\/2016\/06\/cunha-temer-2_0.jpg?w=600 600w, https:\/\/i0.wp.com\/blogdalucianaoliveira.com.br\/blog\/wp-content\/uploads\/2016\/06\/cunha-temer-2_0.jpg?resize=300%2C200 300w, https:\/\/i0.wp.com\/blogdalucianaoliveira.com.br\/blog\/wp-content\/uploads\/2016\/06\/cunha-temer-2_0.jpg?resize=450%2C300 450w\" sizes=\"auto, (max-width: 600px) 100vw, 600px\" \/><\/p>\n<p>O encontro na calada da noite entre o presidente interino Michel Temer e o quase cassado deputado Eduardo Cunha deixou muita gente apavorada como em de Sucupira, cidade da genial fic\u00e7\u00e3o de Dias Gomes, O Bem Amado.<br \/>\nO que o presidente tratou em particular, sem anotar na agenda, com o parlamentar afastado, r\u00e9u em duas a\u00e7\u00f5es no Supremo Tribunal Federal?<!--more--><\/p>\n<p>Pior, o deputado foi afastado da presid\u00eancia da C\u00e2mara, porque o STF considerou que ele representava risco \u00e0s investiga\u00e7\u00f5es. <\/p>\n<p>Temer deve ter sido aconselhado ao p\u00e9 do ouvido pelo esp\u00edrito do finado Jarbas Passarinho: \u201c\u00c0s favas, neste momento, todos os escr\u00fapulos de consci\u00eancia!\u201d<\/p>\n<p>\u00c0 imprensa, o interino disse que foi tratar do atual momento pol\u00edtico e que \u2018aqui no Brasil h\u00e1 esse preconceito. Acha que n\u00e3o se pode falar com ningu\u00e9m&#8221;.<\/p>\n<p>Pra Temer pode n\u00e3o ter nada a ver sussurar na alcova vice-presidencial com Eduardo Cunha, mas embora o deputado n\u00e3o seja acusado de matar ningu\u00e9m como Zeca Diabo, sua imagem se assemelha \u00e0 do cangaceiro pelos servi\u00e7os sujos que prestou exercendo cargos p\u00fablicos.<\/p>\n<p>N\u00e3o est\u00e1 presidente da C\u00e2mara porque foi necess\u00e1rio impedir que destru\u00edsse provas, corrompesse testemunhas e manobrasse o seu processo de cassa\u00e7\u00e3o.<\/p>\n<p>N\u00e3o tem nada a ver uma ova Michel Temer!<\/p>\n<p>Na novela, o prefeito contrariou o temor dos moradores de Sucupira quando recebeu Zeca Diabo e foi duramente criticado. Odorico Paraguassu o contratou para matar algu\u00e9m s\u00f3 pra poder inaugurar o cemit\u00e9rio prometido em campanha.<\/p>\n<p>Mas, tanto na fic\u00e7\u00e3o quanto na realidade, traidor acaba se dando mal e o prefeito que abandonou o cangaceiro na hora em que ele era acusado por todos, acabou inaugurando o cemit\u00e9rio.<br \/>\nO encontro \u00e0s escondidas entre Temer e Cunha para \u2018tratar do momento pol\u00edtico\u2019 n\u00e3o tem justificativa.<br \/>\n\u00c9 a imagem mais avacalhante do presidente interino at\u00e9 o momento.<\/p>\n<p>E se Temer falhar com o que prometeu a Cunha,  pode parar no cadafalso pra onde planejou mandar outros.<\/p>\n<p>Sua morte pol\u00edtica ser\u00e1 inevit\u00e1vel.<\/p>\n<p>Quando Zeca Diabo matou Odorico, disse sem titubear numa das cenas mais fant\u00e1sticas da teledramaturgia brasileira: \u201cUm traidor n\u00e3o merece viver. Ainda mais um traidor que se faz de protetor e amigo.  A mim, o senhor me deu uma palavra, aos jornalistas deu outra.\u201d<\/p>\n<div class=\"jetpack-video-wrapper\"><span class=\"embed-youtube\" style=\"text-align:center; display: block;\"><iframe loading=\"lazy\" class=\"youtube-player\" width=\"600\" height=\"338\" src=\"https:\/\/www.youtube.com\/embed\/pXfeWOiA02o?version=3&#038;rel=1&#038;showsearch=0&#038;showinfo=1&#038;iv_load_policy=1&#038;fs=1&#038;hl=pt-BR&#038;autohide=2&#038;wmode=transparent\" allowfullscreen=\"true\" style=\"border:0;\" sandbox=\"allow-scripts allow-same-origin allow-popups allow-presentation allow-popups-to-escape-sandbox\"><\/iframe><\/span><\/div>\n","protected":false},"excerpt":{"rendered":"<p>O encontro na calada da noite entre o presidente interino Michel Temer e o quase cassado deputado Eduardo Cunha deixou muita gente apavorada como em de Sucupira, cidade da genial fic\u00e7\u00e3o de Dias Gomes, O Bem Amado. O que o presidente tratou em particular, sem anotar na agenda, com o parlamentar afastado, r\u00e9u em duas&#8230;<a class=\"more-link\" href=\"http:\/\/blogdalucianaoliveira.com.br\/blog\/2016\/06\/28\/o-retorno-de-zeca-diabo\/\">Continue a leitura <span class=\"meta-nav\">&raquo;<\/span><\/a><\/p>\n","protected":false},"author":1,"featured_media":0,"comment_status":"closed","ping_status":"open","sticky":false,"template":"","format":"standard","meta":{"_exactmetrics_skip_tracking":false,"_exactmetrics_sitenote_active":false,"_exactmetrics_sitenote_note":"","_exactmetrics_sitenote_category":0,"jetpack_post_was_ever_published":false,"_jetpack_newsletter_access":"","_jetpack_dont_email_post_to_subs":false,"_jetpack_newsletter_tier_id":0,"_jetpack_memberships_contains_paywalled_content":false,"_jetpack_memberships_contains_paid_content":false,"footnotes":"","jetpack_publicize_message":"","jetpack_publicize_feature_enabled":true,"jetpack_social_post_already_shared":true,"jetpack_social_options":{"image_generator_settings":{"template":"highway","enabled":false},"version":2}},"categories":[1],"tags":[58,45],"class_list":["post-1996","post","type-post","status-publish","format-standard","hentry","category-notas","tag-cunha","tag-temer"],"jetpack_publicize_connections":[],"jetpack_sharing_enabled":true,"jetpack_featured_media_url":"","jetpack_shortlink":"https:\/\/wp.me\/p7wKYW-wc","jetpack-related-posts":[],"_links":{"self":[{"href":"http:\/\/blogdalucianaoliveira.com.br\/blog\/wp-json\/wp\/v2\/posts\/1996","targetHints":{"allow":["GET"]}}],"collection":[{"href":"http:\/\/blogdalucianaoliveira.com.br\/blog\/wp-json\/wp\/v2\/posts"}],"about":[{"href":"http:\/\/blogdalucianaoliveira.com.br\/blog\/wp-json\/wp\/v2\/types\/post"}],"author":[{"embeddable":true,"href":"http:\/\/blogdalucianaoliveira.com.br\/blog\/wp-json\/wp\/v2\/users\/1"}],"replies":[{"embeddable":true,"href":"http:\/\/blogdalucianaoliveira.com.br\/blog\/wp-json\/wp\/v2\/comments?post=1996"}],"version-history":[{"count":2,"href":"http:\/\/blogdalucianaoliveira.com.br\/blog\/wp-json\/wp\/v2\/posts\/1996\/revisions"}],"predecessor-version":[{"id":1999,"href":"http:\/\/blogdalucianaoliveira.com.br\/blog\/wp-json\/wp\/v2\/posts\/1996\/revisions\/1999"}],"wp:attachment":[{"href":"http:\/\/blogdalucianaoliveira.com.br\/blog\/wp-json\/wp\/v2\/media?parent=1996"}],"wp:term":[{"taxonomy":"category","embeddable":true,"href":"http:\/\/blogdalucianaoliveira.com.br\/blog\/wp-json\/wp\/v2\/categories?post=1996"},{"taxonomy":"post_tag","embeddable":true,"href":"http:\/\/blogdalucianaoliveira.com.br\/blog\/wp-json\/wp\/v2\/tags?post=1996"}],"curies":[{"name":"wp","href":"https:\/\/api.w.org\/{rel}","templated":true}]}}