{"id":19976,"date":"2019-01-07T17:54:53","date_gmt":"2019-01-07T21:54:53","guid":{"rendered":"http:\/\/blogdalucianaoliveira.com.br\/blog\/?p=19976"},"modified":"2019-01-07T18:22:51","modified_gmt":"2019-01-07T22:22:51","slug":"a-verdade-que-saiu-sem-querer","status":"publish","type":"post","link":"http:\/\/blogdalucianaoliveira.com.br\/blog\/2019\/01\/07\/a-verdade-que-saiu-sem-querer\/","title":{"rendered":"A verdade que saiu &#8216;sem querer&#8217;"},"content":{"rendered":"<p><img data-recalc-dims=\"1\" loading=\"lazy\" decoding=\"async\" data-attachment-id=\"19970\" data-permalink=\"http:\/\/blogdalucianaoliveira.com.br\/blog\/imbe-6\/\" data-orig-file=\"https:\/\/i0.wp.com\/blogdalucianaoliveira.com.br\/blog\/wp-content\/uploads\/2019\/01\/imbe.jpg?fit=1200%2C630\" data-orig-size=\"1200,630\" data-comments-opened=\"0\" data-image-meta=\"{&quot;aperture&quot;:&quot;0&quot;,&quot;credit&quot;:&quot;&quot;,&quot;camera&quot;:&quot;&quot;,&quot;caption&quot;:&quot;&quot;,&quot;created_timestamp&quot;:&quot;0&quot;,&quot;copyright&quot;:&quot;&quot;,&quot;focal_length&quot;:&quot;0&quot;,&quot;iso&quot;:&quot;0&quot;,&quot;shutter_speed&quot;:&quot;0&quot;,&quot;title&quot;:&quot;&quot;,&quot;orientation&quot;:&quot;0&quot;}\" data-image-title=\"imbe\" data-image-description=\"\" data-image-caption=\"\" data-medium-file=\"https:\/\/i0.wp.com\/blogdalucianaoliveira.com.br\/blog\/wp-content\/uploads\/2019\/01\/imbe.jpg?fit=300%2C158\" data-large-file=\"https:\/\/i0.wp.com\/blogdalucianaoliveira.com.br\/blog\/wp-content\/uploads\/2019\/01\/imbe.jpg?fit=600%2C315\" class=\"alignnone size-full wp-image-19970\" src=\"https:\/\/i0.wp.com\/blogdalucianaoliveira.com.br\/blog\/wp-content\/uploads\/2019\/01\/imbe.jpg?resize=600%2C315\" alt=\"imbe\" width=\"600\" height=\"315\" srcset=\"https:\/\/i0.wp.com\/blogdalucianaoliveira.com.br\/blog\/wp-content\/uploads\/2019\/01\/imbe.jpg?w=1200 1200w, https:\/\/i0.wp.com\/blogdalucianaoliveira.com.br\/blog\/wp-content\/uploads\/2019\/01\/imbe.jpg?resize=300%2C158 300w, https:\/\/i0.wp.com\/blogdalucianaoliveira.com.br\/blog\/wp-content\/uploads\/2019\/01\/imbe.jpg?resize=768%2C403 768w, https:\/\/i0.wp.com\/blogdalucianaoliveira.com.br\/blog\/wp-content\/uploads\/2019\/01\/imbe.jpg?resize=1024%2C538 1024w, https:\/\/i0.wp.com\/blogdalucianaoliveira.com.br\/blog\/wp-content\/uploads\/2019\/01\/imbe.jpg?resize=571%2C300 571w\" sizes=\"auto, (max-width: 600px) 100vw, 600px\" \/><\/p>\n<p>Diz o ditado que \u201cquem muito se explica est\u00e1 mais interessado em convencer o outro do que a si mesmo\u201d.<\/p>\n<p>Foi o que fez Fausto Silva ao gravar um v\u00eddeo para dizer que n\u00e3o foi a Jair Bolsonaro que se referiu como imbecil, despreparado, idiota, que n\u00e3o deveria ter sido eleito e que est\u00e1 ferrando todo mundo.<\/p>\n<p>A declara\u00e7\u00e3o foi ao ar no \u00faltimo domingo (06) e mesmo sem nominar, a associa\u00e7\u00e3o da cr\u00edtica do apresentador ao presidente eleito foi imediata nas redes sociais.<\/p>\n<p>Detalhe: gravada.<\/p>\n<p><!--more--><\/p>\n<div class=\"jetpack-video-wrapper\"><span class=\"embed-youtube\" style=\"text-align:center; display: block;\"><iframe loading=\"lazy\" class=\"youtube-player\" width=\"600\" height=\"338\" src=\"https:\/\/www.youtube.com\/embed\/5U_VLQRw9sI?version=3&#038;rel=1&#038;showsearch=0&#038;showinfo=1&#038;iv_load_policy=1&#038;fs=1&#038;hl=pt-BR&#038;autohide=2&#038;wmode=transparent\" allowfullscreen=\"true\" style=\"border:0;\" sandbox=\"allow-scripts allow-same-origin allow-popups allow-presentation allow-popups-to-escape-sandbox\"><\/iframe><\/span><\/div>\n<p>Na internet, n\u00e3o coube a outro a carapu\u00e7a.<\/p>\n<p>Fausto Silva se esfor\u00e7ou para reverter o estrago com uma \u2018explica\u00e7\u00e3o\u2019 longa (1:32), pausada e modorrenta.<\/p>\n<p>N\u00e3o convenceu e nada importa diante da espont\u00e2nea e instant\u00e2nea associa\u00e7\u00e3o do \u2018nome ao boi\u2019 que os internautas fizeram.<\/p>\n<p>Na Globo, a verdade saiu \u2018sem querer\u2019.<\/p>\n<p>Por muito menos, Bolsonaro atacou\u00a0o jornal Folha de S\u00e3o Paulo na bancada do Jornal Nacional por ter denunciado funcion\u00e1ria fantasma de seu gabinete. Na ocasi\u00e3o ainda amea\u00e7ou: \u201ca imprensa que se comportar dessa maneira indigna n\u00e3o ter\u00e1 recursos do governo federal&#8221;.<\/p>\n<p>A &#8216;explica\u00e7\u00e3o&#8217; do apresentador\u00a0global pode at\u00e9 ser conveniente.<\/p>\n<p>O duro \u00e9 Bolsonaro convencer a si mesmo de que n\u00e3o era ele o pol\u00edtico imbecil a que se referiu, se at\u00e9 seus eleitores o identificaram nas ofensas e cobran\u00e7as saindo em sua defesa.<\/p>\n","protected":false},"excerpt":{"rendered":"<p>Diz o ditado que \u201cquem muito se explica est\u00e1 mais interessado em convencer o outro do que a si mesmo\u201d. Foi o que fez Fausto Silva ao gravar um v\u00eddeo para dizer que n\u00e3o foi a Jair Bolsonaro que se referiu como imbecil, despreparado, idiota, que n\u00e3o deveria ter sido eleito e que est\u00e1 ferrando&#8230;<a class=\"more-link\" href=\"http:\/\/blogdalucianaoliveira.com.br\/blog\/2019\/01\/07\/a-verdade-que-saiu-sem-querer\/\">Continue a leitura <span class=\"meta-nav\">&raquo;<\/span><\/a><\/p>\n","protected":false},"author":1,"featured_media":0,"comment_status":"closed","ping_status":"open","sticky":false,"template":"","format":"standard","meta":{"_exactmetrics_skip_tracking":false,"_exactmetrics_sitenote_active":false,"_exactmetrics_sitenote_note":"","_exactmetrics_sitenote_category":0,"jetpack_post_was_ever_published":false,"_jetpack_newsletter_access":"","_jetpack_dont_email_post_to_subs":false,"_jetpack_newsletter_tier_id":0,"_jetpack_memberships_contains_paywalled_content":false,"_jetpack_memberships_contains_paid_content":false,"footnotes":"","jetpack_publicize_message":"","jetpack_publicize_feature_enabled":true,"jetpack_social_post_already_shared":true,"jetpack_social_options":{"image_generator_settings":{"template":"highway","enabled":false},"version":2}},"categories":[1],"tags":[],"class_list":["post-19976","post","type-post","status-publish","format-standard","hentry","category-notas"],"jetpack_publicize_connections":[],"jetpack_sharing_enabled":true,"jetpack_featured_media_url":"","jetpack_shortlink":"https:\/\/wp.me\/p7wKYW-5cc","jetpack-related-posts":[],"_links":{"self":[{"href":"http:\/\/blogdalucianaoliveira.com.br\/blog\/wp-json\/wp\/v2\/posts\/19976","targetHints":{"allow":["GET"]}}],"collection":[{"href":"http:\/\/blogdalucianaoliveira.com.br\/blog\/wp-json\/wp\/v2\/posts"}],"about":[{"href":"http:\/\/blogdalucianaoliveira.com.br\/blog\/wp-json\/wp\/v2\/types\/post"}],"author":[{"embeddable":true,"href":"http:\/\/blogdalucianaoliveira.com.br\/blog\/wp-json\/wp\/v2\/users\/1"}],"replies":[{"embeddable":true,"href":"http:\/\/blogdalucianaoliveira.com.br\/blog\/wp-json\/wp\/v2\/comments?post=19976"}],"version-history":[{"count":5,"href":"http:\/\/blogdalucianaoliveira.com.br\/blog\/wp-json\/wp\/v2\/posts\/19976\/revisions"}],"predecessor-version":[{"id":19981,"href":"http:\/\/blogdalucianaoliveira.com.br\/blog\/wp-json\/wp\/v2\/posts\/19976\/revisions\/19981"}],"wp:attachment":[{"href":"http:\/\/blogdalucianaoliveira.com.br\/blog\/wp-json\/wp\/v2\/media?parent=19976"}],"wp:term":[{"taxonomy":"category","embeddable":true,"href":"http:\/\/blogdalucianaoliveira.com.br\/blog\/wp-json\/wp\/v2\/categories?post=19976"},{"taxonomy":"post_tag","embeddable":true,"href":"http:\/\/blogdalucianaoliveira.com.br\/blog\/wp-json\/wp\/v2\/tags?post=19976"}],"curies":[{"name":"wp","href":"https:\/\/api.w.org\/{rel}","templated":true}]}}