{"id":19982,"date":"2019-01-08T10:37:12","date_gmt":"2019-01-08T14:37:12","guid":{"rendered":"http:\/\/blogdalucianaoliveira.com.br\/blog\/?p=19982"},"modified":"2019-01-08T10:37:12","modified_gmt":"2019-01-08T14:37:12","slug":"o-deus-obsessivo-e-politicamente-incorreto-de-bolsonaro","status":"publish","type":"post","link":"http:\/\/blogdalucianaoliveira.com.br\/blog\/2019\/01\/08\/o-deus-obsessivo-e-politicamente-incorreto-de-bolsonaro\/","title":{"rendered":"O Deus obsessivo e politicamente incorreto de Bolsonaro"},"content":{"rendered":"<p><img data-recalc-dims=\"1\" loading=\"lazy\" decoding=\"async\" data-attachment-id=\"19983\" data-permalink=\"http:\/\/blogdalucianaoliveira.com.br\/blog\/2019\/01\/08\/o-deus-obsessivo-e-politicamente-incorreto-de-bolsonaro\/deus\/\" data-orig-file=\"https:\/\/i0.wp.com\/blogdalucianaoliveira.com.br\/blog\/wp-content\/uploads\/2019\/01\/deus.jpg?fit=1960%2C976\" data-orig-size=\"1960,976\" data-comments-opened=\"0\" data-image-meta=\"{&quot;aperture&quot;:&quot;0&quot;,&quot;credit&quot;:&quot;&quot;,&quot;camera&quot;:&quot;&quot;,&quot;caption&quot;:&quot;&quot;,&quot;created_timestamp&quot;:&quot;0&quot;,&quot;copyright&quot;:&quot;&quot;,&quot;focal_length&quot;:&quot;0&quot;,&quot;iso&quot;:&quot;0&quot;,&quot;shutter_speed&quot;:&quot;0&quot;,&quot;title&quot;:&quot;&quot;,&quot;orientation&quot;:&quot;0&quot;}\" data-image-title=\"deus\" data-image-description=\"\" data-image-caption=\"\" data-medium-file=\"https:\/\/i0.wp.com\/blogdalucianaoliveira.com.br\/blog\/wp-content\/uploads\/2019\/01\/deus.jpg?fit=300%2C149\" data-large-file=\"https:\/\/i0.wp.com\/blogdalucianaoliveira.com.br\/blog\/wp-content\/uploads\/2019\/01\/deus.jpg?fit=600%2C299\" src=\"https:\/\/i0.wp.com\/blogdalucianaoliveira.com.br\/blog\/wp-content\/uploads\/2019\/01\/deus.jpg?resize=600%2C299\" alt=\"deus\" width=\"600\" height=\"299\" class=\"alignnone size-full wp-image-19983\" srcset=\"https:\/\/i0.wp.com\/blogdalucianaoliveira.com.br\/blog\/wp-content\/uploads\/2019\/01\/deus.jpg?w=1960 1960w, https:\/\/i0.wp.com\/blogdalucianaoliveira.com.br\/blog\/wp-content\/uploads\/2019\/01\/deus.jpg?resize=300%2C149 300w, https:\/\/i0.wp.com\/blogdalucianaoliveira.com.br\/blog\/wp-content\/uploads\/2019\/01\/deus.jpg?resize=768%2C382 768w, https:\/\/i0.wp.com\/blogdalucianaoliveira.com.br\/blog\/wp-content\/uploads\/2019\/01\/deus.jpg?resize=1024%2C510 1024w, https:\/\/i0.wp.com\/blogdalucianaoliveira.com.br\/blog\/wp-content\/uploads\/2019\/01\/deus.jpg?resize=602%2C300 602w, https:\/\/i0.wp.com\/blogdalucianaoliveira.com.br\/blog\/wp-content\/uploads\/2019\/01\/deus.jpg?w=1200 1200w, https:\/\/i0.wp.com\/blogdalucianaoliveira.com.br\/blog\/wp-content\/uploads\/2019\/01\/deus.jpg?w=1800 1800w\" sizes=\"auto, (max-width: 600px) 100vw, 600px\" \/><\/p>\n<p><em>A ideia de Deus come\u00e7a a se tornar, como nas piores teocracias, um curinga para encobrir pol\u00edticas de obscurantismo<\/em><!--more--><\/p>\n<p>Juan Arias<br \/>\nNo El Pa\u00eds<\/p>\n<p>No discurso de posse do novo presidente do Brasil, Jair Bolsonaro, a palavra mais usada foi Deus, fazendo honra ao seu lema de campanha, \u201cBrasil acima de tudo, Deus acima de todos\u201d. D\u00e1 a impress\u00e3o de que o Brasil deseja ser governado sob o amparo divino, mais do que sob as leis e a Constitui\u00e7\u00e3o.<\/p>\n<p>E n\u00e3o s\u00f3 o presidente, mas tamb\u00e9m seu rec\u00e9m-estreado ministro de Rela\u00e7\u00f5es Exteriores, Ernesto Ara\u00fajo, afirmou que Deus estar\u00e1 \u201cna diplomacia, na pol\u00edtica, em todas as partes\u201d. E chegou a individualizar essa presen\u00e7a forte de Deus em dois personagens emblem\u00e1ticos do mundo atual: os presidentes dos Estados Unidos, Donald Trump, e do Brasil, Bolsonaro. S\u00e3o eles dois que, segundo o diplomata, devolver\u00e3o a Deus a uma civiliza\u00e7\u00e3o que o tinha perdido.<\/p>\n<p>Trata-se, entretanto, de um Deus amb\u00edguo e politicamente incorreto, j\u00e1 que apresentado como representante da civiliza\u00e7\u00e3o crist\u00e3o-judaica. N\u00e3o \u00e9 o Deus que deve libertar os escravos da pobreza e da injusti\u00e7a, o Deus dos que sofrem por serem diferentes, o dos exclu\u00eddos dos privil\u00e9gios, e sim o que adoram os satisfeitos, o vingador mais que o pacificador. O Deus da viol\u00eancia mais que o desarmado das bem-aventuran\u00e7as.<\/p>\n<p>Um Deus que infunde medo nos que deveria acolher sob sua prote\u00e7\u00e3o. \u00c9 um Deus que se faz ouvir s\u00f3 atrav\u00e9s das ordens, gritos e armas do poder, n\u00e3o o que fala no sil\u00eancio dos cora\u00e7\u00f5es em busca de paz e de di\u00e1logo.<\/p>\n<p>Basta, entretanto, observarmos os pa\u00edses que colocaram Deus \u201cacima de tudo e de todos\u201d, e seus resultados. Costumam ser n\u00e3o s\u00f3 os mais autorit\u00e1rios e atrasados, mas tamb\u00e9m aqueles onde os pobres e as minorias sofrem com mais for\u00e7a a injusti\u00e7a e a viol\u00eancia. O Brasil, \u00e9 verdade, sempre foi um pa\u00eds, como quase toda a Am\u00e9rica Latina, com uma forte presen\u00e7a religiosa nas massas populares. Tratava-se, entretanto, mais de uma postura pessoal, como ref\u00fagio contra a dor e as dificuldades da vida. Agora, no Brasil, estamos numa fase nova e mais perigosa. A bandeira de Deus \u00e9 hasteada por um presidente que parece querer governar em seu nome.<\/p>\n<p>A ideia de Deus \u2013 que deveria ser conjugada, no m\u00e1ximo, com os movimentos de libera\u00e7\u00e3o dos oprimidos e marginalizados \u2013 come\u00e7a a se tornar, como nas piores teocracias, um curinga para encobrir pol\u00edticas de obscurantismo. O Brasil passou da teologia da liberta\u00e7\u00e3o de raiz cat\u00f3lica, baseada na mensagem marxista da luta contra a injusti\u00e7a, \u00e0 conservadora \u201cteologia da prosperidade\u201d dos evang\u00e9licos, que promete novas utopias que adormecem as injusti\u00e7as.<\/p>\n<p>O novo Governo de Jair Bolsonaro, o presidente apaixonado em igual medida por Deus e pelas armas, vai necessitar de uma oposi\u00e7\u00e3o para que a obsess\u00e3o do \u201cDeus acima de todos\u201d n\u00e3o se transforme numa perigosa idolatria. Nada mais explosivo para a democracia que uma presen\u00e7a obsessiva da sombra de Deus por parte dos que governam um pa\u00eds laico por constitui\u00e7\u00e3o.<\/p>\n<p>Algu\u00e9m ter\u00e1 de explicar aos evang\u00e9licos de boa f\u00e9, que s\u00e3o a grande maioria, e tamb\u00e9m os mais castigados pelas injusti\u00e7as sociais, que Deus, mais que uma bandeira nas m\u00e3os de conservadores e pol\u00edticos que o anulam como propriedade, deveria ser uma for\u00e7a de resist\u00eancia contra as desigualdades sociais e as intoler\u00e2ncias. A excessiva presen\u00e7a de Deus na pol\u00edtica acaba sempre se tornando um oculto e cruel inimigo dos que sempre pagam o pre\u00e7o da opress\u00e3o. Os piores ditadores, de qualquer cor pol\u00edtica, acabaram convertidos em grandes apaixonados por Deus.<\/p>\n<p>Nada pior para as massas mais desamparadas, sobre as quais recai sempre o peso da viol\u00eancia econ\u00f4mica e social, que um Deus amb\u00edguo, transformado em arma para castigar, mais que na alvorada de uma ressurrei\u00e7\u00e3o de seus sonhos. Nada menos crist\u00e3o que frustrar, em nome de Deus, os sonhos dos que mais sofrem. Nada pior que tentar governar pelas m\u00e3os de Deus. Nada mais perigoso que o Deus que teme a discuss\u00e3o das ideias e a pluralidade dos desejos.<\/p>\n<p>N\u00e3o acredito que o sonho dos brasileiros, at\u00e9 dos mais pobres, seja o Deus militarizado que imp\u00f5e uma obedi\u00eancia cega. Eu os vejo mais como seguidores do Deus dos limpos de cora\u00e7\u00e3o, como aqueles que, mais que a justi\u00e7a divina, temeram sempre a viol\u00eancia arbitr\u00e1ria dos que os escravizam. Sempre em nome desse Deus, curinga para justificar todas as opress\u00f5es. O Deus dos escravos nunca ser\u00e1 o Deus com o qual o poder mercadeja.<\/p>\n","protected":false},"excerpt":{"rendered":"<p>A ideia de Deus come\u00e7a a se tornar, como nas piores teocracias, um curinga para encobrir pol\u00edticas de obscurantismo<\/p>\n","protected":false},"author":1,"featured_media":0,"comment_status":"closed","ping_status":"open","sticky":false,"template":"","format":"standard","meta":{"_exactmetrics_skip_tracking":false,"_exactmetrics_sitenote_active":false,"_exactmetrics_sitenote_note":"","_exactmetrics_sitenote_category":0,"jetpack_post_was_ever_published":false,"_jetpack_newsletter_access":"","_jetpack_dont_email_post_to_subs":false,"_jetpack_newsletter_tier_id":0,"_jetpack_memberships_contains_paywalled_content":false,"_jetpack_memberships_contains_paid_content":false,"footnotes":"","jetpack_publicize_message":"","jetpack_publicize_feature_enabled":true,"jetpack_social_post_already_shared":true,"jetpack_social_options":{"image_generator_settings":{"template":"highway","enabled":false},"version":2}},"categories":[1],"tags":[],"class_list":["post-19982","post","type-post","status-publish","format-standard","hentry","category-notas"],"jetpack_publicize_connections":[],"jetpack_sharing_enabled":true,"jetpack_featured_media_url":"","jetpack_shortlink":"https:\/\/wp.me\/p7wKYW-5ci","jetpack-related-posts":[],"_links":{"self":[{"href":"http:\/\/blogdalucianaoliveira.com.br\/blog\/wp-json\/wp\/v2\/posts\/19982","targetHints":{"allow":["GET"]}}],"collection":[{"href":"http:\/\/blogdalucianaoliveira.com.br\/blog\/wp-json\/wp\/v2\/posts"}],"about":[{"href":"http:\/\/blogdalucianaoliveira.com.br\/blog\/wp-json\/wp\/v2\/types\/post"}],"author":[{"embeddable":true,"href":"http:\/\/blogdalucianaoliveira.com.br\/blog\/wp-json\/wp\/v2\/users\/1"}],"replies":[{"embeddable":true,"href":"http:\/\/blogdalucianaoliveira.com.br\/blog\/wp-json\/wp\/v2\/comments?post=19982"}],"version-history":[{"count":1,"href":"http:\/\/blogdalucianaoliveira.com.br\/blog\/wp-json\/wp\/v2\/posts\/19982\/revisions"}],"predecessor-version":[{"id":19984,"href":"http:\/\/blogdalucianaoliveira.com.br\/blog\/wp-json\/wp\/v2\/posts\/19982\/revisions\/19984"}],"wp:attachment":[{"href":"http:\/\/blogdalucianaoliveira.com.br\/blog\/wp-json\/wp\/v2\/media?parent=19982"}],"wp:term":[{"taxonomy":"category","embeddable":true,"href":"http:\/\/blogdalucianaoliveira.com.br\/blog\/wp-json\/wp\/v2\/categories?post=19982"},{"taxonomy":"post_tag","embeddable":true,"href":"http:\/\/blogdalucianaoliveira.com.br\/blog\/wp-json\/wp\/v2\/tags?post=19982"}],"curies":[{"name":"wp","href":"https:\/\/api.w.org\/{rel}","templated":true}]}}