{"id":19988,"date":"2019-01-08T11:03:20","date_gmt":"2019-01-08T15:03:20","guid":{"rendered":"http:\/\/blogdalucianaoliveira.com.br\/blog\/?p=19988"},"modified":"2019-01-08T11:03:20","modified_gmt":"2019-01-08T15:03:20","slug":"pelo-menos-21-casos-de-feminicidio-ocorreram-na-primeira-semana-de-2019","status":"publish","type":"post","link":"http:\/\/blogdalucianaoliveira.com.br\/blog\/2019\/01\/08\/pelo-menos-21-casos-de-feminicidio-ocorreram-na-primeira-semana-de-2019\/","title":{"rendered":"Pelo menos 21 casos de feminic\u00eddio ocorreram na primeira semana de 2019"},"content":{"rendered":"<p><img data-recalc-dims=\"1\" loading=\"lazy\" decoding=\"async\" data-attachment-id=\"19989\" data-permalink=\"http:\/\/blogdalucianaoliveira.com.br\/blog\/2019\/01\/08\/pelo-menos-21-casos-de-feminicidio-ocorreram-na-primeira-semana-de-2019\/femi-2\/\" data-orig-file=\"https:\/\/i0.wp.com\/blogdalucianaoliveira.com.br\/blog\/wp-content\/uploads\/2019\/01\/femi.jpg?fit=820%2C547\" data-orig-size=\"820,547\" data-comments-opened=\"0\" data-image-meta=\"{&quot;aperture&quot;:&quot;0&quot;,&quot;credit&quot;:&quot;&quot;,&quot;camera&quot;:&quot;&quot;,&quot;caption&quot;:&quot;&quot;,&quot;created_timestamp&quot;:&quot;0&quot;,&quot;copyright&quot;:&quot;&quot;,&quot;focal_length&quot;:&quot;0&quot;,&quot;iso&quot;:&quot;0&quot;,&quot;shutter_speed&quot;:&quot;0&quot;,&quot;title&quot;:&quot;&quot;,&quot;orientation&quot;:&quot;0&quot;}\" data-image-title=\"femi\" data-image-description=\"\" data-image-caption=\"\" data-medium-file=\"https:\/\/i0.wp.com\/blogdalucianaoliveira.com.br\/blog\/wp-content\/uploads\/2019\/01\/femi.jpg?fit=300%2C200\" data-large-file=\"https:\/\/i0.wp.com\/blogdalucianaoliveira.com.br\/blog\/wp-content\/uploads\/2019\/01\/femi.jpg?fit=600%2C400\" src=\"https:\/\/i0.wp.com\/blogdalucianaoliveira.com.br\/blog\/wp-content\/uploads\/2019\/01\/femi.jpg?resize=600%2C400\" alt=\"femi\" width=\"600\" height=\"400\" class=\"alignnone size-full wp-image-19989\" srcset=\"https:\/\/i0.wp.com\/blogdalucianaoliveira.com.br\/blog\/wp-content\/uploads\/2019\/01\/femi.jpg?w=820 820w, https:\/\/i0.wp.com\/blogdalucianaoliveira.com.br\/blog\/wp-content\/uploads\/2019\/01\/femi.jpg?resize=300%2C200 300w, https:\/\/i0.wp.com\/blogdalucianaoliveira.com.br\/blog\/wp-content\/uploads\/2019\/01\/femi.jpg?resize=768%2C512 768w, https:\/\/i0.wp.com\/blogdalucianaoliveira.com.br\/blog\/wp-content\/uploads\/2019\/01\/femi.jpg?resize=450%2C300 450w\" sizes=\"auto, (max-width: 600px) 100vw, 600px\" \/><\/p>\n<p>Segundo o Atlas da Viol\u00eancia 2018, s\u00e3o registradas 13 mortes violentas de mulheres por dia.<!--more--><\/p>\n<p>Em 2016, 4.645 mulheres foram assassinadas no pa\u00eds. O n\u00famero representa um aumento de 6,4% no per\u00edodo de dez anos.<\/p>\n<p>Em 2017, o Brasil concentrou 40% dos feminic\u00eddios da Am\u00e9rica Latina segundo a Comiss\u00e3o Econ\u00f4mica para a Am\u00e9rica Latina e o Caribe (Cepal), vinculada \u00e0 Organiza\u00e7\u00e3o das Na\u00e7\u00f5es Unidas.<\/p>\n<p>O crime aumentou 63% passando de 24 assassinatos entre julho e dezembro de 2017, para 39 no mesmo per\u00edodo de 2018. As tentativas de feminic\u00eddio saltaram de 2.749 para 4.018 no mesmo recorte de tempo: alta de 46%.<\/p>\n<p>Pelo menos 21 casos de feminic\u00eddio ocorreram na primeira semana de 2019.<\/p>\n<p>Fontes: Correio Braziliense e G1<\/p>\n","protected":false},"excerpt":{"rendered":"<p>Segundo o Atlas da Viol\u00eancia 2018, s\u00e3o registradas 13 mortes violentas de mulheres por dia.<\/p>\n","protected":false},"author":1,"featured_media":0,"comment_status":"closed","ping_status":"open","sticky":false,"template":"","format":"standard","meta":{"_exactmetrics_skip_tracking":false,"_exactmetrics_sitenote_active":false,"_exactmetrics_sitenote_note":"","_exactmetrics_sitenote_category":0,"jetpack_post_was_ever_published":false,"_jetpack_newsletter_access":"","_jetpack_dont_email_post_to_subs":false,"_jetpack_newsletter_tier_id":0,"_jetpack_memberships_contains_paywalled_content":false,"_jetpack_memberships_contains_paid_content":false,"footnotes":"","jetpack_publicize_message":"","jetpack_publicize_feature_enabled":true,"jetpack_social_post_already_shared":true,"jetpack_social_options":{"image_generator_settings":{"template":"highway","enabled":false},"version":2}},"categories":[1],"tags":[],"class_list":["post-19988","post","type-post","status-publish","format-standard","hentry","category-notas"],"jetpack_publicize_connections":[],"jetpack_sharing_enabled":true,"jetpack_featured_media_url":"","jetpack_shortlink":"https:\/\/wp.me\/p7wKYW-5co","jetpack-related-posts":[],"_links":{"self":[{"href":"http:\/\/blogdalucianaoliveira.com.br\/blog\/wp-json\/wp\/v2\/posts\/19988","targetHints":{"allow":["GET"]}}],"collection":[{"href":"http:\/\/blogdalucianaoliveira.com.br\/blog\/wp-json\/wp\/v2\/posts"}],"about":[{"href":"http:\/\/blogdalucianaoliveira.com.br\/blog\/wp-json\/wp\/v2\/types\/post"}],"author":[{"embeddable":true,"href":"http:\/\/blogdalucianaoliveira.com.br\/blog\/wp-json\/wp\/v2\/users\/1"}],"replies":[{"embeddable":true,"href":"http:\/\/blogdalucianaoliveira.com.br\/blog\/wp-json\/wp\/v2\/comments?post=19988"}],"version-history":[{"count":1,"href":"http:\/\/blogdalucianaoliveira.com.br\/blog\/wp-json\/wp\/v2\/posts\/19988\/revisions"}],"predecessor-version":[{"id":19990,"href":"http:\/\/blogdalucianaoliveira.com.br\/blog\/wp-json\/wp\/v2\/posts\/19988\/revisions\/19990"}],"wp:attachment":[{"href":"http:\/\/blogdalucianaoliveira.com.br\/blog\/wp-json\/wp\/v2\/media?parent=19988"}],"wp:term":[{"taxonomy":"category","embeddable":true,"href":"http:\/\/blogdalucianaoliveira.com.br\/blog\/wp-json\/wp\/v2\/categories?post=19988"},{"taxonomy":"post_tag","embeddable":true,"href":"http:\/\/blogdalucianaoliveira.com.br\/blog\/wp-json\/wp\/v2\/tags?post=19988"}],"curies":[{"name":"wp","href":"https:\/\/api.w.org\/{rel}","templated":true}]}}