{"id":2000,"date":"2016-06-28T13:24:07","date_gmt":"2016-06-28T17:24:07","guid":{"rendered":"http:\/\/blogdalucianaoliveira.com.br\/blog\/?p=2000"},"modified":"2016-06-28T13:24:07","modified_gmt":"2016-06-28T17:24:07","slug":"luther-king-disse-que-os-eua-nunca-se-libertariam-completamente-da-mentalidade-racista-tomara-que-ele-esteja-errado","status":"publish","type":"post","link":"http:\/\/blogdalucianaoliveira.com.br\/blog\/2016\/06\/28\/luther-king-disse-que-os-eua-nunca-se-libertariam-completamente-da-mentalidade-racista-tomara-que-ele-esteja-errado\/","title":{"rendered":"Luther King disse que os EUA nunca se libertariam completamente da mentalidade racista. Tomara que ele esteja errado"},"content":{"rendered":"<p><img data-recalc-dims=\"1\" loading=\"lazy\" decoding=\"async\" data-attachment-id=\"2001\" data-permalink=\"http:\/\/blogdalucianaoliveira.com.br\/blog\/2016\/06\/28\/luther-king-disse-que-os-eua-nunca-se-libertariam-completamente-da-mentalidade-racista-tomara-que-ele-esteja-errado\/image-433\/\" data-orig-file=\"https:\/\/i0.wp.com\/blogdalucianaoliveira.com.br\/blog\/wp-content\/uploads\/2016\/06\/image-125.jpeg?fit=628%2C353\" data-orig-size=\"628,353\" data-comments-opened=\"0\" data-image-meta=\"{&quot;aperture&quot;:&quot;0&quot;,&quot;credit&quot;:&quot;&quot;,&quot;camera&quot;:&quot;&quot;,&quot;caption&quot;:&quot;&quot;,&quot;created_timestamp&quot;:&quot;0&quot;,&quot;copyright&quot;:&quot;&quot;,&quot;focal_length&quot;:&quot;0&quot;,&quot;iso&quot;:&quot;0&quot;,&quot;shutter_speed&quot;:&quot;0&quot;,&quot;title&quot;:&quot;&quot;,&quot;orientation&quot;:&quot;0&quot;}\" data-image-title=\"image\" data-image-description=\"\" data-image-caption=\"\" data-medium-file=\"https:\/\/i0.wp.com\/blogdalucianaoliveira.com.br\/blog\/wp-content\/uploads\/2016\/06\/image-125.jpeg?fit=300%2C169\" data-large-file=\"https:\/\/i0.wp.com\/blogdalucianaoliveira.com.br\/blog\/wp-content\/uploads\/2016\/06\/image-125.jpeg?fit=600%2C337\" src=\"https:\/\/i0.wp.com\/blogdalucianaoliveira.com.br\/blog\/wp-content\/uploads\/2016\/06\/image-125.jpeg?resize=600%2C337\" alt=\"image\" width=\"600\" height=\"337\" class=\"alignnone size-full wp-image-2001\" srcset=\"https:\/\/i0.wp.com\/blogdalucianaoliveira.com.br\/blog\/wp-content\/uploads\/2016\/06\/image-125.jpeg?w=628 628w, https:\/\/i0.wp.com\/blogdalucianaoliveira.com.br\/blog\/wp-content\/uploads\/2016\/06\/image-125.jpeg?resize=300%2C169 300w, https:\/\/i0.wp.com\/blogdalucianaoliveira.com.br\/blog\/wp-content\/uploads\/2016\/06\/image-125.jpeg?resize=534%2C300 534w\" sizes=\"auto, (max-width: 600px) 100vw, 600px\" \/><\/p>\n<p>EUA t\u00eam mais negros na pris\u00e3o hoje do que escravos no s\u00e9culo XIX<\/p>\n<p>No dia hist\u00f3rico do discurso \u201ceu tenho um sonho\u201d, de Martin Luther King, panorama social \u00e9 dram\u00e1tico a negros nos EUA<!--more--><\/p>\n<p>Dod\u00f4 Calixto<br \/>\nOperaMundi<\/p>\n<p>O presidente norte-americano, Barack Obama, participa nesta quarta-feira (28\/08) em Washington de evento comemorativo pelo anivers\u00e1rio de 50 anos do emblem\u00e1tico discurso \u201cEu tenho um Sonho\u201d, de Martin Luther King Jr. &#8211; considerado um marco da igualdade de direitos civis aos afro-americanos. <\/p>\n<p>Enquanto isso, entre becos e vielas dos EUA, os negros n\u00e3o v\u00e3o ter muitos motivos para celebrar ou &#8220;sonhar com a esperan\u00e7a&#8221;, como bradou Luther King em 1963.<\/p>\n<p>De acordo com soci\u00f3logos e especialistas em estudos das camadas populares na Am\u00e9rica do Norte, os \u00edndices sociais &#8211; que incluem emprego, sa\u00fade e educa\u00e7\u00e3o &#8211; entre os afrodescendentes norte-americanos s\u00e3o os piores em 25 anos. <\/p>\n<p>Por exemplo, um homem negro que n\u00e3o concluiu os estudos tem mais chances de ir para pris\u00e3o do que conseguir uma vaga no mercado de trabalho. Uma crian\u00e7a negra tem hoje menos chances de ser criada pelos seus pais que um filho de escravos no s\u00e9culo XIX. <\/p>\n<p>E o dado mais assombroso: h\u00e1 mais negros na pris\u00e3o atualmente do que escravos nos EUA em 1850, de acordo com estudo da soci\u00f3loga da Universidade de Ohio, Michelle Alexander.<\/p>\n<p>\u201cNegar a cidadania aos negros norte-americanos foi a marca da constru\u00e7\u00e3o dos EUA. Centenas de anos mais tarde, ainda n\u00e3o temos uma democracia igualit\u00e1ria. Os argumentos e racionaliza\u00e7\u00f5es que foram pregadas em apoio da exclus\u00e3o racial e da discrimina\u00e7\u00e3o em suas v\u00e1rias formas mudaram e evolu\u00edram, mas o resultado se manteve praticamente o mesmo da \u00e9poca da escravid\u00e3o\u201d, argumenta Alexander em seu livro The New Jim Crow<\/p>\n","protected":false},"excerpt":{"rendered":"<p>EUA t\u00eam mais negros na pris\u00e3o hoje do que escravos no s\u00e9culo XIX No dia hist\u00f3rico do discurso \u201ceu tenho um sonho\u201d, de Martin Luther King, panorama social \u00e9 dram\u00e1tico a negros nos EUA<\/p>\n","protected":false},"author":1,"featured_media":0,"comment_status":"closed","ping_status":"open","sticky":false,"template":"","format":"standard","meta":{"_exactmetrics_skip_tracking":false,"_exactmetrics_sitenote_active":false,"_exactmetrics_sitenote_note":"","_exactmetrics_sitenote_category":0,"jetpack_post_was_ever_published":false,"_jetpack_newsletter_access":"","_jetpack_dont_email_post_to_subs":false,"_jetpack_newsletter_tier_id":0,"_jetpack_memberships_contains_paywalled_content":false,"_jetpack_memberships_contains_paid_content":false,"footnotes":"","jetpack_publicize_message":"","jetpack_publicize_feature_enabled":true,"jetpack_social_post_already_shared":true,"jetpack_social_options":{"image_generator_settings":{"template":"highway","enabled":false},"version":2}},"categories":[1],"tags":[],"class_list":["post-2000","post","type-post","status-publish","format-standard","hentry","category-notas"],"jetpack_publicize_connections":[],"jetpack_sharing_enabled":true,"jetpack_featured_media_url":"","jetpack_shortlink":"https:\/\/wp.me\/p7wKYW-wg","jetpack-related-posts":[],"_links":{"self":[{"href":"http:\/\/blogdalucianaoliveira.com.br\/blog\/wp-json\/wp\/v2\/posts\/2000","targetHints":{"allow":["GET"]}}],"collection":[{"href":"http:\/\/blogdalucianaoliveira.com.br\/blog\/wp-json\/wp\/v2\/posts"}],"about":[{"href":"http:\/\/blogdalucianaoliveira.com.br\/blog\/wp-json\/wp\/v2\/types\/post"}],"author":[{"embeddable":true,"href":"http:\/\/blogdalucianaoliveira.com.br\/blog\/wp-json\/wp\/v2\/users\/1"}],"replies":[{"embeddable":true,"href":"http:\/\/blogdalucianaoliveira.com.br\/blog\/wp-json\/wp\/v2\/comments?post=2000"}],"version-history":[{"count":1,"href":"http:\/\/blogdalucianaoliveira.com.br\/blog\/wp-json\/wp\/v2\/posts\/2000\/revisions"}],"predecessor-version":[{"id":2002,"href":"http:\/\/blogdalucianaoliveira.com.br\/blog\/wp-json\/wp\/v2\/posts\/2000\/revisions\/2002"}],"wp:attachment":[{"href":"http:\/\/blogdalucianaoliveira.com.br\/blog\/wp-json\/wp\/v2\/media?parent=2000"}],"wp:term":[{"taxonomy":"category","embeddable":true,"href":"http:\/\/blogdalucianaoliveira.com.br\/blog\/wp-json\/wp\/v2\/categories?post=2000"},{"taxonomy":"post_tag","embeddable":true,"href":"http:\/\/blogdalucianaoliveira.com.br\/blog\/wp-json\/wp\/v2\/tags?post=2000"}],"curies":[{"name":"wp","href":"https:\/\/api.w.org\/{rel}","templated":true}]}}