{"id":20007,"date":"2019-01-11T12:20:32","date_gmt":"2019-01-11T16:20:32","guid":{"rendered":"http:\/\/blogdalucianaoliveira.com.br\/blog\/?p=20007"},"modified":"2019-01-11T12:20:32","modified_gmt":"2019-01-11T16:20:32","slug":"novo-governo-e-triunfo-da-ignorancia-e-da-estupidez","status":"publish","type":"post","link":"http:\/\/blogdalucianaoliveira.com.br\/blog\/2019\/01\/11\/novo-governo-e-triunfo-da-ignorancia-e-da-estupidez\/","title":{"rendered":"Novo governo \u00e9 triunfo da ignor\u00e2ncia e da estupidez"},"content":{"rendered":"<p><img data-recalc-dims=\"1\" loading=\"lazy\" decoding=\"async\" data-attachment-id=\"20008\" data-permalink=\"http:\/\/blogdalucianaoliveira.com.br\/blog\/2019\/01\/11\/novo-governo-e-triunfo-da-ignorancia-e-da-estupidez\/94f3fc1b-f31a-48dd-8c4b-d0bfba0b298c\/\" data-orig-file=\"https:\/\/i0.wp.com\/blogdalucianaoliveira.com.br\/blog\/wp-content\/uploads\/2019\/01\/94F3FC1B-F31A-48DD-8C4B-D0BFBA0B298C.png?fit=768%2C427\" data-orig-size=\"768,427\" data-comments-opened=\"0\" data-image-meta=\"{&quot;aperture&quot;:&quot;0&quot;,&quot;credit&quot;:&quot;&quot;,&quot;camera&quot;:&quot;&quot;,&quot;caption&quot;:&quot;&quot;,&quot;created_timestamp&quot;:&quot;0&quot;,&quot;copyright&quot;:&quot;&quot;,&quot;focal_length&quot;:&quot;0&quot;,&quot;iso&quot;:&quot;0&quot;,&quot;shutter_speed&quot;:&quot;0&quot;,&quot;title&quot;:&quot;&quot;,&quot;orientation&quot;:&quot;0&quot;}\" data-image-title=\"94F3FC1B-F31A-48DD-8C4B-D0BFBA0B298C\" data-image-description=\"\" data-image-caption=\"\" data-medium-file=\"https:\/\/i0.wp.com\/blogdalucianaoliveira.com.br\/blog\/wp-content\/uploads\/2019\/01\/94F3FC1B-F31A-48DD-8C4B-D0BFBA0B298C.png?fit=300%2C167\" data-large-file=\"https:\/\/i0.wp.com\/blogdalucianaoliveira.com.br\/blog\/wp-content\/uploads\/2019\/01\/94F3FC1B-F31A-48DD-8C4B-D0BFBA0B298C.png?fit=600%2C334\" src=\"https:\/\/i0.wp.com\/blogdalucianaoliveira.com.br\/blog\/wp-content\/uploads\/2019\/01\/94F3FC1B-F31A-48DD-8C4B-D0BFBA0B298C.png?resize=600%2C334\" alt=\"94F3FC1B-F31A-48DD-8C4B-D0BFBA0B298C\" width=\"600\" height=\"334\" class=\"alignnone size-full wp-image-20008\" srcset=\"https:\/\/i0.wp.com\/blogdalucianaoliveira.com.br\/blog\/wp-content\/uploads\/2019\/01\/94F3FC1B-F31A-48DD-8C4B-D0BFBA0B298C.png?w=768 768w, https:\/\/i0.wp.com\/blogdalucianaoliveira.com.br\/blog\/wp-content\/uploads\/2019\/01\/94F3FC1B-F31A-48DD-8C4B-D0BFBA0B298C.png?resize=300%2C167 300w, https:\/\/i0.wp.com\/blogdalucianaoliveira.com.br\/blog\/wp-content\/uploads\/2019\/01\/94F3FC1B-F31A-48DD-8C4B-D0BFBA0B298C.png?resize=540%2C300 540w\" sizes=\"auto, (max-width: 600px) 100vw, 600px\" \/><\/p>\n<p>Para o te\u00f3logo Leonardo Boff, o in\u00edcio do governo de Jair Bolsonaro mostra \u201ctodo o despreparo\u201d do presidente eleito. \u201c\u00c9 contradit\u00f3rio, n\u00e3o sabe bem o que quer, nem sequer conhece as reais necessidades do pa\u00eds.\u201d Mais do que isso, ele acredita que o novo presidente, que tomou posse no dia 1\u00b0 de janeiro, \u201c\u00e9 a maior desgra\u00e7a que ocorreu em nossa hist\u00f3ria\u201d. Para Boff, a chegada dos atuais comandantes do pa\u00eds \u201c\u00e9 o triunfo da ignor\u00e2ncia e da estupidez\u201d.<!--more--><\/p>\n<p>Depois de o Instituto Nacional de Coloniza\u00e7\u00e3o e Reforma Agr\u00e1ria (Incra) divulgar, no dia 8, memorandos nos quais determinou a paralisa\u00e7\u00e3o da reforma agr\u00e1ria, o presidente do \u00f3rg\u00e3o, Francisco Nascimento, revogou os documentos no dia seguinte, em mais um dos muitos recuos do governo em menos de 10 dias.<\/p>\n<p>Uma eventual confirma\u00e7\u00e3o da suspens\u00e3o da reforma agr\u00e1ria, que, de qualquer maneira, seria coerente com o ide\u00e1rio de Bolsonaro e seus apoiadores, principalmente o agroneg\u00f3cio, \u00e9 anticonstitucional, diz Boff. \u201cAConstitui\u00e7\u00e3o de 1988 prev\u00ea a reforma agr\u00e1ria. Bolsonaro n\u00e3o possui autonomia pessoal. Obedece ao agroneg\u00f3cio, \u00e0 velha oligarquia que vive de privil\u00e9gios. S\u00e3o, na verdade, os descendentes da casa-grande.\u201d<\/p>\n<p>Apesar de tudo, o te\u00f3logo ainda acredita no pa\u00eds. \u201cTenho esperan\u00e7a de que o Brasil seja muito maior do que as pequenas cabe\u00e7as dos que agora v\u00e3o governar dentro de um r\u00edgido fundamentalismo de corte religioso com um projeto econ\u00f4mico-pol\u00edtico ultraliberal\u201d, afirma, em entrevista respondida por e-mail \u00e0 RBA.<\/p>\n<p>RBA \u2013 Como o senhor avalia esse in\u00edcio de governo Bolsonaro?<\/p>\n<p>Leonardo Boff \u2013 Esse in\u00edcio de governo mostra todo o despreparo do presidente eleito. \u00c9 contradit\u00f3rio, n\u00e3o sabe bem o que quer, nem sequer conhece as reais necessidades do pa\u00eds. \u00c9 a maior desgra\u00e7a que ocorreu em nossa hist\u00f3ria. \u00c9 o triunfo da ignor\u00e2ncia e da estupidez. Ele n\u00e3o est\u00e1 \u00e0 altura da grandeza e da complexidade do Brasil.<\/p>\n<p>Acredita que o governo amea\u00e7a a democracia?<\/p>\n<p>Ele nunca falou em defender a democracia. Suas falas na campanha se orientaram por tudo aquilo que destr\u00f3i uma democracia, mesmo a nossa, que \u00e9 de baixa intensidade: desrespeito a minorias pol\u00edticas que s\u00e3o maiorias num\u00e9ricas, como os negros e negras, desprezo pelos ind\u00edgenas e quilombolas, amea\u00e7a aos LGBT. N\u00e3o possui o sentido da igualdade de todos em dignidade e direitos. \u00c9 preconceituoso e pensa que os problemas se resolvem com a pancada. Isso \u00e9 contra qualquer sentido democr\u00e1tico.<\/p>\n<p>O que acha de uma eventual suspens\u00e3o da reforma agr\u00e1ria, conforme ordenada pelo governo na ter\u00e7a-feira (8), apesar do recuou posterior?<\/p>\n<p>\u00c9 um ato anticonstitucional. A Constitui\u00e7\u00e3o de 1988 prev\u00ea a reforma agr\u00e1ria. Ele n\u00e3o possui autonomia pessoal. Obedece ao agroneg\u00f3cio, \u00e0 velha oligarquia que vive de privil\u00e9gios e s\u00e3o, na verdade, os descendentes da Casa Grande. Temo apenas que essa exclus\u00e3o da reforma agr\u00e1ria produza muita viol\u00eancia no campo e os sem-terra sejam criminalizados como terroristas.<\/p>\n<p>E o papel desempenhado pelos movimentos sociais e pela esquerda brasileira diante do novo governo?<\/p>\n<p>Acho que todos ficaram aturdidos se perguntando: como pode acontecer tudo isso e tanta insensatez em nosso pa\u00eds? Onde n\u00f3s erramos? Como n\u00e3o conseguimos prever esse salto rumo \u00e0 Idade M\u00e9dia? Creio que as esquerdas e os que comp\u00f5em o campo progressista n\u00e3o encontraram ainda uma estrat\u00e9gia concreta para enfrentar tanto caos que j\u00e1 est\u00e1 se criando e que possivelmente aumentar\u00e1.<\/p>\n<p>Acredita na \u201cuni\u00e3o da esquerda\u201d, na luta pela manuten\u00e7\u00e3o de direitos?<\/p>\n<p>Na minha opini\u00e3o, \u00e9 preciso criar uma frente ampla democr\u00e1tica, de partidos progressistas e de for\u00e7as sociais para defender a democracia, os direitos fundamentais dos cidad\u00e3os e os bens p\u00fablicos, que s\u00e3o a base de nossa soberania e da constru\u00e7\u00e3o de uma na\u00e7\u00e3o com menos desigualdades sociais e, por fim, para impedir que se acrescente mais sofrimento aos que sempre sofreram em nossa hist\u00f3ria.<\/p>\n<p>Mas tenho esperan\u00e7a de que o Brasil seja muito maior do que as pequenas cabe\u00e7as dos que agora v\u00e3o governar dentro de um r\u00edgido fundamentalismo de corte religioso com um projeto econ\u00f4mico-pol\u00edtico ultraliberal que sempre favoreceu o mercado e os poderosos \u00e0 custa da marginaliza\u00e7\u00e3o das grandes maiorias de nosso povo.<\/p>\n<p>Qual sua maior preocupa\u00e7\u00e3o na atual conjuntura?<\/p>\n<p>Preocupo-me com a eventualidade de um golpe militar brando que afaste o atual presidente por v\u00ea-lo como um estorvo \u00e0s pol\u00edticas minimamente sensatas e nacionalistas. J\u00e1 sabemos como funciona a cabe\u00e7a do militar acostumado a identificar o inimigo e dar-lhe combate constante, especialmente contra os que se op\u00f5em a um tal governo.<\/p>\n<p>Do PT<\/p>\n","protected":false},"excerpt":{"rendered":"<p>Para o te\u00f3logo Leonardo Boff, o in\u00edcio do governo de Jair Bolsonaro mostra \u201ctodo o despreparo\u201d do presidente eleito. \u201c\u00c9 contradit\u00f3rio, n\u00e3o sabe bem o que quer, nem sequer conhece as reais necessidades do pa\u00eds.\u201d Mais do que isso, ele acredita que o novo presidente, que tomou posse no dia 1\u00b0 de janeiro, \u201c\u00e9 a&#8230;<a class=\"more-link\" href=\"http:\/\/blogdalucianaoliveira.com.br\/blog\/2019\/01\/11\/novo-governo-e-triunfo-da-ignorancia-e-da-estupidez\/\">Continue a leitura <span class=\"meta-nav\">&raquo;<\/span><\/a><\/p>\n","protected":false},"author":1,"featured_media":0,"comment_status":"closed","ping_status":"open","sticky":false,"template":"","format":"standard","meta":{"_exactmetrics_skip_tracking":false,"_exactmetrics_sitenote_active":false,"_exactmetrics_sitenote_note":"","_exactmetrics_sitenote_category":0,"jetpack_post_was_ever_published":false,"_jetpack_newsletter_access":"","_jetpack_dont_email_post_to_subs":false,"_jetpack_newsletter_tier_id":0,"_jetpack_memberships_contains_paywalled_content":false,"_jetpack_memberships_contains_paid_content":false,"footnotes":"","jetpack_publicize_message":"","jetpack_publicize_feature_enabled":true,"jetpack_social_post_already_shared":true,"jetpack_social_options":{"image_generator_settings":{"template":"highway","enabled":false},"version":2}},"categories":[1],"tags":[],"class_list":["post-20007","post","type-post","status-publish","format-standard","hentry","category-notas"],"jetpack_publicize_connections":[],"jetpack_sharing_enabled":true,"jetpack_featured_media_url":"","jetpack_shortlink":"https:\/\/wp.me\/p7wKYW-5cH","jetpack-related-posts":[],"_links":{"self":[{"href":"http:\/\/blogdalucianaoliveira.com.br\/blog\/wp-json\/wp\/v2\/posts\/20007","targetHints":{"allow":["GET"]}}],"collection":[{"href":"http:\/\/blogdalucianaoliveira.com.br\/blog\/wp-json\/wp\/v2\/posts"}],"about":[{"href":"http:\/\/blogdalucianaoliveira.com.br\/blog\/wp-json\/wp\/v2\/types\/post"}],"author":[{"embeddable":true,"href":"http:\/\/blogdalucianaoliveira.com.br\/blog\/wp-json\/wp\/v2\/users\/1"}],"replies":[{"embeddable":true,"href":"http:\/\/blogdalucianaoliveira.com.br\/blog\/wp-json\/wp\/v2\/comments?post=20007"}],"version-history":[{"count":1,"href":"http:\/\/blogdalucianaoliveira.com.br\/blog\/wp-json\/wp\/v2\/posts\/20007\/revisions"}],"predecessor-version":[{"id":20009,"href":"http:\/\/blogdalucianaoliveira.com.br\/blog\/wp-json\/wp\/v2\/posts\/20007\/revisions\/20009"}],"wp:attachment":[{"href":"http:\/\/blogdalucianaoliveira.com.br\/blog\/wp-json\/wp\/v2\/media?parent=20007"}],"wp:term":[{"taxonomy":"category","embeddable":true,"href":"http:\/\/blogdalucianaoliveira.com.br\/blog\/wp-json\/wp\/v2\/categories?post=20007"},{"taxonomy":"post_tag","embeddable":true,"href":"http:\/\/blogdalucianaoliveira.com.br\/blog\/wp-json\/wp\/v2\/tags?post=20007"}],"curies":[{"name":"wp","href":"https:\/\/api.w.org\/{rel}","templated":true}]}}