{"id":20010,"date":"2019-01-11T13:15:17","date_gmt":"2019-01-11T17:15:17","guid":{"rendered":"http:\/\/blogdalucianaoliveira.com.br\/blog\/?p=20010"},"modified":"2019-01-11T13:15:17","modified_gmt":"2019-01-11T17:15:17","slug":"new-york-times-reconhece-um-ano-fatidico-comecou-no-brasil","status":"publish","type":"post","link":"http:\/\/blogdalucianaoliveira.com.br\/blog\/2019\/01\/11\/new-york-times-reconhece-um-ano-fatidico-comecou-no-brasil\/","title":{"rendered":"New York Times reconhece: \u201cUm ano fat\u00eddico come\u00e7ou no Brasil\u201d"},"content":{"rendered":"<p><img data-recalc-dims=\"1\" loading=\"lazy\" decoding=\"async\" data-attachment-id=\"20011\" data-permalink=\"http:\/\/blogdalucianaoliveira.com.br\/blog\/2019\/01\/11\/new-york-times-reconhece-um-ano-fatidico-comecou-no-brasil\/8d443599-1600-448f-a634-22c03b85e10e\/\" data-orig-file=\"https:\/\/i0.wp.com\/blogdalucianaoliveira.com.br\/blog\/wp-content\/uploads\/2019\/01\/8D443599-1600-448F-A634-22C03B85E10E.jpeg?fit=768%2C511\" data-orig-size=\"768,511\" data-comments-opened=\"0\" data-image-meta=\"{&quot;aperture&quot;:&quot;0&quot;,&quot;credit&quot;:&quot;&quot;,&quot;camera&quot;:&quot;&quot;,&quot;caption&quot;:&quot;&quot;,&quot;created_timestamp&quot;:&quot;0&quot;,&quot;copyright&quot;:&quot;&quot;,&quot;focal_length&quot;:&quot;0&quot;,&quot;iso&quot;:&quot;0&quot;,&quot;shutter_speed&quot;:&quot;0&quot;,&quot;title&quot;:&quot;&quot;,&quot;orientation&quot;:&quot;0&quot;}\" data-image-title=\"8D443599-1600-448F-A634-22C03B85E10E\" data-image-description=\"\" data-image-caption=\"\" data-medium-file=\"https:\/\/i0.wp.com\/blogdalucianaoliveira.com.br\/blog\/wp-content\/uploads\/2019\/01\/8D443599-1600-448F-A634-22C03B85E10E.jpeg?fit=300%2C200\" data-large-file=\"https:\/\/i0.wp.com\/blogdalucianaoliveira.com.br\/blog\/wp-content\/uploads\/2019\/01\/8D443599-1600-448F-A634-22C03B85E10E.jpeg?fit=600%2C399\" src=\"https:\/\/i0.wp.com\/blogdalucianaoliveira.com.br\/blog\/wp-content\/uploads\/2019\/01\/8D443599-1600-448F-A634-22C03B85E10E.jpeg?resize=600%2C399\" alt=\"8D443599-1600-448F-A634-22C03B85E10E\" width=\"600\" height=\"399\" class=\"alignnone size-full wp-image-20011\" srcset=\"https:\/\/i0.wp.com\/blogdalucianaoliveira.com.br\/blog\/wp-content\/uploads\/2019\/01\/8D443599-1600-448F-A634-22C03B85E10E.jpeg?w=768 768w, https:\/\/i0.wp.com\/blogdalucianaoliveira.com.br\/blog\/wp-content\/uploads\/2019\/01\/8D443599-1600-448F-A634-22C03B85E10E.jpeg?resize=300%2C200 300w, https:\/\/i0.wp.com\/blogdalucianaoliveira.com.br\/blog\/wp-content\/uploads\/2019\/01\/8D443599-1600-448F-A634-22C03B85E10E.jpeg?resize=451%2C300 451w\" sizes=\"auto, (max-width: 600px) 100vw, 600px\" \/><\/p>\n<p>Jair Bolsonaro assume o poder. Com uma vingan\u00e7a<!--more--><\/p>\n<p>Editorial do di\u00e1rio New York Times<\/p>\n<p>Mal Jair Bolsonaro tomou posse como presidente do Brasil no dia de Ano Novo, ele adotou uma fonte de decretos de extrema-direita, minando prote\u00e7\u00f5es ao meio ambiente, direitos de terras ind\u00edgenas e da comunidade LGBT, colocando as organiza\u00e7\u00f5es n\u00e3o-governamentais sob monitoramento e afastando funcion\u00e1rios do governo que n\u00e3o compartilham sua ideologia.<\/p>\n<p>Donald Trump twittou com entusiasmo: \u201cParab\u00e9ns ao presidente @JairBolsonaro, que acaba de fazer um grande discurso de posse \u2014 os EUA est\u00e3o com voc\u00ea!\u201d<\/p>\n<p>O Sr. Bolsonaro devolveu o amor, twittando de volta: \u201cJuntos, sob a prote\u00e7\u00e3o de Deus, vamos trazer prosperidade e progresso para o nosso povo!\u201d<\/p>\n<p>Suas a\u00e7\u00f5es foram uma performance triste, mas n\u00e3o inesperada, do novo l\u00edder do Brasil, um ex-oficial militar cujos 27 anos no Congresso brasileiro foram not\u00e1veis \u200b\u200bapenas por insultos grosseiros a mulheres, minorias sexuais e negros.<\/p>\n<p>\u201cUm bom criminoso \u00e9 um criminoso morto\u201d, declarou ele; ele prometeu enviar \u201cbandidos vermelhos\u201d para a pris\u00e3o ou o ex\u00edlio; dedicou seu voto para impugnar a ex-presidenae Dilma Rousseff ao oficial militar respons\u00e1vel por sua tortura sob a antiga ditadura militar.<\/p>\n<p>Nada disso parecia importar para os eleitores trabalhando sob um colapso econ\u00f4mico, uma onda de criminalidade e um esc\u00e2ndalo de corrup\u00e7\u00e3o que minou qualquer f\u00e9 no establishment pol\u00edtico.<\/p>\n<p>A promessa de mudan\u00e7a de Bolsonaro, qualquer mudan\u00e7a, foi suficiente para lev\u00e1-lo ao poder com 55% dos votos em outubro.<\/p>\n<p>A linguagem de seu discurso inaugural \u2014 \u201cEu venho perante a Na\u00e7\u00e3o hoje, um dia em que as pessoas se livraram do socialismo, a invers\u00e3o de valores, p estatismo e p politicamente correto\u201d \u2014 foi m\u00fasica para os ouvidos de sua base reacion\u00e1ria, investidores e o Sr. Trump, que compartilha seus valores e sua arrog\u00e2ncia.<\/p>\n<p>O mercado de a\u00e7\u00f5es subiu para recordes e o real se fortaleceu em rela\u00e7\u00e3o ao d\u00f3lar.<\/p>\n<p>Mobilizar a raiva, o \u00f3dio e o medo tornou-se a estrat\u00e9gia familiar dos pretensos autorit\u00e1rios, e Bolsonaro desenhou de maneira liberal a cartilha de pessoas como Rodrigo Duterte, das Filipinas, Viktor Orban, da Hungria, e Recep Tayyip Erdogan, da Turquia.<\/p>\n<p>Ele tamb\u00e9m foi apelidado de \u201cTrump dos Tr\u00f3picos\u201d, por seus coment\u00e1rios ultrajantes e base pol\u00edtica de crist\u00e3os evang\u00e9licos, elites endinheiradas, pol\u00edticos covardes e falc\u00f5es militares.<\/p>\n<p>Mas atacar as minorias e fazer promessas grandiosas s\u00f3 serviu at\u00e9 agora para compensar a falta de compet\u00eancia governamental ou um programa coerente de governo.<\/p>\n<p>Na primeira semana da presid\u00eancia de Bolsonaro, os mesmos investidores e oficiais militares que celebravam um presidente reacion\u00e1rio tamb\u00e9m receberam motivos para preocupa\u00e7\u00e3o.<\/p>\n<p>Enquanto seu ministro da Economia, Paulo Guedes, economista neoliberal educado na Universidade de Chicago, que ensinava economia no Chile durante a era Pinochet, prometeu reformar o pesado sistema previdenci\u00e1rio brasileiro, Bolsonaro fez coment\u00e1rios improvisados \u200b\u200bsugerindo uma idade m\u00ednima de aposentadoria bem abaixo do que sua  equipe estava considerando.<\/p>\n<p>Ele tamb\u00e9m alarmou v\u00e1rios setores quando, ao contr\u00e1rio dos compromissos de campanha, falou de impostos crescentes e questionou uma proposta de parceria entre a Embraer e a Boeing, e quando sugeriu que permitiria uma base militar americana em solo brasileiro.<\/p>\n<p>Seu chefe de gabinete disse que o presidente estava \u201cerrado\u201d com o aumento de impostos, as a\u00e7\u00f5es da Embraer despencaram e os generais se disseram infelizes com a poss\u00edvel base estrangeira.<\/p>\n<p>O Sr. Bolsonaro est\u00e1 apenas come\u00e7ando.<\/p>\n<p>Com a mem\u00f3ria da ditadura militar ainda forte, muito depender\u00e1 da capacidade das institui\u00e7\u00f5es brasileiras se resistir a seu ataque autocr\u00e1tico. Muito tamb\u00e9m depender\u00e1 da capacidade de Bolsonaro de realizar reformas econ\u00f4micas extremamente necess\u00e1rias.<\/p>\n<p>Esse teste come\u00e7a em fevereiro, quando o novo Congresso se re\u00fane \u2014 o presidente comanda apenas uma coaliz\u00e3o inst\u00e1vel de v\u00e1rios partidos, e ele certamente vai encontrar forte oposi\u00e7\u00e3o a suas reformas.<\/p>\n<p>Um ano fat\u00eddico come\u00e7ou para o Brasil.<\/p>\n","protected":false},"excerpt":{"rendered":"<p>Jair Bolsonaro assume o poder. Com uma vingan\u00e7a<\/p>\n","protected":false},"author":1,"featured_media":0,"comment_status":"closed","ping_status":"open","sticky":false,"template":"","format":"standard","meta":{"_exactmetrics_skip_tracking":false,"_exactmetrics_sitenote_active":false,"_exactmetrics_sitenote_note":"","_exactmetrics_sitenote_category":0,"jetpack_post_was_ever_published":false,"_jetpack_newsletter_access":"","_jetpack_dont_email_post_to_subs":false,"_jetpack_newsletter_tier_id":0,"_jetpack_memberships_contains_paywalled_content":false,"_jetpack_memberships_contains_paid_content":false,"footnotes":"","jetpack_publicize_message":"","jetpack_publicize_feature_enabled":true,"jetpack_social_post_already_shared":true,"jetpack_social_options":{"image_generator_settings":{"template":"highway","enabled":false},"version":2}},"categories":[1],"tags":[],"class_list":["post-20010","post","type-post","status-publish","format-standard","hentry","category-notas"],"jetpack_publicize_connections":[],"jetpack_sharing_enabled":true,"jetpack_featured_media_url":"","jetpack_shortlink":"https:\/\/wp.me\/p7wKYW-5cK","jetpack-related-posts":[],"_links":{"self":[{"href":"http:\/\/blogdalucianaoliveira.com.br\/blog\/wp-json\/wp\/v2\/posts\/20010","targetHints":{"allow":["GET"]}}],"collection":[{"href":"http:\/\/blogdalucianaoliveira.com.br\/blog\/wp-json\/wp\/v2\/posts"}],"about":[{"href":"http:\/\/blogdalucianaoliveira.com.br\/blog\/wp-json\/wp\/v2\/types\/post"}],"author":[{"embeddable":true,"href":"http:\/\/blogdalucianaoliveira.com.br\/blog\/wp-json\/wp\/v2\/users\/1"}],"replies":[{"embeddable":true,"href":"http:\/\/blogdalucianaoliveira.com.br\/blog\/wp-json\/wp\/v2\/comments?post=20010"}],"version-history":[{"count":1,"href":"http:\/\/blogdalucianaoliveira.com.br\/blog\/wp-json\/wp\/v2\/posts\/20010\/revisions"}],"predecessor-version":[{"id":20012,"href":"http:\/\/blogdalucianaoliveira.com.br\/blog\/wp-json\/wp\/v2\/posts\/20010\/revisions\/20012"}],"wp:attachment":[{"href":"http:\/\/blogdalucianaoliveira.com.br\/blog\/wp-json\/wp\/v2\/media?parent=20010"}],"wp:term":[{"taxonomy":"category","embeddable":true,"href":"http:\/\/blogdalucianaoliveira.com.br\/blog\/wp-json\/wp\/v2\/categories?post=20010"},{"taxonomy":"post_tag","embeddable":true,"href":"http:\/\/blogdalucianaoliveira.com.br\/blog\/wp-json\/wp\/v2\/tags?post=20010"}],"curies":[{"name":"wp","href":"https:\/\/api.w.org\/{rel}","templated":true}]}}