{"id":20015,"date":"2019-01-11T13:23:46","date_gmt":"2019-01-11T17:23:46","guid":{"rendered":"http:\/\/blogdalucianaoliveira.com.br\/blog\/?p=20015"},"modified":"2019-01-11T13:24:10","modified_gmt":"2019-01-11T17:24:10","slug":"20015","status":"publish","type":"post","link":"http:\/\/blogdalucianaoliveira.com.br\/blog\/2019\/01\/11\/20015\/","title":{"rendered":"O Z\u00c9 PEREIRA CONTINUA PERSEGUIDO E DISCRIMINADO PELO PODER P\u00daBLICO"},"content":{"rendered":"<p><img data-recalc-dims=\"1\" loading=\"lazy\" decoding=\"async\" data-attachment-id=\"20016\" data-permalink=\"http:\/\/blogdalucianaoliveira.com.br\/blog\/2019\/01\/11\/20015\/695f907d-ded5-4bcb-9f83-710a4859bdad\/\" data-orig-file=\"https:\/\/i0.wp.com\/blogdalucianaoliveira.com.br\/blog\/wp-content\/uploads\/2019\/01\/695F907D-DED5-4BCB-9F83-710A4859BDAD.jpeg?fit=627%2C443\" data-orig-size=\"627,443\" data-comments-opened=\"0\" data-image-meta=\"{&quot;aperture&quot;:&quot;0&quot;,&quot;credit&quot;:&quot;&quot;,&quot;camera&quot;:&quot;&quot;,&quot;caption&quot;:&quot;&quot;,&quot;created_timestamp&quot;:&quot;0&quot;,&quot;copyright&quot;:&quot;&quot;,&quot;focal_length&quot;:&quot;0&quot;,&quot;iso&quot;:&quot;0&quot;,&quot;shutter_speed&quot;:&quot;0&quot;,&quot;title&quot;:&quot;&quot;,&quot;orientation&quot;:&quot;1&quot;}\" data-image-title=\"695F907D-DED5-4BCB-9F83-710A4859BDAD\" data-image-description=\"\" data-image-caption=\"\" data-medium-file=\"https:\/\/i0.wp.com\/blogdalucianaoliveira.com.br\/blog\/wp-content\/uploads\/2019\/01\/695F907D-DED5-4BCB-9F83-710A4859BDAD.jpeg?fit=300%2C212\" data-large-file=\"https:\/\/i0.wp.com\/blogdalucianaoliveira.com.br\/blog\/wp-content\/uploads\/2019\/01\/695F907D-DED5-4BCB-9F83-710A4859BDAD.jpeg?fit=600%2C424\" src=\"https:\/\/i0.wp.com\/blogdalucianaoliveira.com.br\/blog\/wp-content\/uploads\/2019\/01\/695F907D-DED5-4BCB-9F83-710A4859BDAD.jpeg?resize=600%2C424\" alt=\"695F907D-DED5-4BCB-9F83-710A4859BDAD\" width=\"600\" height=\"424\" class=\"alignnone size-full wp-image-20016\" srcset=\"https:\/\/i0.wp.com\/blogdalucianaoliveira.com.br\/blog\/wp-content\/uploads\/2019\/01\/695F907D-DED5-4BCB-9F83-710A4859BDAD.jpeg?w=627 627w, https:\/\/i0.wp.com\/blogdalucianaoliveira.com.br\/blog\/wp-content\/uploads\/2019\/01\/695F907D-DED5-4BCB-9F83-710A4859BDAD.jpeg?resize=300%2C212 300w, https:\/\/i0.wp.com\/blogdalucianaoliveira.com.br\/blog\/wp-content\/uploads\/2019\/01\/695F907D-DED5-4BCB-9F83-710A4859BDAD.jpeg?resize=425%2C300 425w\" sizes=\"auto, (max-width: 600px) 100vw, 600px\" \/><\/p>\n<p>Por Oscar Dias Knightz (*)<br \/>\nSambista, Compositor e Carnavalesco<\/p>\n<p>Muito tem sido dito, comentado e propalado, nas redes sociais e outros meios de comunica\u00e7\u00e3o, como r\u00e1dio, televis\u00e3o e imprensa escrita, a respeito da n\u00e3o libera\u00e7\u00e3o de recursos financeiros e estrutura para a realiza\u00e7\u00e3o dos desfiles das escolas de sambas, por parte dos poderes p\u00fablicos, estadual e municipal. <!--more--><\/p>\n<p>O prefeito, de forma c\u00ednica e hip\u00f3crita apresentou como desculpa esfarrapada que a n\u00e3o libera\u00e7\u00e3o de verba dar-se em fun\u00e7\u00e3o da utiliza\u00e7\u00e3o da mesma em outras pastas, tais como, educa\u00e7\u00e3o e sa\u00fade, coisa que todos n\u00f3s sabemos n\u00e3o vai acontecer, por quest\u00f5es legais, e mesmo que ocorresse o valor, R$ 300.000,00 n\u00e3o daria, de longe sequer para custear a manuten\u00e7\u00e3o mensal de uma UPA que \u00e9 04 (quatro) vezes maior que esse m\u00edsero valor e jamais iria resolver os problemas nestas duas pastas, ocasionadas pela total incompet\u00eancia do gestor do munic\u00edpio.<\/p>\n<p>Tenho lido e ouvido muitas bobagens e coment\u00e1rios, principalmente, de pessoas que n\u00e3o gostam de carnaval e fan\u00e1ticos religiosos concordando com atitude perversa e covarde do \u201cmandat\u00e1rio\u201d municipal, em rela\u00e7\u00e3o ao nosso carnaval, notadamente das escolas de samba, ora se voc\u00ea n\u00e3o gosta de carnaval v\u00e1 pescar, fica em casa, ou ent\u00e3o v\u00e1 para um retiro espiritual, mas respeite a tradi\u00e7\u00e3o secular e cultural do pa\u00eds, a identidade de um povo. A decis\u00e3o do prefeito, tem sim no seu bojo a cara da discrimina\u00e7\u00e3o, do racismo e do preconceito social, utilizou do jogo sujo tentando colocar os (06) seis blocos de carnaval contra as escolas de sambas, numa reuni\u00e3o ocorrida no \u00faltimo dia 07\/01\/2019, coordenada por um de seus representantes, onde foi deliberada sobre infra estrutura para os ensaios e desfiles dos blocos de carnaval e foi noticiada, em seguida, por um jornal eletr\u00f4nico, que os blocos apoiavam a decis\u00e3o do prefeito quanto a n\u00e3o libera\u00e7\u00e3o da verba, pura mentira, caracter\u00edstico e bem parecido com seu slogan de campanha, \u201cPORTO VELHO, DEIXA EU CUIDAR DE VOC\u00ca\u201d Quero dizer ao \u201cprefeito\u201d que carnaval \u00e9 cultura e cultura faz parte da vida do povo brasileiro e da cidade de Porto Velho.<\/p>\n<p>Outra babaquice \u00e9 quando dizem que o dinheiro \u00e9 p\u00fablico e n\u00e3o pode ser utilizada para custear \u201cdespesa\u201d de escola de samba. A respeito disso saibam que uma escola de samba exercem um papel social e econ\u00f4mico, pois n\u00e3o cobram um centavo pelas fantasias, as mesmas s\u00e3o doadas aos seus brincantes, o desfile, que traz alegria e entretenimento \u00e0 t\u00e3o sofrida popula\u00e7\u00e3o, n\u00e3o \u00e9 cobrado e \u00e9 realizado num \u00fanico dia, em um espa\u00e7o fechado e reservado, sem ocasionar viol\u00eancia alguma aos seus expectadores e brincantes. Al\u00e9m disso o evento de contribue com um incremento na renda familiar daqueles que trabalham na confec\u00e7\u00e3o e elabora\u00e7\u00e3o de enredos, figurinos, alegorias, costureiras, serralheiros, carpinteiros, pintores, artes\u00f5es,  ritmistas (algumas escolas pagam), ambulantes em geral que ganham muito mais nesse per\u00edodo com a venda de bebidas de todas as esp\u00e9cies, pipoqueiros, vendedores de comidas, o com\u00e9rcio local, etc. Portanto o dinheiro investido tem seu retorno garantido localmente.<\/p>\n<p>Como frisei anteriormente, se o dinheiro \u00e9 p\u00fablico, ele deve ser investido para o bem da popula\u00e7\u00e3o, pois ele \u00e9 o resultado da alta carga de impostos, uma das maiores do mundo, que o povo brasileiro paga e \u00e9 brutalmente usurpado na hora do seu retorno, como benef\u00edcio em prol da melhoria de sua qualidade de vida. Em termos de cultura a fomenta\u00e7\u00e3o, o apoio, a promo\u00e7\u00e3o e a difus\u00e3o \u00e9 assegurado pela Constitui\u00e7\u00e3o Federal, em seus artigos 215 e 216.<\/p>\n<p>Por falar em impostos, vejam o que disse o Blog de Valor, em sua publica\u00e7\u00e3o do dia 31\/07\/2018.<\/p>\n<p>O papel dos impostos em qualquer parte do mundo, \u00e9 fomentar o desenvolvimento social e financiar projetos voltados \u00e0 popula\u00e7\u00e3o \u2013 seja em educa\u00e7\u00e3o, transporte, sa\u00fade, seguran\u00e7a, CULTURA, entre outras \u00e1reas. E \u00e9 exatamente por isso que o pagamento de tributos \u00e9 obrigat\u00f3rio. Afinal de contas, s\u00e3o eles que mant\u00eam uma sociedade em pleno funcionamento e devidamente abastecida por servi\u00e7os b\u00e1sicos.<\/p>\n<p>Cada pa\u00eds possui suas normas e valores definidos na hora da arrecada\u00e7\u00e3o. Em alguns lugares, como nos Estados Unidos, \u00e9 poss\u00edvel acompanhar, inclusive, qual a porcentagem de tributa\u00e7\u00e3o de um determinado produto ou servi\u00e7o na hora de adquiri-lo.<\/p>\n<p>Independente do quanto se paga de impostos em qualquer parte do mundo, o que faz diferen\u00e7a, na pr\u00e1tica, \u00e9 a aplica\u00e7\u00e3o desta arrecada\u00e7\u00e3o na sociedade e o resultado destes aportes na qualidade de vida da popula\u00e7\u00e3o em geral. Espera-se que um pa\u00eds que possua uma carga tribut\u00e1ria mais alta ofere\u00e7a \u00e0 sua popula\u00e7\u00e3o contrapartidas \u00e0 altura do que se \u00e9 cobrado sob forma de imposto. Neste ponto, o Brasil se destaca negativamente.<\/p>\n<p>Continuando na toada dos impostos no Brasil, o Di\u00e1rio online \u2013 DOL, afirma em sua edi\u00e7\u00e3o do dia 26\/06\/2018:<\/p>\n<p>A oitava edi\u00e7\u00e3o do estudo do IRBES (\u00cdndice de Retorno de Bem-Estar \u00e0 sociedade) revelou o que muitos brasileiros j\u00e1 sabem: o pa\u00eds precisa muito a qualidade de vida da popula\u00e7\u00e3o com rela\u00e7\u00e3o \u00e0 aplica\u00e7\u00e3o de recursos p\u00fablicos.<\/p>\n<p>A carga tribut\u00e1ria do Brasil ocupa a 15\u00aa posi\u00e7\u00e3o no mundo e diante disso o IBPT viu a necessidade de analisar se o dinheiro arrecadado em impostos tem resultado em melhorias para a popula\u00e7\u00e3o. O estudo foi realizado a partir de dois par\u00e2metros: a Carga Tribut\u00e1ria sobre o PIB, que mede a arrecada\u00e7\u00e3o tribut\u00e1ria, e o \u00cdndice de Desenvolvimento Humano (IDH), que retrata a melhoria da qualidade de vida das pessoas.<\/p>\n<p>O Brasil ocupa a \u00faltima coloca\u00e7\u00e3o no \u00edndice, desde a primeira edi\u00e7\u00e3o do estudo, com uma carga tribut\u00e1ria alt\u00edssima, superando os cinco pa\u00edses com melhor \u00edndice de retorno, mas com um IDH inexpressivo, abaixo de Cuba, Palau ou Sri Lanka.<\/p>\n<p>A coloca\u00e7\u00e3o dos pa\u00edses no \u00edndice \u00e9 definida a partir de um ranking dos 30 pa\u00edses com as maiores cargas tribut\u00e1rias do mundo. Apesar do Brasil ser um dos pa\u00edses que mais arrecadam tributos, na lista do IRBES o pa\u00eds ocupou a \u00faltima coloca\u00e7\u00e3o.<\/p>\n<p>Finalizando \u00e9 preciso entender que o carnaval \u00e9 cor, \u00e9 dan\u00e7a, \u00e9 m\u00fasica, \u00e9 teatro, \u00e9 hist\u00f3ria e turismo, tudo isso devidamente integrado num \u00fanico espet\u00e1culo. Uma festa que congra\u00e7a todas as etnias, re\u00fane pessoas de todas as classes sociais e traduz toda beleza, riqueza e multiplicidade do povo brasileiro, caracterizando assim sua verdadeira identidade cultural, portanto n\u00e3o pode ser tratado como o poder p\u00fablico local o trata de forma covarde e discriminat\u00f3ria, merece respeito. Se assim o faz n\u00e3o cumpre de maneira alguma sua finalidade. O gestor cultural n\u00e3o pode se valer do cargo e ter atitudes vingativas e ran\u00e7o pol\u00edtico, no trato das quest\u00f5es relacionadas \u00e0 pasta que ocupa. Ele n\u00e3o se encontra para servir apenas os seus aliados e sim os interesses da popula\u00e7\u00e3o em geral.<\/p>\n<p>O gestor p\u00fablico precisa se conscientizar que por mais que ele n\u00e3o goste de carnaval tem que cumprir seu papel em atendimento ao que estabelece a constitui\u00e7\u00e3o, em se tratando de cultura, n\u00e3o pode se valer de ran\u00e7o pol\u00edtico, como vem ocorrendo com o gestor da Funcultural que mudou o prometido, em virtude de n\u00e3o terem obtido \u00eaxito na elei\u00e7\u00e3o para o governo. Atitude mesquinha, n\u00e3o \u00e9 assim que se trata a cultura. Tenho dito.<\/p>\n","protected":false},"excerpt":{"rendered":"<p>Por Oscar Dias Knightz (*) Sambista, Compositor e Carnavalesco Muito tem sido dito, comentado e propalado, nas redes sociais e outros meios de comunica\u00e7\u00e3o, como r\u00e1dio, televis\u00e3o e imprensa escrita, a respeito da n\u00e3o libera\u00e7\u00e3o de recursos financeiros e estrutura para a realiza\u00e7\u00e3o dos desfiles das escolas de sambas, por parte dos poderes p\u00fablicos, estadual&#8230;<a class=\"more-link\" href=\"http:\/\/blogdalucianaoliveira.com.br\/blog\/2019\/01\/11\/20015\/\">Continue a leitura <span class=\"meta-nav\">&raquo;<\/span><\/a><\/p>\n","protected":false},"author":1,"featured_media":0,"comment_status":"closed","ping_status":"open","sticky":false,"template":"","format":"standard","meta":{"_exactmetrics_skip_tracking":false,"_exactmetrics_sitenote_active":false,"_exactmetrics_sitenote_note":"","_exactmetrics_sitenote_category":0,"jetpack_post_was_ever_published":false,"_jetpack_newsletter_access":"","_jetpack_dont_email_post_to_subs":false,"_jetpack_newsletter_tier_id":0,"_jetpack_memberships_contains_paywalled_content":false,"_jetpack_memberships_contains_paid_content":false,"footnotes":"","jetpack_publicize_message":"","jetpack_publicize_feature_enabled":true,"jetpack_social_post_already_shared":true,"jetpack_social_options":{"image_generator_settings":{"template":"highway","enabled":false},"version":2}},"categories":[1],"tags":[],"class_list":["post-20015","post","type-post","status-publish","format-standard","hentry","category-notas"],"jetpack_publicize_connections":[],"jetpack_sharing_enabled":true,"jetpack_featured_media_url":"","jetpack_shortlink":"https:\/\/wp.me\/s7wKYW-20015","jetpack-related-posts":[],"_links":{"self":[{"href":"http:\/\/blogdalucianaoliveira.com.br\/blog\/wp-json\/wp\/v2\/posts\/20015","targetHints":{"allow":["GET"]}}],"collection":[{"href":"http:\/\/blogdalucianaoliveira.com.br\/blog\/wp-json\/wp\/v2\/posts"}],"about":[{"href":"http:\/\/blogdalucianaoliveira.com.br\/blog\/wp-json\/wp\/v2\/types\/post"}],"author":[{"embeddable":true,"href":"http:\/\/blogdalucianaoliveira.com.br\/blog\/wp-json\/wp\/v2\/users\/1"}],"replies":[{"embeddable":true,"href":"http:\/\/blogdalucianaoliveira.com.br\/blog\/wp-json\/wp\/v2\/comments?post=20015"}],"version-history":[{"count":2,"href":"http:\/\/blogdalucianaoliveira.com.br\/blog\/wp-json\/wp\/v2\/posts\/20015\/revisions"}],"predecessor-version":[{"id":20018,"href":"http:\/\/blogdalucianaoliveira.com.br\/blog\/wp-json\/wp\/v2\/posts\/20015\/revisions\/20018"}],"wp:attachment":[{"href":"http:\/\/blogdalucianaoliveira.com.br\/blog\/wp-json\/wp\/v2\/media?parent=20015"}],"wp:term":[{"taxonomy":"category","embeddable":true,"href":"http:\/\/blogdalucianaoliveira.com.br\/blog\/wp-json\/wp\/v2\/categories?post=20015"},{"taxonomy":"post_tag","embeddable":true,"href":"http:\/\/blogdalucianaoliveira.com.br\/blog\/wp-json\/wp\/v2\/tags?post=20015"}],"curies":[{"name":"wp","href":"https:\/\/api.w.org\/{rel}","templated":true}]}}