{"id":2003,"date":"2016-06-28T15:48:57","date_gmt":"2016-06-28T19:48:57","guid":{"rendered":"http:\/\/blogdalucianaoliveira.com.br\/blog\/?p=2003"},"modified":"2016-06-28T15:48:57","modified_gmt":"2016-06-28T19:48:57","slug":"quadrilhas-param-camara-acordai-acordai-acordai-eleitor","status":"publish","type":"post","link":"http:\/\/blogdalucianaoliveira.com.br\/blog\/2016\/06\/28\/quadrilhas-param-camara-acordai-acordai-acordai-eleitor\/","title":{"rendered":"Quadrilhas param C\u00e2mara. Acordai, acordai, acordai eleitor"},"content":{"rendered":"<p><img data-recalc-dims=\"1\" loading=\"lazy\" decoding=\"async\" data-attachment-id=\"2004\" data-permalink=\"http:\/\/blogdalucianaoliveira.com.br\/blog\/2016\/06\/28\/quadrilhas-param-camara-acordai-acordai-acordai-eleitor\/quadrilha-camara\/\" data-orig-file=\"https:\/\/i0.wp.com\/blogdalucianaoliveira.com.br\/blog\/wp-content\/uploads\/2016\/06\/quadrilha-camara.jpg?fit=699%2C420\" data-orig-size=\"699,420\" data-comments-opened=\"0\" data-image-meta=\"{&quot;aperture&quot;:&quot;0&quot;,&quot;credit&quot;:&quot;&quot;,&quot;camera&quot;:&quot;&quot;,&quot;caption&quot;:&quot;&quot;,&quot;created_timestamp&quot;:&quot;0&quot;,&quot;copyright&quot;:&quot;&quot;,&quot;focal_length&quot;:&quot;0&quot;,&quot;iso&quot;:&quot;0&quot;,&quot;shutter_speed&quot;:&quot;0&quot;,&quot;title&quot;:&quot;&quot;,&quot;orientation&quot;:&quot;0&quot;}\" data-image-title=\"quadrilha-camara\" data-image-description=\"\" data-image-caption=\"\" data-medium-file=\"https:\/\/i0.wp.com\/blogdalucianaoliveira.com.br\/blog\/wp-content\/uploads\/2016\/06\/quadrilha-camara.jpg?fit=300%2C180\" data-large-file=\"https:\/\/i0.wp.com\/blogdalucianaoliveira.com.br\/blog\/wp-content\/uploads\/2016\/06\/quadrilha-camara.jpg?fit=600%2C361\" src=\"https:\/\/i0.wp.com\/blogdalucianaoliveira.com.br\/blog\/wp-content\/uploads\/2016\/06\/quadrilha-camara.jpg?resize=600%2C361\" alt=\"quadrilha-camara\" width=\"600\" height=\"361\" class=\"alignnone size-full wp-image-2004\" srcset=\"https:\/\/i0.wp.com\/blogdalucianaoliveira.com.br\/blog\/wp-content\/uploads\/2016\/06\/quadrilha-camara.jpg?w=699 699w, https:\/\/i0.wp.com\/blogdalucianaoliveira.com.br\/blog\/wp-content\/uploads\/2016\/06\/quadrilha-camara.jpg?resize=300%2C180 300w, https:\/\/i0.wp.com\/blogdalucianaoliveira.com.br\/blog\/wp-content\/uploads\/2016\/06\/quadrilha-camara.jpg?resize=499%2C300 499w\" sizes=\"auto, (max-width: 600px) 100vw, 600px\" \/><\/p>\n<p>C\u00e2mara fecha para dan\u00e7ar quadrilha at\u00e9 4 de julho<!--more--><\/p>\n<p>Por Ricardo Kotscho<\/p>\n<p>Pular fogueira, dan\u00e7ar quadrilha, tomar quent\u00e3o ao som de forr\u00f3, \u00e9 uma beleza. Quem n\u00e3o gosta?<\/p>\n<p>Mas os caros leitores e leitoras podem imaginar uma empresa privada de qualquer porte dispensar seus funcion\u00e1rios de baterem o ponto por duas semanas para participar dos festejos juninos?<\/p>\n<p>Junho termina quinta-feira, dia 30, mas as excel\u00eancias da C\u00e2mara dos Deputados s\u00f3 dever\u00e3o voltar ao batente, oficialmente, no dia 4 de julho, na outra segunda-feira, dia em que n\u00e3o costuma haver expediente  por falta de qu\u00f3rum e o plen\u00e1rio fica deserto.<\/p>\n<p>Na verdade, as festas juninas dos deputados come\u00e7aram antes do S\u00e3o Jo\u00e3o e s\u00f3 v\u00e3o terminar depois de S\u00e3o Pedro.<\/p>\n<p>O que seria uma aberra\u00e7\u00e3o na iniciativa privada, e poderia at\u00e9 dar demiss\u00e3o, no entanto, \u00e9 tratado como algo absolutamente natural, normal, corriqueiro quando se trata dos nossos parlamentares. Sempre foi assim, dir\u00e3o voc\u00eas, por que haveria de mudar agora?<\/p>\n<p>A nota oficial divulgada nesta sexta-feira pela assessoria de imprensa da presid\u00eancia da C\u00e2mara explicando o feriad\u00e3o junino \u00e9 de uma singeleza comovente: &#8220;Os festejos s\u00e3o respons\u00e1veis por grande mobiliza\u00e7\u00e3o popular, especialmente na regi\u00e3o nordeste do pa\u00eds&#8221;. Que maravilha!<\/p>\n<p>E da\u00ed? Por acaso nas outras regi\u00f5es brasileiras tamb\u00e9m n\u00e3o tem festa junina?<\/p>\n<p>Pois tentem adivinhar: quem \u00e9 o maior beneficiado (ou usufrutu\u00e1rio, como ele gosta de dizer) deste recesso fora de \u00e9poca? Ele, claro, o invenc\u00edvel Eduardo Cunha, que foi afastado da presid\u00eancia da C\u00e2mara pelo STF, mas deixou em seu lugar o &#8220;par\u00e7a&#8221; Waldir Maranh\u00e3o, seu fiel aliado.<\/p>\n<p>Com a prolongada folga geral autorizada por Maranh\u00e3o, Cunha ganha mais tempo para cozinhar em banho maria o julgamento do seu processo de cassa\u00e7\u00e3o, que j\u00e1 foi aprovado pelo Conselho de \u00c9tica, depois de l\u00e1 se arrastar por mais de oito meses, batendo todos os recordes.<\/p>\n<p>Agora, a vota\u00e7\u00e3o do recurso apresentado por Eduardo Cunha contra a decis\u00e3o do Conselho s\u00f3 dever\u00e1 acontecer na Comiss\u00e3o de Constitui\u00e7\u00e3o e Justi\u00e7a, presidida por outro aliado, Osmar Serraglio, no dia 12 ou 13 de julho. Serraglio justificou assim sua previs\u00e3o: &#8220;Com esse desarranjo, n\u00e3o vai ter ningu\u00e9m em Bras\u00edlia, como eu iria fazer as sess\u00f5es?&#8221;.<\/p>\n<p>O recurso na CCJ \u00e9 a \u00faltima tentativa do presidente afastado, que j\u00e1 tem sua pris\u00e3o pedida pela PGR ao STF, para evitar que o processo siga ao plen\u00e1rio, onde ele dever\u00e1 ser derrotado por larga margem, j\u00e1 que a vota\u00e7\u00e3o ser\u00e1 aberta. Mas isso s\u00f3 dever\u00e1 acontecer, se acontecer,  l\u00e1 para o dia 20 de julho, \u00e0s v\u00e9speras do recesso regulamentar das excel\u00eancias.<\/p>\n<p>Na volta, em agosto, estar\u00e3o nas ruas as campanhas da elei\u00e7\u00e3o municipal e as aten\u00e7\u00f5es do pa\u00eds voltadas para os Jogos Ol\u00edmpicos do Rio. No final deste m\u00eas, tamb\u00e9m deve ocorrer a vota\u00e7\u00e3o final do processo de impeachment aberto no Senado contra a presidente Dilma Rousseff.<\/p>\n<p>Em setembro, as excel\u00eancias estar\u00e3o longe de Bras\u00edlia, trabalhando por seus candidatos em suas bases eleitorais. Depois, teremos as elei\u00e7\u00f5es municipais de outubro em dois turnos e, quando os vencedores forem anunciados, j\u00e1 estaremos pr\u00f3ximos do recesso de final de ano, j\u00e1 que ningu\u00e9m \u00e9 de ferro.<\/p>\n<p>O Brasil real, onde os eleitores enfrentam as consequ\u00eancias da maior crise econ\u00f4mica da nossa hist\u00f3ria, que espere pelo ano que vem.<\/p>\n<p>Vida que segue.<\/p>\n<p>Em tempo -1 &#8211; vou aproveitar a deixa e tamb\u00e9m tirar uma breve folga na pr\u00f3xima semana para participar da Flip, em Parati. Volto, junto com as excel\u00eancias, no dia 4 de julho.<\/p>\n<p>Em tempo &#8211; 2 (atualizado \u00e0s 14h45 de 26.6):<\/p>\n<p>Segundo a ag\u00eancia Estad\u00e3o, o presidente interino da C\u00e2mara, Waldir Maranh\u00e3o, desistiu de dar uma folga geral para os deputados no feriad\u00e3o junino dos parlamentares, que iria at\u00e9 o dia 4 de julho.<\/p>\n<p>Como pegou muito mal a sua decis\u00e3o, e diante dos &#8220;desgastes pol\u00edticos&#8221; da medida, agora ele s\u00f3 dispensar\u00e1 os deputados de bater o ponto na quarta, quinta e sexta-feira da pr\u00f3xima semana.<\/p>\n<p>Na segunda e ter\u00e7a-feira, haver\u00e1 sess\u00f5es deliberativas.<\/p>\n<p>Quem acredita que haver\u00e1 qu\u00f3rum?<\/p>\n<p>Virou um deboche&#8230;<\/p>\n","protected":false},"excerpt":{"rendered":"<p>C\u00e2mara fecha para dan\u00e7ar quadrilha at\u00e9 4 de julho<\/p>\n","protected":false},"author":1,"featured_media":0,"comment_status":"closed","ping_status":"open","sticky":false,"template":"","format":"standard","meta":{"_exactmetrics_skip_tracking":false,"_exactmetrics_sitenote_active":false,"_exactmetrics_sitenote_note":"","_exactmetrics_sitenote_category":0,"jetpack_post_was_ever_published":false,"_jetpack_newsletter_access":"","_jetpack_dont_email_post_to_subs":false,"_jetpack_newsletter_tier_id":0,"_jetpack_memberships_contains_paywalled_content":false,"_jetpack_memberships_contains_paid_content":false,"footnotes":"","jetpack_publicize_message":"","jetpack_publicize_feature_enabled":true,"jetpack_social_post_already_shared":true,"jetpack_social_options":{"image_generator_settings":{"template":"highway","enabled":false},"version":2}},"categories":[1],"tags":[],"class_list":["post-2003","post","type-post","status-publish","format-standard","hentry","category-notas"],"jetpack_publicize_connections":[],"jetpack_sharing_enabled":true,"jetpack_featured_media_url":"","jetpack_shortlink":"https:\/\/wp.me\/p7wKYW-wj","jetpack-related-posts":[],"_links":{"self":[{"href":"http:\/\/blogdalucianaoliveira.com.br\/blog\/wp-json\/wp\/v2\/posts\/2003","targetHints":{"allow":["GET"]}}],"collection":[{"href":"http:\/\/blogdalucianaoliveira.com.br\/blog\/wp-json\/wp\/v2\/posts"}],"about":[{"href":"http:\/\/blogdalucianaoliveira.com.br\/blog\/wp-json\/wp\/v2\/types\/post"}],"author":[{"embeddable":true,"href":"http:\/\/blogdalucianaoliveira.com.br\/blog\/wp-json\/wp\/v2\/users\/1"}],"replies":[{"embeddable":true,"href":"http:\/\/blogdalucianaoliveira.com.br\/blog\/wp-json\/wp\/v2\/comments?post=2003"}],"version-history":[{"count":1,"href":"http:\/\/blogdalucianaoliveira.com.br\/blog\/wp-json\/wp\/v2\/posts\/2003\/revisions"}],"predecessor-version":[{"id":2005,"href":"http:\/\/blogdalucianaoliveira.com.br\/blog\/wp-json\/wp\/v2\/posts\/2003\/revisions\/2005"}],"wp:attachment":[{"href":"http:\/\/blogdalucianaoliveira.com.br\/blog\/wp-json\/wp\/v2\/media?parent=2003"}],"wp:term":[{"taxonomy":"category","embeddable":true,"href":"http:\/\/blogdalucianaoliveira.com.br\/blog\/wp-json\/wp\/v2\/categories?post=2003"},{"taxonomy":"post_tag","embeddable":true,"href":"http:\/\/blogdalucianaoliveira.com.br\/blog\/wp-json\/wp\/v2\/tags?post=2003"}],"curies":[{"name":"wp","href":"https:\/\/api.w.org\/{rel}","templated":true}]}}