{"id":20030,"date":"2019-01-12T11:29:36","date_gmt":"2019-01-12T15:29:36","guid":{"rendered":"http:\/\/blogdalucianaoliveira.com.br\/blog\/?p=20030"},"modified":"2019-01-12T14:20:16","modified_gmt":"2019-01-12T18:20:16","slug":"hipocrisia-e-privilegio-com-apoio-da-prefeitura","status":"publish","type":"post","link":"http:\/\/blogdalucianaoliveira.com.br\/blog\/2019\/01\/12\/hipocrisia-e-privilegio-com-apoio-da-prefeitura\/","title":{"rendered":"Hipocrisia e privil\u00e9gio com apoio da prefeitura"},"content":{"rendered":"<p><img data-recalc-dims=\"1\" loading=\"lazy\" decoding=\"async\" data-attachment-id=\"20031\" data-permalink=\"http:\/\/blogdalucianaoliveira.com.br\/blog\/2019\/01\/12\/hipocrisia-e-privilegio-com-apoio-da-prefeitura\/aea58bbb-ac60-409f-a432-1408efde3e93\/\" data-orig-file=\"https:\/\/i0.wp.com\/blogdalucianaoliveira.com.br\/blog\/wp-content\/uploads\/2019\/01\/AEA58BBB-AC60-409F-A432-1408EFDE3E93.jpeg?fit=352%2C352\" data-orig-size=\"352,352\" data-comments-opened=\"0\" data-image-meta=\"{&quot;aperture&quot;:&quot;0&quot;,&quot;credit&quot;:&quot;&quot;,&quot;camera&quot;:&quot;&quot;,&quot;caption&quot;:&quot;&quot;,&quot;created_timestamp&quot;:&quot;0&quot;,&quot;copyright&quot;:&quot;&quot;,&quot;focal_length&quot;:&quot;0&quot;,&quot;iso&quot;:&quot;0&quot;,&quot;shutter_speed&quot;:&quot;0&quot;,&quot;title&quot;:&quot;&quot;,&quot;orientation&quot;:&quot;0&quot;}\" data-image-title=\"AEA58BBB-AC60-409F-A432-1408EFDE3E93\" data-image-description=\"\" data-image-caption=\"\" data-medium-file=\"https:\/\/i0.wp.com\/blogdalucianaoliveira.com.br\/blog\/wp-content\/uploads\/2019\/01\/AEA58BBB-AC60-409F-A432-1408EFDE3E93.jpeg?fit=300%2C300\" data-large-file=\"https:\/\/i0.wp.com\/blogdalucianaoliveira.com.br\/blog\/wp-content\/uploads\/2019\/01\/AEA58BBB-AC60-409F-A432-1408EFDE3E93.jpeg?fit=352%2C352\" class=\"alignnone size-full wp-image-20031\" src=\"https:\/\/i0.wp.com\/blogdalucianaoliveira.com.br\/blog\/wp-content\/uploads\/2019\/01\/AEA58BBB-AC60-409F-A432-1408EFDE3E93.jpeg?resize=352%2C352\" alt=\"AEA58BBB-AC60-409F-A432-1408EFDE3E93\" width=\"352\" height=\"352\" srcset=\"https:\/\/i0.wp.com\/blogdalucianaoliveira.com.br\/blog\/wp-content\/uploads\/2019\/01\/AEA58BBB-AC60-409F-A432-1408EFDE3E93.jpeg?w=352 352w, https:\/\/i0.wp.com\/blogdalucianaoliveira.com.br\/blog\/wp-content\/uploads\/2019\/01\/AEA58BBB-AC60-409F-A432-1408EFDE3E93.jpeg?resize=150%2C150 150w, https:\/\/i0.wp.com\/blogdalucianaoliveira.com.br\/blog\/wp-content\/uploads\/2019\/01\/AEA58BBB-AC60-409F-A432-1408EFDE3E93.jpeg?resize=300%2C300 300w\" sizes=\"auto, (max-width: 352px) 100vw, 352px\" \/><\/p>\n<p>Com \u2018acodo\u2019 intermediado pela prefeitura, os m\u00e9dios e grandes empres\u00e1rios da capital acabaram com ensaios de blocos nas ruas para evitar inc\u00f4modo aos moradores e \u2018preju\u00edzo\u2019 ao com\u00e9rcio.<!--more--><\/p>\n<p>Logo eles, que invadem as cal\u00e7adas com mesas e som ao vivo ano ap\u00f3s ano (e n\u00e3o me oponho), desrespeitando o c\u00f3digo de postura e prejudicando a locomo\u00e7\u00e3o de pedestres.<\/p>\n<p>Pior que muitos nem tinham nascido quando o carnaval de rua nasceu na cidade.<\/p>\n<p>Ao ler essa cr\u00edtica, n\u00e3o julgue gosto ou necessidade de carnaval popular, afinal, isso n\u00e3o se discute, \u00e9 bem protegido constitucionalmente como<br \/>\nmanifesta\u00e7\u00e3o cultural.<\/p>\n<p>Seja capaz de julgar a hipocrisia e o privil\u00e9gio com apoio da prefeitura.<\/p>\n<p>A rua s\u00f3 tem dono com um prefeito &#8211; ex-promotor &#8211; med\u00edocre.<\/p>\n<p>Leia:\u00a0https:\/\/www.tudorondonia.com\/noticias\/intermediado-pela-funcultural-blocos-de-carnaval-e-comerciantes-chegam-a-um-acordo,25719.shtml<\/p>\n","protected":false},"excerpt":{"rendered":"<p>Com \u2018acodo\u2019 intermediado pela prefeitura, os m\u00e9dios e grandes empres\u00e1rios da capital acabaram com ensaios de blocos nas ruas para evitar inc\u00f4modo aos moradores e \u2018preju\u00edzo\u2019 ao com\u00e9rcio.<\/p>\n","protected":false},"author":1,"featured_media":0,"comment_status":"closed","ping_status":"open","sticky":false,"template":"","format":"standard","meta":{"_exactmetrics_skip_tracking":false,"_exactmetrics_sitenote_active":false,"_exactmetrics_sitenote_note":"","_exactmetrics_sitenote_category":0,"jetpack_post_was_ever_published":false,"_jetpack_newsletter_access":"","_jetpack_dont_email_post_to_subs":false,"_jetpack_newsletter_tier_id":0,"_jetpack_memberships_contains_paywalled_content":false,"_jetpack_memberships_contains_paid_content":false,"footnotes":"","jetpack_publicize_message":"","jetpack_publicize_feature_enabled":true,"jetpack_social_post_already_shared":true,"jetpack_social_options":{"image_generator_settings":{"template":"highway","enabled":false},"version":2}},"categories":[1],"tags":[],"class_list":["post-20030","post","type-post","status-publish","format-standard","hentry","category-notas"],"jetpack_publicize_connections":[],"jetpack_sharing_enabled":true,"jetpack_featured_media_url":"","jetpack_shortlink":"https:\/\/wp.me\/p7wKYW-5d4","jetpack-related-posts":[],"_links":{"self":[{"href":"http:\/\/blogdalucianaoliveira.com.br\/blog\/wp-json\/wp\/v2\/posts\/20030","targetHints":{"allow":["GET"]}}],"collection":[{"href":"http:\/\/blogdalucianaoliveira.com.br\/blog\/wp-json\/wp\/v2\/posts"}],"about":[{"href":"http:\/\/blogdalucianaoliveira.com.br\/blog\/wp-json\/wp\/v2\/types\/post"}],"author":[{"embeddable":true,"href":"http:\/\/blogdalucianaoliveira.com.br\/blog\/wp-json\/wp\/v2\/users\/1"}],"replies":[{"embeddable":true,"href":"http:\/\/blogdalucianaoliveira.com.br\/blog\/wp-json\/wp\/v2\/comments?post=20030"}],"version-history":[{"count":4,"href":"http:\/\/blogdalucianaoliveira.com.br\/blog\/wp-json\/wp\/v2\/posts\/20030\/revisions"}],"predecessor-version":[{"id":20035,"href":"http:\/\/blogdalucianaoliveira.com.br\/blog\/wp-json\/wp\/v2\/posts\/20030\/revisions\/20035"}],"wp:attachment":[{"href":"http:\/\/blogdalucianaoliveira.com.br\/blog\/wp-json\/wp\/v2\/media?parent=20030"}],"wp:term":[{"taxonomy":"category","embeddable":true,"href":"http:\/\/blogdalucianaoliveira.com.br\/blog\/wp-json\/wp\/v2\/categories?post=20030"},{"taxonomy":"post_tag","embeddable":true,"href":"http:\/\/blogdalucianaoliveira.com.br\/blog\/wp-json\/wp\/v2\/tags?post=20030"}],"curies":[{"name":"wp","href":"https:\/\/api.w.org\/{rel}","templated":true}]}}