{"id":20036,"date":"2019-01-14T08:35:09","date_gmt":"2019-01-14T12:35:09","guid":{"rendered":"http:\/\/blogdalucianaoliveira.com.br\/blog\/?p=20036"},"modified":"2019-01-14T08:35:09","modified_gmt":"2019-01-14T12:35:09","slug":"no-valor-o-faz-de-conta-do-enxugamento-do-estado","status":"publish","type":"post","link":"http:\/\/blogdalucianaoliveira.com.br\/blog\/2019\/01\/14\/no-valor-o-faz-de-conta-do-enxugamento-do-estado\/","title":{"rendered":"No \u201cValor\u201d, o \u201cfaz de conta\u201d do \u201cenxugamento\u201d do Estado"},"content":{"rendered":"<p><img data-recalc-dims=\"1\" loading=\"lazy\" decoding=\"async\" data-attachment-id=\"20037\" data-permalink=\"http:\/\/blogdalucianaoliveira.com.br\/blog\/2019\/01\/14\/no-valor-o-faz-de-conta-do-enxugamento-do-estado\/aa1141d5-eccf-4863-a9cc-bbbceb719457\/\" data-orig-file=\"https:\/\/i0.wp.com\/blogdalucianaoliveira.com.br\/blog\/wp-content\/uploads\/2019\/01\/AA1141D5-ECCF-4863-A9CC-BBBCEB719457.jpeg?fit=600%2C296\" data-orig-size=\"600,296\" data-comments-opened=\"0\" data-image-meta=\"{&quot;aperture&quot;:&quot;0&quot;,&quot;credit&quot;:&quot;&quot;,&quot;camera&quot;:&quot;&quot;,&quot;caption&quot;:&quot;&quot;,&quot;created_timestamp&quot;:&quot;0&quot;,&quot;copyright&quot;:&quot;&quot;,&quot;focal_length&quot;:&quot;0&quot;,&quot;iso&quot;:&quot;0&quot;,&quot;shutter_speed&quot;:&quot;0&quot;,&quot;title&quot;:&quot;&quot;,&quot;orientation&quot;:&quot;0&quot;}\" data-image-title=\"AA1141D5-ECCF-4863-A9CC-BBBCEB719457\" data-image-description=\"\" data-image-caption=\"\" data-medium-file=\"https:\/\/i0.wp.com\/blogdalucianaoliveira.com.br\/blog\/wp-content\/uploads\/2019\/01\/AA1141D5-ECCF-4863-A9CC-BBBCEB719457.jpeg?fit=300%2C148\" data-large-file=\"https:\/\/i0.wp.com\/blogdalucianaoliveira.com.br\/blog\/wp-content\/uploads\/2019\/01\/AA1141D5-ECCF-4863-A9CC-BBBCEB719457.jpeg?fit=600%2C296\" src=\"https:\/\/i0.wp.com\/blogdalucianaoliveira.com.br\/blog\/wp-content\/uploads\/2019\/01\/AA1141D5-ECCF-4863-A9CC-BBBCEB719457.jpeg?resize=600%2C296\" alt=\"AA1141D5-ECCF-4863-A9CC-BBBCEB719457\" width=\"600\" height=\"296\" class=\"alignnone size-full wp-image-20037\" srcset=\"https:\/\/i0.wp.com\/blogdalucianaoliveira.com.br\/blog\/wp-content\/uploads\/2019\/01\/AA1141D5-ECCF-4863-A9CC-BBBCEB719457.jpeg?w=600 600w, https:\/\/i0.wp.com\/blogdalucianaoliveira.com.br\/blog\/wp-content\/uploads\/2019\/01\/AA1141D5-ECCF-4863-A9CC-BBBCEB719457.jpeg?resize=300%2C148 300w\" sizes=\"auto, (max-width: 600px) 100vw, 600px\" \/><\/p>\n<p>Na edi\u00e7\u00e3o de hoje do Valor, preciso levantamento de Bruno Carraza sobre a pantomima da \u201credu\u00e7\u00e3o dos cargos comissionados\u201d da primeira quinzena da administra\u00e7\u00e3o (?) Jair Bolsonaro, uma t\u00edpica troca de seis por meia-d\u00fazia em mat\u00e9ria de economia de recursos p\u00fablicos.<!--more--><\/p>\n<p>Por tr\u00e1s das enfadonhas normas que regem a Administra\u00e7\u00e3o P\u00fablica podemos mapear a redistribui\u00e7\u00e3o de poder em Bras\u00edlia e constatar, em n\u00fameros, que a aridez do Planalto Central desidrata discursos de campanha.<\/p>\n<p>At\u00e9 o momento j\u00e1 foram publicadas no Di\u00e1rio Oficial os novos regimentos de quase todos os minist\u00e9rios, com exce\u00e7\u00e3o de Sa\u00fade, Defesa e Advocacia-Geral da Uni\u00e3o. A equipe de transi\u00e7\u00e3o promoveu uma redu\u00e7\u00e3o de 11% no n\u00famero de cargos. Parece bom, mas o quantitativo remanescente continua elevado: os ministros de Bolsonaro ainda disp\u00f5em de 22.297 fun\u00e7\u00f5es e cargos de confian\u00e7a para ocupar.<\/p>\n<p>Esses cortes concentraram-se nos patamares mais baixos da hierarquia, geralmente ocupados por servidores concursados atuando como chefes. Nos n\u00edveis mais altos, como secret\u00e1rios e diretores, houve uma eleva\u00e7\u00e3o de mais de 20% \u2013 ou seja, os minist\u00e9rios foram reduzidos, mas o alto escal\u00e3o, de livre nomea\u00e7\u00e3o, foi ampliado.<\/p>\n<p>No fim das contas, a economia feita pela equipe de Bolsonaro \u00e9 irris\u00f3ria: no m\u00e1ximo R$ 1,7 milh\u00e3o mensal, demonstrando que o propalado enxugamento da m\u00e1quina p\u00fablica ainda n\u00e3o saiu do plano das postagens em redes sociais.<\/p>\n","protected":false},"excerpt":{"rendered":"<p>Na edi\u00e7\u00e3o de hoje do Valor, preciso levantamento de Bruno Carraza sobre a pantomima da \u201credu\u00e7\u00e3o dos cargos comissionados\u201d da primeira quinzena da administra\u00e7\u00e3o (?) Jair Bolsonaro, uma t\u00edpica troca de seis por meia-d\u00fazia em mat\u00e9ria de economia de recursos p\u00fablicos.<\/p>\n","protected":false},"author":1,"featured_media":0,"comment_status":"closed","ping_status":"open","sticky":false,"template":"","format":"standard","meta":{"_exactmetrics_skip_tracking":false,"_exactmetrics_sitenote_active":false,"_exactmetrics_sitenote_note":"","_exactmetrics_sitenote_category":0,"jetpack_post_was_ever_published":false,"_jetpack_newsletter_access":"","_jetpack_dont_email_post_to_subs":false,"_jetpack_newsletter_tier_id":0,"_jetpack_memberships_contains_paywalled_content":false,"_jetpack_memberships_contains_paid_content":false,"footnotes":"","jetpack_publicize_message":"","jetpack_publicize_feature_enabled":true,"jetpack_social_post_already_shared":true,"jetpack_social_options":{"image_generator_settings":{"template":"highway","enabled":false},"version":2}},"categories":[1],"tags":[],"class_list":["post-20036","post","type-post","status-publish","format-standard","hentry","category-notas"],"jetpack_publicize_connections":[],"jetpack_sharing_enabled":true,"jetpack_featured_media_url":"","jetpack_shortlink":"https:\/\/wp.me\/p7wKYW-5da","jetpack-related-posts":[],"_links":{"self":[{"href":"http:\/\/blogdalucianaoliveira.com.br\/blog\/wp-json\/wp\/v2\/posts\/20036","targetHints":{"allow":["GET"]}}],"collection":[{"href":"http:\/\/blogdalucianaoliveira.com.br\/blog\/wp-json\/wp\/v2\/posts"}],"about":[{"href":"http:\/\/blogdalucianaoliveira.com.br\/blog\/wp-json\/wp\/v2\/types\/post"}],"author":[{"embeddable":true,"href":"http:\/\/blogdalucianaoliveira.com.br\/blog\/wp-json\/wp\/v2\/users\/1"}],"replies":[{"embeddable":true,"href":"http:\/\/blogdalucianaoliveira.com.br\/blog\/wp-json\/wp\/v2\/comments?post=20036"}],"version-history":[{"count":1,"href":"http:\/\/blogdalucianaoliveira.com.br\/blog\/wp-json\/wp\/v2\/posts\/20036\/revisions"}],"predecessor-version":[{"id":20038,"href":"http:\/\/blogdalucianaoliveira.com.br\/blog\/wp-json\/wp\/v2\/posts\/20036\/revisions\/20038"}],"wp:attachment":[{"href":"http:\/\/blogdalucianaoliveira.com.br\/blog\/wp-json\/wp\/v2\/media?parent=20036"}],"wp:term":[{"taxonomy":"category","embeddable":true,"href":"http:\/\/blogdalucianaoliveira.com.br\/blog\/wp-json\/wp\/v2\/categories?post=20036"},{"taxonomy":"post_tag","embeddable":true,"href":"http:\/\/blogdalucianaoliveira.com.br\/blog\/wp-json\/wp\/v2\/tags?post=20036"}],"curies":[{"name":"wp","href":"https:\/\/api.w.org\/{rel}","templated":true}]}}