{"id":20039,"date":"2019-01-14T11:13:42","date_gmt":"2019-01-14T15:13:42","guid":{"rendered":"http:\/\/blogdalucianaoliveira.com.br\/blog\/?p=20039"},"modified":"2019-01-14T11:13:42","modified_gmt":"2019-01-14T15:13:42","slug":"a-democracia-e-seus-salvadores-da-patria","status":"publish","type":"post","link":"http:\/\/blogdalucianaoliveira.com.br\/blog\/2019\/01\/14\/a-democracia-e-seus-salvadores-da-patria\/","title":{"rendered":"A DEMOCRACIA E SEUS SALVADORES DA P\u00c1TRIA"},"content":{"rendered":"<p><img data-recalc-dims=\"1\" loading=\"lazy\" decoding=\"async\" data-attachment-id=\"20040\" data-permalink=\"http:\/\/blogdalucianaoliveira.com.br\/blog\/2019\/01\/14\/a-democracia-e-seus-salvadores-da-patria\/c0cda286-5a3d-4cdd-8438-4089cba8c9d1\/\" data-orig-file=\"https:\/\/i0.wp.com\/blogdalucianaoliveira.com.br\/blog\/wp-content\/uploads\/2019\/01\/C0CDA286-5A3D-4CDD-8438-4089CBA8C9D1.jpeg?fit=750%2C429\" data-orig-size=\"750,429\" data-comments-opened=\"0\" data-image-meta=\"{&quot;aperture&quot;:&quot;0&quot;,&quot;credit&quot;:&quot;&quot;,&quot;camera&quot;:&quot;&quot;,&quot;caption&quot;:&quot;&quot;,&quot;created_timestamp&quot;:&quot;0&quot;,&quot;copyright&quot;:&quot;&quot;,&quot;focal_length&quot;:&quot;0&quot;,&quot;iso&quot;:&quot;0&quot;,&quot;shutter_speed&quot;:&quot;0&quot;,&quot;title&quot;:&quot;&quot;,&quot;orientation&quot;:&quot;0&quot;}\" data-image-title=\"C0CDA286-5A3D-4CDD-8438-4089CBA8C9D1\" data-image-description=\"\" data-image-caption=\"\" data-medium-file=\"https:\/\/i0.wp.com\/blogdalucianaoliveira.com.br\/blog\/wp-content\/uploads\/2019\/01\/C0CDA286-5A3D-4CDD-8438-4089CBA8C9D1.jpeg?fit=300%2C172\" data-large-file=\"https:\/\/i0.wp.com\/blogdalucianaoliveira.com.br\/blog\/wp-content\/uploads\/2019\/01\/C0CDA286-5A3D-4CDD-8438-4089CBA8C9D1.jpeg?fit=600%2C343\" src=\"https:\/\/i0.wp.com\/blogdalucianaoliveira.com.br\/blog\/wp-content\/uploads\/2019\/01\/C0CDA286-5A3D-4CDD-8438-4089CBA8C9D1.jpeg?resize=600%2C343\" alt=\"C0CDA286-5A3D-4CDD-8438-4089CBA8C9D1\" width=\"600\" height=\"343\" class=\"alignnone size-full wp-image-20040\" srcset=\"https:\/\/i0.wp.com\/blogdalucianaoliveira.com.br\/blog\/wp-content\/uploads\/2019\/01\/C0CDA286-5A3D-4CDD-8438-4089CBA8C9D1.jpeg?w=750 750w, https:\/\/i0.wp.com\/blogdalucianaoliveira.com.br\/blog\/wp-content\/uploads\/2019\/01\/C0CDA286-5A3D-4CDD-8438-4089CBA8C9D1.jpeg?resize=300%2C172 300w, https:\/\/i0.wp.com\/blogdalucianaoliveira.com.br\/blog\/wp-content\/uploads\/2019\/01\/C0CDA286-5A3D-4CDD-8438-4089CBA8C9D1.jpeg?resize=524%2C300 524w\" sizes=\"auto, (max-width: 600px) 100vw, 600px\" \/><\/p>\n<p>Por Florestan Fernandes J\u00fanior,Jornalista pela Democracia \u2013 \u201cPrecisamos dar ao jovem brasileiro uma plataforma em que ele n\u00e3o precise de um salvador da p\u00e1tria, de um guru, de um l\u00edder carism\u00e1tico que, preso, de dentro da cadeia, fica mandando recado. \u201d Esta frase foi pin\u00e7ada de uma entrevista que Ciro Gomes me concedeu no in\u00edcio de janeiro e que foi publicada no El Pa\u00eds.<!--more--><\/p>\n<p>A entrevista causou pol\u00eamica pelas cr\u00edticas pesadas contra Lula e o PT. Trechos do v\u00eddeo, os que falam em corrup\u00e7\u00e3o, est\u00e3o sendo usados nas redes sociais at\u00e9 pela extrema direita.<\/p>\n<p>Em 36 anos na pol\u00edtica, Ciro passou por sete partidos: PDS, PMDB, PSDB, PPS, PSB, PROS e PDT. Parece que seu projeto pessoal sempre se sobrep\u00f4s ao coletivo. Por que ele n\u00e3o construiu um partido para dar a plataforma pol\u00edtica que ele prega agora? O que \u00e9 mais importante pra ele, o l\u00edder ou o partido? Todos sabem que numa democracia o mais importante s\u00e3o os partidos, as propostas que devem ser defendidas por todos, dos filiados aos mais altos cargos da vida pol\u00edtica. Mas no Brasil nunca foi assim. Os per\u00edodos chamados democr\u00e1ticos sempre viveram de nomes, Get\u00falio, Jucelino, J\u00e2nio, Brizola, Maluf e tantos outros. A cr\u00edtica que ele faz a Lula \u00e9 injusta. Goste ou n\u00e3o, o ex-presidente construiu sua carreira no sindicalismo, fundou sua legenda e continua nela at\u00e9 hoje. O PT tem milit\u00e2ncia, quadros pol\u00edticos e apoio na sociedade organizada. Levou d\u00e9cadas p ara chegar ao poder pelo voto democr\u00e1tico. <\/p>\n<p>Marina Silva, quando saiu do partido, tamb\u00e9m ergueu a bandeira da lisura na pol\u00edtica e atacou seu antigos companheiros. Mas fez isso tentando construir um partido alternativo ao PT. A REDE s\u00f3 n\u00e3o vingou, muito mais pelas fragilidades da ex-ministra do Meio Ambiente do que por conta dos militantes ligados \u00e0 defesa do verde. \u00c9 no m\u00ednimo estranho, s\u00f3 agora, Ciro fazer tantos ataques ao PT. Precisou perder a terceira elei\u00e7\u00e3o presidencial. Se tivesse ganho com o apoio de Haddad ser\u00e1 que faria tais criticas? \u00c9 bom lembrar ainda que ele foi Ministro da Integra\u00e7\u00e3o Nacional no primeiro governo de Lula. Seu irm\u00e3o foi Ministro da Educa\u00e7\u00e3o de Dilma, e Ciro foi nomeado em 2015 presidente da CSN (Companhia Sider\u00fargica Nacional) com um polpudo sal\u00e1rio. Esperou exatos 15 anos pra ficar indignado com a corrup\u00e7\u00e3o que diz ter presenciado no governo q ue apoiou.  Verdade seja dita, nesse per\u00edodo ele sempre foi leal aos governos petistas. Uma lealdade incomum na pol\u00edtica, ainda mais quando um nome nacional como o dele tenha ficado de lado na escolha da sucess\u00e3o de Lula.  <\/p>\n<p>Sempre nutri uma grande admira\u00e7\u00e3o por Ciro, pol\u00edtico que conheci como rep\u00f3rter quando ele j\u00e1 era governador de sucesso no Cear\u00e1. Foi ministro importante no governo de Itamar e de Lula. Foi ele que tocou o projeto inicial da transposi\u00e7\u00e3o do rio S\u00e3o Francisco. Obra fundamental para levar \u00e1gua a parte do sert\u00e3o nordestino. As milh\u00f5es de pessoas que sa\u00edram as ruas na campanha do #EleN\u00e3o, ficaram surpresas quando Ciro virou as costas e foi embora pra Europa depois de perder a elei\u00e7\u00e3o sem apoiar Haddad. Uma decep\u00e7\u00e3o ainda maior para muitos dos que votaram nele mesmo n\u00e3o se identificando com suas propostas  e seu partido pol\u00edtico de ocasi\u00e3o. Eleitores que acreditavam na possibilidade de Ciro bater Bolsonaro num segundo turno. Concordo com muitas das criticas que Ciro fez ao PT. Ali\u00e1s, faz tempo que o partido dos trabalhadores deveria ter feito uma profunda autocritica. E se continuar n\u00e3o fazendo vai ter problemas para sobreviver. Agora, um l\u00edder da dimens\u00e3o de Ciro se omitir num momento crucial da nossa hist\u00f3ria \u00e9 algo imperdo\u00e1vel.<\/p>\n<p>Certa vez, FHC me disse que n\u00e3o entrou no PT, partido que surgiu de discuss\u00f5es que ele pr\u00f3prio participou no in\u00edcio dos anos 80, por que aos 50 anos de idade ele n\u00e3o teria tempo para esperar o PT se tornar um partido de massas. Ele s\u00f3 deixou o PMDB por causa de diverg\u00eancias morais com o ent\u00e3o governador Orestes Qu\u00e9rcia. Em 1991, em pleno governo Collor, o ent\u00e3o senador Fernando Henrique me disse que iria abandonar a pol\u00edtica pois o PSDB tinha perdido as elei\u00e7\u00f5es. Por conta disso, ele previa dificuldades at\u00e9 para se eleger deputado federal. Quis o destino que Collor fosse afastado e seu vice, Itamar Franco assumisse. Sem quadros para governar, Itamar convidou boa parte dos tucanos para os cargos mais importantes. Com o sucesso do Real e com a m\u00e1quina do governo federal nas m\u00e3os, o jovem PSDB se firmou com apenas dois anos. Coisa rara na pol\u00edtica. <\/p>\n<p>Ciro tamb\u00e9m n\u00e3o tem mais tempo para construir um grande partido de massas para se lan\u00e7ar presidente. Dificilmente ele ter\u00e1 a mesma sorte que FHC. O PMDB levou 21 anos pra chegar a presid\u00eancia, j\u00e1 o PT 23 anos. Mas, Ciro tem experi\u00eancia de sobra, intelig\u00eancia e boas ideias para construir uma base partid\u00e1ria para fazer a diferen\u00e7a. Mas, para isso, ter\u00e1 que correr o risco de nunca ser presidente da Rep\u00fablica. A n\u00e3o ser que ele se transforme naquilo que mais critica, um salvador da p\u00e1tria como foram J\u00e2nio, Collor e agora Bolsonaro. Ciro hoje n\u00e3o tem sequer partido para liderar a oposi\u00e7\u00e3o como pretende. O PT ainda \u00e9 a maior legenda da C\u00e2mara Federal e o partido com mais governadores eleitos, quatro.<\/p>\n<p>Tamb\u00e9m n\u00e3o acredito que PT ter\u00e1 um caminho f\u00e1cil pela frente. Ele representa junto com o PSDB o passado, p\u00e1ginas viradas de uma democracia de coaliz\u00e3o que vive sua noite de horrores ap\u00f3s a vit\u00f3ria do terceiro falso salvador da p\u00e1tria. Os 47 milh\u00f5es de eleitores que votaram em Haddad v\u00e3o ter que passar pelo purgat\u00f3rio por conta da falta de uni\u00e3o dos candidatos de centro e centro esquerda. Haddad chegou a propor antes do segundo turno um governo compartilhado com Ciro, Marina e Alckimin. Mas eles preferiram se resguardar e proteger seus cacifes eleitorais. <\/p>\n<p>Mas sou otimista, nosso povo saber\u00e1 resistir ao fascismo. Como dizia meu pai, a vida \u00e9 feita de mar\u00e9s. Estamos na baixa, mas logo mais vem a alta. Que assim seja. Que venham as mar\u00e9s e tragam com elas novas formas de se fazer pol\u00edtica.<\/p>\n","protected":false},"excerpt":{"rendered":"<p>Por Florestan Fernandes J\u00fanior,Jornalista pela Democracia \u2013 \u201cPrecisamos dar ao jovem brasileiro uma plataforma em que ele n\u00e3o precise de um salvador da p\u00e1tria, de um guru, de um l\u00edder carism\u00e1tico que, preso, de dentro da cadeia, fica mandando recado. \u201d Esta frase foi pin\u00e7ada de uma entrevista que Ciro Gomes me concedeu no in\u00edcio&#8230;<a class=\"more-link\" href=\"http:\/\/blogdalucianaoliveira.com.br\/blog\/2019\/01\/14\/a-democracia-e-seus-salvadores-da-patria\/\">Continue a leitura <span class=\"meta-nav\">&raquo;<\/span><\/a><\/p>\n","protected":false},"author":1,"featured_media":0,"comment_status":"closed","ping_status":"open","sticky":false,"template":"","format":"standard","meta":{"_exactmetrics_skip_tracking":false,"_exactmetrics_sitenote_active":false,"_exactmetrics_sitenote_note":"","_exactmetrics_sitenote_category":0,"jetpack_post_was_ever_published":false,"_jetpack_newsletter_access":"","_jetpack_dont_email_post_to_subs":false,"_jetpack_newsletter_tier_id":0,"_jetpack_memberships_contains_paywalled_content":false,"_jetpack_memberships_contains_paid_content":false,"footnotes":"","jetpack_publicize_message":"","jetpack_publicize_feature_enabled":true,"jetpack_social_post_already_shared":true,"jetpack_social_options":{"image_generator_settings":{"template":"highway","enabled":false},"version":2}},"categories":[1],"tags":[],"class_list":["post-20039","post","type-post","status-publish","format-standard","hentry","category-notas"],"jetpack_publicize_connections":[],"jetpack_sharing_enabled":true,"jetpack_featured_media_url":"","jetpack_shortlink":"https:\/\/wp.me\/p7wKYW-5dd","jetpack-related-posts":[],"_links":{"self":[{"href":"http:\/\/blogdalucianaoliveira.com.br\/blog\/wp-json\/wp\/v2\/posts\/20039","targetHints":{"allow":["GET"]}}],"collection":[{"href":"http:\/\/blogdalucianaoliveira.com.br\/blog\/wp-json\/wp\/v2\/posts"}],"about":[{"href":"http:\/\/blogdalucianaoliveira.com.br\/blog\/wp-json\/wp\/v2\/types\/post"}],"author":[{"embeddable":true,"href":"http:\/\/blogdalucianaoliveira.com.br\/blog\/wp-json\/wp\/v2\/users\/1"}],"replies":[{"embeddable":true,"href":"http:\/\/blogdalucianaoliveira.com.br\/blog\/wp-json\/wp\/v2\/comments?post=20039"}],"version-history":[{"count":1,"href":"http:\/\/blogdalucianaoliveira.com.br\/blog\/wp-json\/wp\/v2\/posts\/20039\/revisions"}],"predecessor-version":[{"id":20041,"href":"http:\/\/blogdalucianaoliveira.com.br\/blog\/wp-json\/wp\/v2\/posts\/20039\/revisions\/20041"}],"wp:attachment":[{"href":"http:\/\/blogdalucianaoliveira.com.br\/blog\/wp-json\/wp\/v2\/media?parent=20039"}],"wp:term":[{"taxonomy":"category","embeddable":true,"href":"http:\/\/blogdalucianaoliveira.com.br\/blog\/wp-json\/wp\/v2\/categories?post=20039"},{"taxonomy":"post_tag","embeddable":true,"href":"http:\/\/blogdalucianaoliveira.com.br\/blog\/wp-json\/wp\/v2\/tags?post=20039"}],"curies":[{"name":"wp","href":"https:\/\/api.w.org\/{rel}","templated":true}]}}