{"id":20042,"date":"2019-01-14T11:19:31","date_gmt":"2019-01-14T15:19:31","guid":{"rendered":"http:\/\/blogdalucianaoliveira.com.br\/blog\/?p=20042"},"modified":"2019-01-14T11:20:01","modified_gmt":"2019-01-14T15:20:01","slug":"11012019-comunidade-guarani-mbya-da-ponta-do-arado-e-atacada-a-tiros-em-porto-alegre","status":"publish","type":"post","link":"http:\/\/blogdalucianaoliveira.com.br\/blog\/2019\/01\/14\/11012019-comunidade-guarani-mbya-da-ponta-do-arado-e-atacada-a-tiros-em-porto-alegre\/","title":{"rendered":"Comunidade Guarani Mbya da Ponta do Arado \u00e9 atacada a tiros em Porto Alegre"},"content":{"rendered":"<p><img data-recalc-dims=\"1\" loading=\"lazy\" decoding=\"async\" data-attachment-id=\"20043\" data-permalink=\"http:\/\/blogdalucianaoliveira.com.br\/blog\/2019\/01\/14\/11012019-comunidade-guarani-mbya-da-ponta-do-arado-e-atacada-a-tiros-em-porto-alegre\/09048b0e-dc60-490c-834c-87286e60def0\/\" data-orig-file=\"https:\/\/i0.wp.com\/blogdalucianaoliveira.com.br\/blog\/wp-content\/uploads\/2019\/01\/09048B0E-DC60-490C-834C-87286E60DEF0.jpeg?fit=2048%2C1365\" data-orig-size=\"2048,1365\" data-comments-opened=\"0\" data-image-meta=\"{&quot;aperture&quot;:&quot;0&quot;,&quot;credit&quot;:&quot;&quot;,&quot;camera&quot;:&quot;&quot;,&quot;caption&quot;:&quot;&quot;,&quot;created_timestamp&quot;:&quot;0&quot;,&quot;copyright&quot;:&quot;&quot;,&quot;focal_length&quot;:&quot;0&quot;,&quot;iso&quot;:&quot;0&quot;,&quot;shutter_speed&quot;:&quot;0&quot;,&quot;title&quot;:&quot;&quot;,&quot;orientation&quot;:&quot;0&quot;}\" data-image-title=\"09048B0E-DC60-490C-834C-87286E60DEF0\" data-image-description=\"\" data-image-caption=\"\" data-medium-file=\"https:\/\/i0.wp.com\/blogdalucianaoliveira.com.br\/blog\/wp-content\/uploads\/2019\/01\/09048B0E-DC60-490C-834C-87286E60DEF0.jpeg?fit=300%2C200\" data-large-file=\"https:\/\/i0.wp.com\/blogdalucianaoliveira.com.br\/blog\/wp-content\/uploads\/2019\/01\/09048B0E-DC60-490C-834C-87286E60DEF0.jpeg?fit=600%2C400\" class=\"alignnone size-full wp-image-20043\" src=\"https:\/\/i0.wp.com\/blogdalucianaoliveira.com.br\/blog\/wp-content\/uploads\/2019\/01\/09048B0E-DC60-490C-834C-87286E60DEF0.jpeg?resize=600%2C400\" alt=\"09048B0E-DC60-490C-834C-87286E60DEF0\" width=\"600\" height=\"400\" srcset=\"https:\/\/i0.wp.com\/blogdalucianaoliveira.com.br\/blog\/wp-content\/uploads\/2019\/01\/09048B0E-DC60-490C-834C-87286E60DEF0.jpeg?w=2048 2048w, https:\/\/i0.wp.com\/blogdalucianaoliveira.com.br\/blog\/wp-content\/uploads\/2019\/01\/09048B0E-DC60-490C-834C-87286E60DEF0.jpeg?resize=300%2C200 300w, https:\/\/i0.wp.com\/blogdalucianaoliveira.com.br\/blog\/wp-content\/uploads\/2019\/01\/09048B0E-DC60-490C-834C-87286E60DEF0.jpeg?resize=768%2C512 768w, https:\/\/i0.wp.com\/blogdalucianaoliveira.com.br\/blog\/wp-content\/uploads\/2019\/01\/09048B0E-DC60-490C-834C-87286E60DEF0.jpeg?resize=1024%2C683 1024w, https:\/\/i0.wp.com\/blogdalucianaoliveira.com.br\/blog\/wp-content\/uploads\/2019\/01\/09048B0E-DC60-490C-834C-87286E60DEF0.jpeg?resize=450%2C300 450w, https:\/\/i0.wp.com\/blogdalucianaoliveira.com.br\/blog\/wp-content\/uploads\/2019\/01\/09048B0E-DC60-490C-834C-87286E60DEF0.jpeg?w=1200 1200w, https:\/\/i0.wp.com\/blogdalucianaoliveira.com.br\/blog\/wp-content\/uploads\/2019\/01\/09048B0E-DC60-490C-834C-87286E60DEF0.jpeg?w=1800 1800w\" sizes=\"auto, (max-width: 600px) 100vw, 600px\" \/>Do CIMI &#8211; Na madrugada desta sexta-feira (11), os Guarani Mbya da comunidade Ponta do Arado, em Porto Alegre (RS), foram atacados a tiros por homens encapuzados. Segundo o relato da comunidade, o ataque ocorreu por volta das tr\u00eas horas da manh\u00e3, quando dois homens com os rostos cobertos atiraram dezenas de vezes sobre os barracos dos ind\u00edgenas. Al\u00e9m dos disparos, que n\u00e3o atingiram ningu\u00e9m, os agressores tamb\u00e9m amea\u00e7aram os Guarani, afirmando que, se n\u00e3o deixarem a \u00e1rea at\u00e9 domingo, ser\u00e3o todos mortos.<\/p>\n<p>\u201cChegaram dois homens armados, encapuzados, dando tiros em cima do nosso barraco. As crian\u00e7as ficaram todas assustadas, chorando. Eles falaram que v\u00e3o esperar at\u00e9 domingo. Se a gente n\u00e3o sair at\u00e9 domingo, eles disseram que v\u00e3o matar todo mundo, que n\u00e3o vai sobrar nenhuma pessoa. Foram muitos tiros\u201d, relata o cacique Tim\u00f3teo Karai Mirim.<\/p>\n<p>A <a href=\"https:\/\/cimi.org.br\/2018\/06\/ao-indio-o-que-e-do-indio-retomada-guarani-mbya-no-arado-velho-porto-alegre\/\" target=\"_blank\" rel=\"noopener\">retomada da Ponta do Arado<\/a> fica no bairro Bel\u00e9m Novo, na zona sul de Porto Alegre, \u00e0s margens do rio Gua\u00edba, numa regi\u00e3o de preserva\u00e7\u00e3o ambiental que \u00e9, tamb\u00e9m, um importante s\u00edtio arqueol\u00f3gico do povo Guarani. A \u00e1rea \u00e9 alvo de forte especula\u00e7\u00e3o imobili\u00e1ria, e os ind\u00edgenas j\u00e1 receberam outras amea\u00e7as de seguran\u00e7as da empresa que pretende construir um grande condom\u00ednio no local.<\/p>\n<blockquote><p>\u201cSe a gente n\u00e3o sair at\u00e9 domingo, eles disseram que v\u00e3o matar todo mundo, que n\u00e3o vai sobrar nenhuma pessoa. Foram muitos tiros. Queremos que o Minist\u00e9rio P\u00fablico e a Funai nos protejam, porque estamos longe da cidade\u201d<\/p><\/blockquote>\n<p>Na quarta-feira (9), o cacique conta que uma pessoa que se apresentou como gerente do empreendimento foi \u00e0 retomada e se colocou \u00e0 disposi\u00e7\u00e3o para ajudar os ind\u00edgenas a \u201cfazer a mudan\u00e7a\u201d da comunidade para a aldeia Cantagalo, localizada em Viam\u00e3o, na regi\u00e3o metropolitana de Porto Alegre.<\/p>\n<p>Acompanhado de outras duas pessoas, o suposto gerente afirmou aos Mbya que eles n\u00e3o tinham condi\u00e7\u00f5es de ficar ali e acabariam tendo que sair de qualquer jeito.<\/p>\n<p>Na noite seguinte, de quinta-feira, os ind\u00edgenas relatam que seis seguran\u00e7as cercavam os seus barracos, falando muito alto. Por volta das dez horas da noite, eles se retiraram para o meio da fazenda que circunda a retomada, e os ind\u00edgenas ouviram muitos disparos. Algumas horas depois, \u00e0s tr\u00eas da manh\u00e3, iniciou o ataque dos homens encapuzados contra a comunidade, que focaram os barracos com lanternas, dispararam e gritaram amea\u00e7as contra os ind\u00edgenas.<\/p>\n<p>\u201cQueremos que o Minist\u00e9rio P\u00fablico e a Funai nos acompanhem, porque estamos longe da cidade, isolados. \u00c9 dif\u00edcil, queremos que nos protejam\u201d, afirma o cacique Tim\u00f3teo. \u201cEssa terra aqui \u00e9 um lugar nosso antigo, \u00e9 muito importante para n\u00f3s. Por isso voltamos para c\u00e1 e queremos viver aqui\u201d.<\/p>\n<div class=\"iframe_video_container\"><iframe loading=\"lazy\" src=\"https:\/\/www.youtube.com\/embed\/b0Qx5T_v1HM\" width=\"560\" height=\"315\" frameborder=\"0\" allowfullscreen=\"allowfullscreen\" data-mce-fragment=\"1\"><\/iframe><\/div>\n<p>Desde que retornaram para sua terra ancestral, em junho de 2018, os Guarani Mbya da Ponta do Arado tem sofrido com ataques e amea\u00e7as constantes. Naquele mesmo m\u00eas, homens armados, dizendo-se policiais, <a href=\"https:\/\/cimi.org.br\/2018\/06\/se-dizendo-policiais-homens-armados-ameacam-retomada-guarani-mbya-em-porto-alegre\/\" target=\"_blank\" rel=\"noopener\">amea\u00e7aram os ind\u00edgenas<\/a> e afirmaram que se n\u00e3o deixassem o local seriam removidos \u00e0 for\u00e7a.<\/p>\n<p>A \u00e1rea retomada pelos ind\u00edgenas fica no per\u00edmetro da antiga Fazenda do Arado, de 426 hectares, que \u00e9 compreendida hoje por uma \u00e1rea de preserva\u00e7\u00e3o e algumas fazendas. A retomada s\u00f3 \u00e9 acess\u00edvel passando-se por duas destas propriedades ou chegando por meio do rio.<\/p>\n<p>Os Guarani s\u00e3o constantemente vigiados pelos seguran\u00e7as das fazendas e do empreendimento imobili\u00e1rio. Eles chegaram a amea\u00e7ar inclusive os pescadores que faziam o transporte dos ind\u00edgenas da comunidade e de seus apoiadores, de barco, e <a href=\"https:\/\/cimi.org.br\/2018\/07\/indigenas-sem-acesso-a-agua-potavel-seguem-os-ataques-a-retomada-guarani-mbya-em-porto-alegre\/\" target=\"_blank\" rel=\"noopener\">inviabilizar o acesso dos ind\u00edgenas \u00e0 \u00e1gua pot\u00e1vel<\/a>.<\/p>\n<p>Em dezembro, a situa\u00e7\u00e3o de amea\u00e7as e constrangimentos se agravou, <a href=\"https:\/\/cimi.org.br\/2018\/12\/nota-publica-cimi-sul-repudia-violacao-de-direitos-humanos-praticada-contra-os-guarani-mbya\/\" target=\"_blank\" rel=\"noopener\">com a instala\u00e7\u00e3o de uma cerca<\/a> ao redor do acampamento, cerceando a locomo\u00e7\u00e3o dos ind\u00edgenas, e a constru\u00e7\u00e3o de uma casa para os seguran\u00e7as do empreendimento dentro da \u00e1rea de ocupa\u00e7\u00e3o dos Guarani.<\/p>\n<p>Na avalia\u00e7\u00e3o do coordenador do Cimi regional Sul, Roberto Liebgott, o ataque tem a inten\u00e7\u00e3o de causar temor na comunidade, fazendo com que eles abandonem o espa\u00e7o de luta territorial.<\/p>\n<p>\u201cO Cimi avalia isso com muita preocupa\u00e7\u00e3o. Segundo o cacique, os agressores afirmaram que, com o novo governo, eles t\u00eam agora poder de pol\u00edcia para defender as propriedades. Ent\u00e3o, h\u00e1 um est\u00edmulo no \u00e2mbito da pol\u00edtica para que esse tipo de a\u00e7\u00e3o se desenvolva\u201d, avalia Liebgott.<\/p>\n<p>Hoje pela manh\u00e3, os ind\u00edgenas registraram um boletim de ocorr\u00eancia na delegacia de pol\u00edcia do bairro Bel\u00e9m Novo e, pela tarde, denunciar\u00e3o a situa\u00e7\u00e3o ao Minist\u00e9rio P\u00fablico Federal (MPF).<\/p>\n","protected":false},"excerpt":{"rendered":"<p>Do CIMI &#8211; Na madrugada desta sexta-feira (11), os Guarani Mbya da comunidade Ponta do Arado, em Porto Alegre (RS), foram atacados a tiros por homens encapuzados. Segundo o relato da comunidade, o ataque ocorreu por volta das tr\u00eas horas da manh\u00e3, quando dois homens com os rostos cobertos atiraram dezenas de vezes sobre os&#8230;<a class=\"more-link\" href=\"http:\/\/blogdalucianaoliveira.com.br\/blog\/2019\/01\/14\/11012019-comunidade-guarani-mbya-da-ponta-do-arado-e-atacada-a-tiros-em-porto-alegre\/\">Continue a leitura <span class=\"meta-nav\">&raquo;<\/span><\/a><\/p>\n","protected":false},"author":1,"featured_media":0,"comment_status":"closed","ping_status":"open","sticky":false,"template":"","format":"standard","meta":{"_exactmetrics_skip_tracking":false,"_exactmetrics_sitenote_active":false,"_exactmetrics_sitenote_note":"","_exactmetrics_sitenote_category":0,"jetpack_post_was_ever_published":false,"_jetpack_newsletter_access":"","_jetpack_dont_email_post_to_subs":false,"_jetpack_newsletter_tier_id":0,"_jetpack_memberships_contains_paywalled_content":false,"_jetpack_memberships_contains_paid_content":false,"footnotes":"","jetpack_publicize_message":"","jetpack_publicize_feature_enabled":true,"jetpack_social_post_already_shared":true,"jetpack_social_options":{"image_generator_settings":{"template":"highway","enabled":false},"version":2}},"categories":[1],"tags":[],"class_list":["post-20042","post","type-post","status-publish","format-standard","hentry","category-notas"],"jetpack_publicize_connections":[],"jetpack_sharing_enabled":true,"jetpack_featured_media_url":"","jetpack_shortlink":"https:\/\/wp.me\/p7wKYW-5dg","jetpack-related-posts":[],"_links":{"self":[{"href":"http:\/\/blogdalucianaoliveira.com.br\/blog\/wp-json\/wp\/v2\/posts\/20042","targetHints":{"allow":["GET"]}}],"collection":[{"href":"http:\/\/blogdalucianaoliveira.com.br\/blog\/wp-json\/wp\/v2\/posts"}],"about":[{"href":"http:\/\/blogdalucianaoliveira.com.br\/blog\/wp-json\/wp\/v2\/types\/post"}],"author":[{"embeddable":true,"href":"http:\/\/blogdalucianaoliveira.com.br\/blog\/wp-json\/wp\/v2\/users\/1"}],"replies":[{"embeddable":true,"href":"http:\/\/blogdalucianaoliveira.com.br\/blog\/wp-json\/wp\/v2\/comments?post=20042"}],"version-history":[{"count":2,"href":"http:\/\/blogdalucianaoliveira.com.br\/blog\/wp-json\/wp\/v2\/posts\/20042\/revisions"}],"predecessor-version":[{"id":20045,"href":"http:\/\/blogdalucianaoliveira.com.br\/blog\/wp-json\/wp\/v2\/posts\/20042\/revisions\/20045"}],"wp:attachment":[{"href":"http:\/\/blogdalucianaoliveira.com.br\/blog\/wp-json\/wp\/v2\/media?parent=20042"}],"wp:term":[{"taxonomy":"category","embeddable":true,"href":"http:\/\/blogdalucianaoliveira.com.br\/blog\/wp-json\/wp\/v2\/categories?post=20042"},{"taxonomy":"post_tag","embeddable":true,"href":"http:\/\/blogdalucianaoliveira.com.br\/blog\/wp-json\/wp\/v2\/tags?post=20042"}],"curies":[{"name":"wp","href":"https:\/\/api.w.org\/{rel}","templated":true}]}}