{"id":20052,"date":"2019-01-14T11:58:20","date_gmt":"2019-01-14T15:58:20","guid":{"rendered":"http:\/\/blogdalucianaoliveira.com.br\/blog\/?p=20052"},"modified":"2019-01-14T12:00:18","modified_gmt":"2019-01-14T16:00:18","slug":"grileiros-invadem-terra-dos-uru-eu-wau-wau-e-funai-deixa-indios-abandonados","status":"publish","type":"post","link":"http:\/\/blogdalucianaoliveira.com.br\/blog\/2019\/01\/14\/grileiros-invadem-terra-dos-uru-eu-wau-wau-e-funai-deixa-indios-abandonados\/","title":{"rendered":"Grileiros invadem terra dos Uru-eu-wau-wau e Funai deixa \u00edndios abandonados"},"content":{"rendered":"<p><img data-recalc-dims=\"1\" loading=\"lazy\" decoding=\"async\" data-attachment-id=\"20053\" data-permalink=\"http:\/\/blogdalucianaoliveira.com.br\/blog\/2019\/01\/14\/grileiros-invadem-terra-dos-uru-eu-wau-wau-e-funai-deixa-indios-abandonados\/ef187c5e-fcaf-4036-b410-18a8cd30a78f\/\" data-orig-file=\"https:\/\/i0.wp.com\/blogdalucianaoliveira.com.br\/blog\/wp-content\/uploads\/2019\/01\/EF187C5E-FCAF-4036-B410-18A8CD30A78F.png?fit=768%2C427\" data-orig-size=\"768,427\" data-comments-opened=\"0\" data-image-meta=\"{&quot;aperture&quot;:&quot;0&quot;,&quot;credit&quot;:&quot;&quot;,&quot;camera&quot;:&quot;&quot;,&quot;caption&quot;:&quot;&quot;,&quot;created_timestamp&quot;:&quot;0&quot;,&quot;copyright&quot;:&quot;&quot;,&quot;focal_length&quot;:&quot;0&quot;,&quot;iso&quot;:&quot;0&quot;,&quot;shutter_speed&quot;:&quot;0&quot;,&quot;title&quot;:&quot;&quot;,&quot;orientation&quot;:&quot;0&quot;}\" data-image-title=\"EF187C5E-FCAF-4036-B410-18A8CD30A78F\" data-image-description=\"\" data-image-caption=\"\" data-medium-file=\"https:\/\/i0.wp.com\/blogdalucianaoliveira.com.br\/blog\/wp-content\/uploads\/2019\/01\/EF187C5E-FCAF-4036-B410-18A8CD30A78F.png?fit=300%2C167\" data-large-file=\"https:\/\/i0.wp.com\/blogdalucianaoliveira.com.br\/blog\/wp-content\/uploads\/2019\/01\/EF187C5E-FCAF-4036-B410-18A8CD30A78F.png?fit=600%2C334\" src=\"https:\/\/i0.wp.com\/blogdalucianaoliveira.com.br\/blog\/wp-content\/uploads\/2019\/01\/EF187C5E-FCAF-4036-B410-18A8CD30A78F.png?resize=600%2C334\" alt=\"EF187C5E-FCAF-4036-B410-18A8CD30A78F\" width=\"600\" height=\"334\" class=\"alignnone size-full wp-image-20053\" srcset=\"https:\/\/i0.wp.com\/blogdalucianaoliveira.com.br\/blog\/wp-content\/uploads\/2019\/01\/EF187C5E-FCAF-4036-B410-18A8CD30A78F.png?w=768 768w, https:\/\/i0.wp.com\/blogdalucianaoliveira.com.br\/blog\/wp-content\/uploads\/2019\/01\/EF187C5E-FCAF-4036-B410-18A8CD30A78F.png?resize=300%2C167 300w, https:\/\/i0.wp.com\/blogdalucianaoliveira.com.br\/blog\/wp-content\/uploads\/2019\/01\/EF187C5E-FCAF-4036-B410-18A8CD30A78F.png?resize=540%2C300 540w\" sizes=\"auto, (max-width: 600px) 100vw, 600px\" \/><\/p>\n<p>Dezenas de grileiros invadiram a Terra Ind\u00edgena Uru-eu-wau-wau nos \u00faltimos dias, em \u00e1rea pr\u00f3xima ao munic\u00edpio Jorge Teixeira (RO), a 322 km de Porto Velho.<!--more--><\/p>\n<p>V\u00eddeos gravados pelos pr\u00f3priosind\u00edgenas nesta sexta-feira (11) mostram \u00e1reas j\u00e1 desmatadas e uma grande picada na floresta. Confrontado, um dos grileiros disse que a ordem para invadir veio \u201cde fora\u201d: \u201cHoje, \u2018t\u00e1\u2019 n\u00f3s, amanh\u00e3 v\u00eam mais de 200 gente aqui, voc\u00eas fiquem esperando\u201d.<\/p>\n<div class=\"fb-post\" data-href=\"https:\/\/www.facebook.com\/100001977379087\/posts\/2161618237247401\/\" data-width=\"552\"><\/div>\n<p>Em \u00e1udio \u00e0 Folha via WhatsApp, a lideran\u00e7a Awapu Uru-Eu-Wau-Wau, da aldeia linha 623, diz que j\u00e1 denunciou \u00e0 Funai, mas que at\u00e9 agora nenhum \u00f3rg\u00e3o federal apareceu.<\/p>\n<p>\u201cA nossa terra sendo invadida por pelo menos 40 pessoas, a gente n\u00e3o sabe direito, mas \u00e9 muita gente, e n\u00f3s estamos precisando de ajuda para retirar esse pessoal. Est\u00e1 bem pertinho da aldeia.\u201d<\/p>\n<p>\u201cEspero que os \u00f3rg\u00e3os possam ajudar nessa hora. Eu preciso da ajuda da PF, da Funai, do Ibama, do ICMBio. Tem de ser o mais r\u00e1pido poss\u00edvel, \u00e9 muita gente demais.\u201d<\/p>\n<p>Esta \u00e9 a segunda invas\u00e3o de terras ind\u00edgenas na Amaz\u00f4nia em janeiro. No \u00faltimo dia 3, a pr\u00f3pria Funai informou que madeireiros haviam entrado na Terra Ind\u00edgena Arara, no Par\u00e1.<\/p>\n<p>Procurado pela Folha na manh\u00e3 deste domingo (13), a Funai n\u00e3o se pronunciou sobre a invas\u00e3o em Rond\u00f4nia.<\/p>\n<p>A Terra Ind\u00edgena Uru-Eu-Wau-Wau tem sido alvo de invas\u00f5es de grileiros nos \u00faltimos anos. Em fevereiro, o Minist\u00e9rio P\u00fablico Federal descobriu que madeireiros ilegais estavam at\u00e9 loteando parte do territ\u00f3rio para invasores.<\/p>\n<p>Da FSP<\/p>\n","protected":false},"excerpt":{"rendered":"<p>Dezenas de grileiros invadiram a Terra Ind\u00edgena Uru-eu-wau-wau nos \u00faltimos dias, em \u00e1rea pr\u00f3xima ao munic\u00edpio Jorge Teixeira (RO), a 322 km de Porto Velho.<\/p>\n","protected":false},"author":1,"featured_media":0,"comment_status":"closed","ping_status":"open","sticky":false,"template":"","format":"standard","meta":{"_exactmetrics_skip_tracking":false,"_exactmetrics_sitenote_active":false,"_exactmetrics_sitenote_note":"","_exactmetrics_sitenote_category":0,"jetpack_post_was_ever_published":false,"_jetpack_newsletter_access":"","_jetpack_dont_email_post_to_subs":false,"_jetpack_newsletter_tier_id":0,"_jetpack_memberships_contains_paywalled_content":false,"_jetpack_memberships_contains_paid_content":false,"footnotes":"","jetpack_publicize_message":"","jetpack_publicize_feature_enabled":true,"jetpack_social_post_already_shared":true,"jetpack_social_options":{"image_generator_settings":{"template":"highway","enabled":false},"version":2}},"categories":[1],"tags":[],"class_list":["post-20052","post","type-post","status-publish","format-standard","hentry","category-notas"],"jetpack_publicize_connections":[],"jetpack_sharing_enabled":true,"jetpack_featured_media_url":"","jetpack_shortlink":"https:\/\/wp.me\/p7wKYW-5dq","jetpack-related-posts":[],"_links":{"self":[{"href":"http:\/\/blogdalucianaoliveira.com.br\/blog\/wp-json\/wp\/v2\/posts\/20052","targetHints":{"allow":["GET"]}}],"collection":[{"href":"http:\/\/blogdalucianaoliveira.com.br\/blog\/wp-json\/wp\/v2\/posts"}],"about":[{"href":"http:\/\/blogdalucianaoliveira.com.br\/blog\/wp-json\/wp\/v2\/types\/post"}],"author":[{"embeddable":true,"href":"http:\/\/blogdalucianaoliveira.com.br\/blog\/wp-json\/wp\/v2\/users\/1"}],"replies":[{"embeddable":true,"href":"http:\/\/blogdalucianaoliveira.com.br\/blog\/wp-json\/wp\/v2\/comments?post=20052"}],"version-history":[{"count":2,"href":"http:\/\/blogdalucianaoliveira.com.br\/blog\/wp-json\/wp\/v2\/posts\/20052\/revisions"}],"predecessor-version":[{"id":20055,"href":"http:\/\/blogdalucianaoliveira.com.br\/blog\/wp-json\/wp\/v2\/posts\/20052\/revisions\/20055"}],"wp:attachment":[{"href":"http:\/\/blogdalucianaoliveira.com.br\/blog\/wp-json\/wp\/v2\/media?parent=20052"}],"wp:term":[{"taxonomy":"category","embeddable":true,"href":"http:\/\/blogdalucianaoliveira.com.br\/blog\/wp-json\/wp\/v2\/categories?post=20052"},{"taxonomy":"post_tag","embeddable":true,"href":"http:\/\/blogdalucianaoliveira.com.br\/blog\/wp-json\/wp\/v2\/tags?post=20052"}],"curies":[{"name":"wp","href":"https:\/\/api.w.org\/{rel}","templated":true}]}}