{"id":20060,"date":"2019-01-15T11:38:36","date_gmt":"2019-01-15T15:38:36","guid":{"rendered":"http:\/\/blogdalucianaoliveira.com.br\/blog\/?p=20060"},"modified":"2019-01-15T11:44:17","modified_gmt":"2019-01-15T15:44:17","slug":"saude-do-municipio-e-so-abandono","status":"publish","type":"post","link":"http:\/\/blogdalucianaoliveira.com.br\/blog\/2019\/01\/15\/saude-do-municipio-e-so-abandono\/","title":{"rendered":"Sa\u00fade do munic\u00edpio \u00e9 s\u00f3 abandono"},"content":{"rendered":"<p><img data-recalc-dims=\"1\" loading=\"lazy\" decoding=\"async\" data-attachment-id=\"20061\" data-permalink=\"http:\/\/blogdalucianaoliveira.com.br\/blog\/2019\/01\/15\/saude-do-municipio-e-so-abandono\/f034f26e-d618-4771-a67b-3f6426e7327a\/\" data-orig-file=\"https:\/\/i0.wp.com\/blogdalucianaoliveira.com.br\/blog\/wp-content\/uploads\/2019\/01\/F034F26E-D618-4771-A67B-3F6426E7327A.jpeg?fit=2882%2C2882\" data-orig-size=\"2882,2882\" data-comments-opened=\"0\" data-image-meta=\"{&quot;aperture&quot;:&quot;1.8&quot;,&quot;credit&quot;:&quot;&quot;,&quot;camera&quot;:&quot;iPhone 7&quot;,&quot;caption&quot;:&quot;&quot;,&quot;created_timestamp&quot;:&quot;1547549306&quot;,&quot;copyright&quot;:&quot;&quot;,&quot;focal_length&quot;:&quot;3.99&quot;,&quot;iso&quot;:&quot;25&quot;,&quot;shutter_speed&quot;:&quot;0.025&quot;,&quot;title&quot;:&quot;&quot;,&quot;orientation&quot;:&quot;1&quot;}\" data-image-title=\"F034F26E-D618-4771-A67B-3F6426E7327A\" data-image-description=\"\" data-image-caption=\"\" data-medium-file=\"https:\/\/i0.wp.com\/blogdalucianaoliveira.com.br\/blog\/wp-content\/uploads\/2019\/01\/F034F26E-D618-4771-A67B-3F6426E7327A.jpeg?fit=300%2C300\" data-large-file=\"https:\/\/i0.wp.com\/blogdalucianaoliveira.com.br\/blog\/wp-content\/uploads\/2019\/01\/F034F26E-D618-4771-A67B-3F6426E7327A.jpeg?fit=600%2C600\" src=\"https:\/\/i0.wp.com\/blogdalucianaoliveira.com.br\/blog\/wp-content\/uploads\/2019\/01\/F034F26E-D618-4771-A67B-3F6426E7327A.jpeg?resize=600%2C600\" alt=\"F034F26E-D618-4771-A67B-3F6426E7327A\" width=\"600\" height=\"600\" class=\"alignnone size-full wp-image-20061\" srcset=\"https:\/\/i0.wp.com\/blogdalucianaoliveira.com.br\/blog\/wp-content\/uploads\/2019\/01\/F034F26E-D618-4771-A67B-3F6426E7327A.jpeg?w=2882 2882w, https:\/\/i0.wp.com\/blogdalucianaoliveira.com.br\/blog\/wp-content\/uploads\/2019\/01\/F034F26E-D618-4771-A67B-3F6426E7327A.jpeg?resize=150%2C150 150w, https:\/\/i0.wp.com\/blogdalucianaoliveira.com.br\/blog\/wp-content\/uploads\/2019\/01\/F034F26E-D618-4771-A67B-3F6426E7327A.jpeg?resize=300%2C300 300w, https:\/\/i0.wp.com\/blogdalucianaoliveira.com.br\/blog\/wp-content\/uploads\/2019\/01\/F034F26E-D618-4771-A67B-3F6426E7327A.jpeg?resize=768%2C768 768w, https:\/\/i0.wp.com\/blogdalucianaoliveira.com.br\/blog\/wp-content\/uploads\/2019\/01\/F034F26E-D618-4771-A67B-3F6426E7327A.jpeg?resize=1024%2C1024 1024w, https:\/\/i0.wp.com\/blogdalucianaoliveira.com.br\/blog\/wp-content\/uploads\/2019\/01\/F034F26E-D618-4771-A67B-3F6426E7327A.jpeg?w=1200 1200w, https:\/\/i0.wp.com\/blogdalucianaoliveira.com.br\/blog\/wp-content\/uploads\/2019\/01\/F034F26E-D618-4771-A67B-3F6426E7327A.jpeg?w=1800 1800w\" sizes=\"auto, (max-width: 600px) 100vw, 600px\" \/><\/p>\n<p>Foram tantos avisos, mas o povo caiu no \u2018canto da sereia\u2019. <\/p>\n<p>Hoje vi o abandono de 3 postos de sa\u00fade na capital. <\/p>\n<p>O \u00fanico sinal de gest\u00e3o do prefeito Hildon Chaves \u00e9 uma pintura vagabunda de azul e amarelo &#8211; s\u00f3 pra identificar partido &#8211; que n\u00e3o durou seis meses. <!--more--><\/p>\n<p>\u00c9 fundamental lembrar que ele \u00e9 ex-promotor da Defesa da Sa\u00fade.<\/p>\n<p>Isso torna o abandono ainda mais grave e o atendimento mais humilhante. <\/p>\n<p>Pergunte aos profissionais e ao povo que lhe dir\u00e3o: a saudade \u00e9 grande de Roberto Sobrinho e Mauro Nazif quando comparados ao atual prefeito. <\/p>\n<p>A pol\u00edtica do governo tucano \u00e9 essa: sem compromisso com o bem estar social dos que mais precisam. <\/p>\n<p>T\u00f4 quase pedindo desculpa pra Roberto n\u00e3o pelas cr\u00edticas que fiz, pois foram aut\u00eanticas, mas pelo peso, desproporcionais \u00e0s que devo a esse prefeito. <\/p>\n<p>E a oposi\u00e7\u00e3o? Tem oposi\u00e7\u00e3o na c\u00e2mara de vereadores pra fiscalizar e cobrar essa gest\u00e3o? N\u00e3o me refiro \u00e0 politicagem, mas coragem pra demonstrar a gravidade do que vi. <\/p>\n<p>Pela cidade e por todos, em 2020 elejam um prefeito capaz de cuidar dos servi\u00e7os e das pessoas que mais precisam.  E vereadores capazes de dar voz ao povo durante todo mandato. <\/p>\n<p>Dois anos e a gente n\u00e3o v\u00ea a\u00e7\u00e3o em relevo dessa prefeitura em servi\u00e7os essenciais. <\/p>\n<p>O Sistema P\u00fablico de Sa\u00fade (SUS) completou 30 anos em 2018 e a cada dia mais e mais brasileiros recorrem a ele. <\/p>\n<p>Encontram sucateamento. <\/p>\n<p>Uma vez lan\u00e7aram um boato de que Hildon renunciaria ao mandato garantido por mais de 65% dos eleitores. <\/p>\n<p>Quem dera fosse verdade!<\/p>\n","protected":false},"excerpt":{"rendered":"<p>Foram tantos avisos, mas o povo caiu no \u2018canto da sereia\u2019. Hoje vi o abandono de 3 postos de sa\u00fade na capital. O \u00fanico sinal de gest\u00e3o do prefeito Hildon Chaves \u00e9 uma pintura vagabunda de azul e amarelo &#8211; s\u00f3 pra identificar partido &#8211; que n\u00e3o durou seis meses.<\/p>\n","protected":false},"author":1,"featured_media":0,"comment_status":"closed","ping_status":"open","sticky":false,"template":"","format":"standard","meta":{"_exactmetrics_skip_tracking":false,"_exactmetrics_sitenote_active":false,"_exactmetrics_sitenote_note":"","_exactmetrics_sitenote_category":0,"jetpack_post_was_ever_published":false,"_jetpack_newsletter_access":"","_jetpack_dont_email_post_to_subs":false,"_jetpack_newsletter_tier_id":0,"_jetpack_memberships_contains_paywalled_content":false,"_jetpack_memberships_contains_paid_content":false,"footnotes":"","jetpack_publicize_message":"","jetpack_publicize_feature_enabled":true,"jetpack_social_post_already_shared":true,"jetpack_social_options":{"image_generator_settings":{"template":"highway","enabled":false},"version":2}},"categories":[1],"tags":[],"class_list":["post-20060","post","type-post","status-publish","format-standard","hentry","category-notas"],"jetpack_publicize_connections":[],"jetpack_sharing_enabled":true,"jetpack_featured_media_url":"","jetpack_shortlink":"https:\/\/wp.me\/p7wKYW-5dy","jetpack-related-posts":[],"_links":{"self":[{"href":"http:\/\/blogdalucianaoliveira.com.br\/blog\/wp-json\/wp\/v2\/posts\/20060","targetHints":{"allow":["GET"]}}],"collection":[{"href":"http:\/\/blogdalucianaoliveira.com.br\/blog\/wp-json\/wp\/v2\/posts"}],"about":[{"href":"http:\/\/blogdalucianaoliveira.com.br\/blog\/wp-json\/wp\/v2\/types\/post"}],"author":[{"embeddable":true,"href":"http:\/\/blogdalucianaoliveira.com.br\/blog\/wp-json\/wp\/v2\/users\/1"}],"replies":[{"embeddable":true,"href":"http:\/\/blogdalucianaoliveira.com.br\/blog\/wp-json\/wp\/v2\/comments?post=20060"}],"version-history":[{"count":2,"href":"http:\/\/blogdalucianaoliveira.com.br\/blog\/wp-json\/wp\/v2\/posts\/20060\/revisions"}],"predecessor-version":[{"id":20063,"href":"http:\/\/blogdalucianaoliveira.com.br\/blog\/wp-json\/wp\/v2\/posts\/20060\/revisions\/20063"}],"wp:attachment":[{"href":"http:\/\/blogdalucianaoliveira.com.br\/blog\/wp-json\/wp\/v2\/media?parent=20060"}],"wp:term":[{"taxonomy":"category","embeddable":true,"href":"http:\/\/blogdalucianaoliveira.com.br\/blog\/wp-json\/wp\/v2\/categories?post=20060"},{"taxonomy":"post_tag","embeddable":true,"href":"http:\/\/blogdalucianaoliveira.com.br\/blog\/wp-json\/wp\/v2\/tags?post=20060"}],"curies":[{"name":"wp","href":"https:\/\/api.w.org\/{rel}","templated":true}]}}