{"id":20067,"date":"2019-01-15T12:57:58","date_gmt":"2019-01-15T16:57:58","guid":{"rendered":"http:\/\/blogdalucianaoliveira.com.br\/blog\/?p=20067"},"modified":"2019-01-15T12:57:58","modified_gmt":"2019-01-15T16:57:58","slug":"decreto-de-posse-de-armas-de-bolsonaro-o-que-muda-e-quais-suas-possiveis-consequencias","status":"publish","type":"post","link":"http:\/\/blogdalucianaoliveira.com.br\/blog\/2019\/01\/15\/decreto-de-posse-de-armas-de-bolsonaro-o-que-muda-e-quais-suas-possiveis-consequencias\/","title":{"rendered":"Decreto de posse de armas de Bolsonaro: o que muda e quais suas poss\u00edveis consequ\u00eancias"},"content":{"rendered":"<p><img data-recalc-dims=\"1\" loading=\"lazy\" decoding=\"async\" data-attachment-id=\"20068\" data-permalink=\"http:\/\/blogdalucianaoliveira.com.br\/blog\/2019\/01\/15\/decreto-de-posse-de-armas-de-bolsonaro-o-que-muda-e-quais-suas-possiveis-consequencias\/24190b1c-d9dd-480c-a195-f5dfa18043c4\/\" data-orig-file=\"https:\/\/i0.wp.com\/blogdalucianaoliveira.com.br\/blog\/wp-content\/uploads\/2019\/01\/24190B1C-D9DD-480C-A195-F5DFA18043C4.jpeg?fit=1844%2C1124\" data-orig-size=\"1844,1124\" data-comments-opened=\"0\" data-image-meta=\"{&quot;aperture&quot;:&quot;0&quot;,&quot;credit&quot;:&quot;&quot;,&quot;camera&quot;:&quot;&quot;,&quot;caption&quot;:&quot;&quot;,&quot;created_timestamp&quot;:&quot;0&quot;,&quot;copyright&quot;:&quot;&quot;,&quot;focal_length&quot;:&quot;0&quot;,&quot;iso&quot;:&quot;0&quot;,&quot;shutter_speed&quot;:&quot;0&quot;,&quot;title&quot;:&quot;&quot;,&quot;orientation&quot;:&quot;0&quot;}\" data-image-title=\"24190B1C-D9DD-480C-A195-F5DFA18043C4\" data-image-description=\"\" data-image-caption=\"\" data-medium-file=\"https:\/\/i0.wp.com\/blogdalucianaoliveira.com.br\/blog\/wp-content\/uploads\/2019\/01\/24190B1C-D9DD-480C-A195-F5DFA18043C4.jpeg?fit=300%2C183\" data-large-file=\"https:\/\/i0.wp.com\/blogdalucianaoliveira.com.br\/blog\/wp-content\/uploads\/2019\/01\/24190B1C-D9DD-480C-A195-F5DFA18043C4.jpeg?fit=600%2C366\" src=\"https:\/\/i0.wp.com\/blogdalucianaoliveira.com.br\/blog\/wp-content\/uploads\/2019\/01\/24190B1C-D9DD-480C-A195-F5DFA18043C4.jpeg?resize=600%2C366\" alt=\"24190B1C-D9DD-480C-A195-F5DFA18043C4\" width=\"600\" height=\"366\" class=\"alignnone size-full wp-image-20068\" srcset=\"https:\/\/i0.wp.com\/blogdalucianaoliveira.com.br\/blog\/wp-content\/uploads\/2019\/01\/24190B1C-D9DD-480C-A195-F5DFA18043C4.jpeg?w=1844 1844w, https:\/\/i0.wp.com\/blogdalucianaoliveira.com.br\/blog\/wp-content\/uploads\/2019\/01\/24190B1C-D9DD-480C-A195-F5DFA18043C4.jpeg?resize=300%2C183 300w, https:\/\/i0.wp.com\/blogdalucianaoliveira.com.br\/blog\/wp-content\/uploads\/2019\/01\/24190B1C-D9DD-480C-A195-F5DFA18043C4.jpeg?resize=768%2C468 768w, https:\/\/i0.wp.com\/blogdalucianaoliveira.com.br\/blog\/wp-content\/uploads\/2019\/01\/24190B1C-D9DD-480C-A195-F5DFA18043C4.jpeg?resize=1024%2C624 1024w, https:\/\/i0.wp.com\/blogdalucianaoliveira.com.br\/blog\/wp-content\/uploads\/2019\/01\/24190B1C-D9DD-480C-A195-F5DFA18043C4.jpeg?resize=492%2C300 492w, https:\/\/i0.wp.com\/blogdalucianaoliveira.com.br\/blog\/wp-content\/uploads\/2019\/01\/24190B1C-D9DD-480C-A195-F5DFA18043C4.jpeg?w=1200 1200w\" sizes=\"auto, (max-width: 600px) 100vw, 600px\" \/><\/p>\n<p>Capit\u00e3o ampliou a defini\u00e7\u00e3o de quem teria &#8220;efetiva necessidade&#8221; para ter arma em casa<!--more--><\/p>\n<p>O presidente Jair Bolsonaro fez seu primeiro grande aceno para a bancada da bala do Congresso. Nesta ter\u00e7a-feira, apresentou um decreto que regulamenta e fragiliza alguns pontos do Estatuto do Desarmamento, flexibilizando os requisitos para a posse de arma \u2014direito de ter um rev\u00f3lver ou pistola em casa. O principal ponto alterado diz respeito ao crit\u00e9rio de \u201cefetiva necessidade\u201d. Atualmente, para se ter uma arma \u00e9 preciso apresentar uma justificativa \u00e0 Pol\u00edcia Federal, na qual o requerente explica os motivos pelos quais precisa do armamento. Este ponto sempre foi controverso, pois no final a decis\u00e3o de conceder ou n\u00e3o o posse dependia da avalia\u00e7\u00e3o do policial que analisa a justificativa \u2014a mesma justificativa, como \u201cviver em local perigoso\u201d, por exemplo, poderia ser aceita ou n\u00e3o, dependendo de quem processa o pedido.<\/p>\n<p>Bolsonaro ampliou o escopo do que viria a ser efetiva necessidade. O texto do decreto considera que \u201cresidentes em \u00e1rea rural\u201d, \u201cresidentes em \u00e1reas urbanas com elevados \u00edndices de viol\u00eancia\u201d, ou seja, localizadas em Estados com \u00edndices de homic\u00eddio que superam dez por 100.000 habitantes e \u201ctitulares ou respons\u00e1veis legais de estabelecimentos comerciais ou industriais\u201d se enquadram na descri\u00e7\u00e3o de efetiva necessidade.<\/p>\n<p>Mas quais as consequ\u00eancias as mudan\u00e7as podem trazer para a vida real, segundo a avalia\u00e7\u00e3o de especialistas contr\u00e1rios \u00e0 medida? No campo, a expectativa \u00e9 que a amplia\u00e7\u00e3o do n\u00famero de armas possa ser combust\u00edvel para um aumento na quantidade de v\u00edtimas fatais dos conflitos agr\u00e1rios. Segundo dados da Comiss\u00e3o Pastoral da Terra, em 2017 (\u00faltimos dados dispon\u00edveis) o interior do pa\u00eds j\u00e1 registrou o maior n\u00famero de homic\u00eddios desde 2003: foram 71 v\u00edtimas fatais, a maioria deles de lideran\u00e7as comunit\u00e1rias.<\/p>\n<p>A permiss\u00e3o da posse para residentes em Estados com mais homic\u00eddios equivale, segundo especialistas, a apagar um inc\u00eandio com gasolina. Eles citam a possibilidade do aumento dos casos de feminic\u00eddio, tendo em vista que a maioria destes crimes ocorre dentro de casa. Em 2018 foram registrados 946 feminic\u00eddios no pa\u00eds, que ocupa a quinta posi\u00e7\u00e3o global deste tipo de crime. Al\u00e9m disso, existe o risco do roubo de arma por assaltantes, tendo em vista seu alto valor de mercado. Assim, um rev\u00f3lver comprado para a autodefesa pode facilmente ir parar nas m\u00e3os do crime organizado.<\/p>\n<p>O \u00faltimo ponto, de considerar efetiva necessidade o fato dos requerentes da posse serem \u201ctitulares ou respons\u00e1veis legais de estabelecimentos comerciais ou industriais\u201d pode ser evocado para driblar a restri\u00e7\u00e3o em Estados com menos de dez homic\u00eddios por 100.000 habitantes. Se voc\u00ea tem uma loja, pode solicitar o porte n\u00e3o importa qu\u00e3o segura seja sua cidade.<\/p>\n<p>Al\u00e9m disso, Bolsonaro tornou o documento de declara\u00e7\u00e3o de efetiva necessidade uma mera formalidade, ao colocar no decreto que \u201cpresume-se a veracidade dos fatos e das circunst\u00e2ncias afirmadas na declara\u00e7\u00e3o de efetiva necessidade\u201d por parte da Pol\u00edcia Federal. Caso na casa more alguma \u201ccrian\u00e7a, adolescente ou pessoa com defici\u00eancia mental\u201d, o dono da arma ter\u00e1 que apresentar uma declara\u00e7\u00e3o de que sua resid\u00eancia possui \u201ccofre ou local seguro com tranca para o armazenamento\u201d. A reda\u00e7\u00e3o do Estatuto deixava ao crit\u00e9rio da Pol\u00edcia Federal aceitar ou n\u00e3o a justificativa apresentada.<\/p>\n","protected":false},"excerpt":{"rendered":"<p>Capit\u00e3o ampliou a defini\u00e7\u00e3o de quem teria &#8220;efetiva necessidade&#8221; para ter arma em casa<\/p>\n","protected":false},"author":1,"featured_media":0,"comment_status":"closed","ping_status":"open","sticky":false,"template":"","format":"standard","meta":{"_exactmetrics_skip_tracking":false,"_exactmetrics_sitenote_active":false,"_exactmetrics_sitenote_note":"","_exactmetrics_sitenote_category":0,"jetpack_post_was_ever_published":false,"_jetpack_newsletter_access":"","_jetpack_dont_email_post_to_subs":false,"_jetpack_newsletter_tier_id":0,"_jetpack_memberships_contains_paywalled_content":false,"_jetpack_memberships_contains_paid_content":false,"footnotes":"","jetpack_publicize_message":"","jetpack_publicize_feature_enabled":true,"jetpack_social_post_already_shared":true,"jetpack_social_options":{"image_generator_settings":{"template":"highway","enabled":false},"version":2}},"categories":[1],"tags":[],"class_list":["post-20067","post","type-post","status-publish","format-standard","hentry","category-notas"],"jetpack_publicize_connections":[],"jetpack_sharing_enabled":true,"jetpack_featured_media_url":"","jetpack_shortlink":"https:\/\/wp.me\/p7wKYW-5dF","jetpack-related-posts":[],"_links":{"self":[{"href":"http:\/\/blogdalucianaoliveira.com.br\/blog\/wp-json\/wp\/v2\/posts\/20067","targetHints":{"allow":["GET"]}}],"collection":[{"href":"http:\/\/blogdalucianaoliveira.com.br\/blog\/wp-json\/wp\/v2\/posts"}],"about":[{"href":"http:\/\/blogdalucianaoliveira.com.br\/blog\/wp-json\/wp\/v2\/types\/post"}],"author":[{"embeddable":true,"href":"http:\/\/blogdalucianaoliveira.com.br\/blog\/wp-json\/wp\/v2\/users\/1"}],"replies":[{"embeddable":true,"href":"http:\/\/blogdalucianaoliveira.com.br\/blog\/wp-json\/wp\/v2\/comments?post=20067"}],"version-history":[{"count":1,"href":"http:\/\/blogdalucianaoliveira.com.br\/blog\/wp-json\/wp\/v2\/posts\/20067\/revisions"}],"predecessor-version":[{"id":20069,"href":"http:\/\/blogdalucianaoliveira.com.br\/blog\/wp-json\/wp\/v2\/posts\/20067\/revisions\/20069"}],"wp:attachment":[{"href":"http:\/\/blogdalucianaoliveira.com.br\/blog\/wp-json\/wp\/v2\/media?parent=20067"}],"wp:term":[{"taxonomy":"category","embeddable":true,"href":"http:\/\/blogdalucianaoliveira.com.br\/blog\/wp-json\/wp\/v2\/categories?post=20067"},{"taxonomy":"post_tag","embeddable":true,"href":"http:\/\/blogdalucianaoliveira.com.br\/blog\/wp-json\/wp\/v2\/tags?post=20067"}],"curies":[{"name":"wp","href":"https:\/\/api.w.org\/{rel}","templated":true}]}}