{"id":20070,"date":"2019-01-15T13:06:12","date_gmt":"2019-01-15T17:06:12","guid":{"rendered":"http:\/\/blogdalucianaoliveira.com.br\/blog\/?p=20070"},"modified":"2019-01-15T13:06:12","modified_gmt":"2019-01-15T17:06:12","slug":"datafolha-mostra-populacao-esta-de-um-lado-bolsonaro-de-outro","status":"publish","type":"post","link":"http:\/\/blogdalucianaoliveira.com.br\/blog\/2019\/01\/15\/datafolha-mostra-populacao-esta-de-um-lado-bolsonaro-de-outro\/","title":{"rendered":"DATAFOLHA MOSTRA: POPULA\u00c7\u00c3O EST\u00c1 DE UM LADO, BOLSONARO DE OUTRO"},"content":{"rendered":"<p><img data-recalc-dims=\"1\" loading=\"lazy\" decoding=\"async\" data-attachment-id=\"20071\" data-permalink=\"http:\/\/blogdalucianaoliveira.com.br\/blog\/2019\/01\/15\/datafolha-mostra-populacao-esta-de-um-lado-bolsonaro-de-outro\/af6899bf-1058-40a7-8a57-e7b0a50602e5\/\" data-orig-file=\"https:\/\/i0.wp.com\/blogdalucianaoliveira.com.br\/blog\/wp-content\/uploads\/2019\/01\/AF6899BF-1058-40A7-8A57-E7B0A50602E5.jpeg?fit=750%2C375\" data-orig-size=\"750,375\" data-comments-opened=\"0\" data-image-meta=\"{&quot;aperture&quot;:&quot;0&quot;,&quot;credit&quot;:&quot;&quot;,&quot;camera&quot;:&quot;&quot;,&quot;caption&quot;:&quot;&quot;,&quot;created_timestamp&quot;:&quot;0&quot;,&quot;copyright&quot;:&quot;&quot;,&quot;focal_length&quot;:&quot;0&quot;,&quot;iso&quot;:&quot;0&quot;,&quot;shutter_speed&quot;:&quot;0&quot;,&quot;title&quot;:&quot;&quot;,&quot;orientation&quot;:&quot;0&quot;}\" data-image-title=\"AF6899BF-1058-40A7-8A57-E7B0A50602E5\" data-image-description=\"\" data-image-caption=\"\" data-medium-file=\"https:\/\/i0.wp.com\/blogdalucianaoliveira.com.br\/blog\/wp-content\/uploads\/2019\/01\/AF6899BF-1058-40A7-8A57-E7B0A50602E5.jpeg?fit=300%2C150\" data-large-file=\"https:\/\/i0.wp.com\/blogdalucianaoliveira.com.br\/blog\/wp-content\/uploads\/2019\/01\/AF6899BF-1058-40A7-8A57-E7B0A50602E5.jpeg?fit=600%2C300\" src=\"https:\/\/i0.wp.com\/blogdalucianaoliveira.com.br\/blog\/wp-content\/uploads\/2019\/01\/AF6899BF-1058-40A7-8A57-E7B0A50602E5.jpeg?resize=600%2C300\" alt=\"AF6899BF-1058-40A7-8A57-E7B0A50602E5\" width=\"600\" height=\"300\" class=\"alignnone size-full wp-image-20071\" srcset=\"https:\/\/i0.wp.com\/blogdalucianaoliveira.com.br\/blog\/wp-content\/uploads\/2019\/01\/AF6899BF-1058-40A7-8A57-E7B0A50602E5.jpeg?w=750 750w, https:\/\/i0.wp.com\/blogdalucianaoliveira.com.br\/blog\/wp-content\/uploads\/2019\/01\/AF6899BF-1058-40A7-8A57-E7B0A50602E5.jpeg?resize=300%2C150 300w, https:\/\/i0.wp.com\/blogdalucianaoliveira.com.br\/blog\/wp-content\/uploads\/2019\/01\/AF6899BF-1058-40A7-8A57-E7B0A50602E5.jpeg?resize=600%2C300 600w\" sizes=\"auto, (max-width: 600px) 100vw, 600px\" \/><\/p>\n<p>247 &#8211; Na primeira rodada de pesquisas do ano, o Instituto Datafolha detectou um significativo descolamento program\u00e1tico entre os eleitores de Bolsonaro e as a\u00e7\u00f5es concretas propostas pelo governo bolsonarista at\u00e9 aqui. Faixas em torno de 70% da popula\u00e7\u00e3o brasileira discordam da imensa maioria das a\u00e7\u00f5es iniciais do governo, como a libera\u00e7\u00e3o do porte de armas e a aproxima\u00e7\u00e3o com os EUA. O balan\u00e7o t\u00e9cnico \u00e9 o de que a &#8216;lua-de-mel&#8217; entre eleitor e presidente eleito tenha um prazo de validade ainda menor do que aquele que a tradi\u00e7\u00e3o pol\u00edtica brasileira consagrou. <!--more--><\/p>\n<p>A surpresa dos diretos do Instituto, Mauro Paulino e Alessandro Janoni, pode ser lida nas entrelinhas do artigo assinado por ambos. N\u00e3o \u00e9 trivial um presidente ser eleito sem um programa de governo minimamente posto. Mas, \u00e9 mais ex\u00f3tico ainda que a discrep\u00e2ncia entre a concep\u00e7\u00e3o de Estado seja t\u00e3o acentuada como entre Bolsonaro e seus eleitores. <\/p>\n<p>O artigo dos pesquisadores, publicado no jornal Folha de S. Paulo, conclui sua an\u00e1lise com um progn\u00f3stico nada favor\u00e1vel ao bolsonarismo: &#8220;sem a apresenta\u00e7\u00e3o de projetos consistentes e vi\u00e1veis, em curto per\u00edodo, nesses setores, torna-se prov\u00e1vel que a bonan\u00e7a dos simb\u00f3licos cem primeiros dias de governo transforme-se em tempestades junto \u00e0 opini\u00e3o p\u00fablica, que teve as esperan\u00e7as renovadas, mas conserva as demandas prementes acumuladas nos \u00faltimos anos.&#8221;<\/p>\n<p>Antes disso, Janoni e Paulino, manifestam a surpresa em detectar tamanho descasamento entre Bolsonaro e seus eleitores, j\u00e1 nos primeiros dias de governo: &#8220;uma primeira leitura dos resultados da pesquisa nacional do Datafolha divulgada ao longo do \u00faltimo m\u00eas sugere descolamento entre a agenda do presidente da Rep\u00fablica, Jair Bolsonaro (PSL) e a opini\u00e3o p\u00fablica brasileira. Apesar de o presidente ter conquistado a maioria dos votos e manter expectativa positiva sobre seu governo, o posicionamento dos eleitores quanto \u00e0s teses defendidas em pronunciamentos de sua equipe n\u00e3o alcan\u00e7a apoio equivalente.&#8221;<\/p>\n<p>E seguem especificando pontos sens\u00edveis das pesquisas recentes: &#8220;com exce\u00e7\u00e3o da tem\u00e1tica do controle de imigrantes e da redu\u00e7\u00e3o da maioridade penal, pontos-chave da pauta bolsonarista como Escola sem Partido, posse de armas e aproxima\u00e7\u00e3o com o governo dos EUA s\u00e3o reprovados por parcela expressiva da popula\u00e7\u00e3o, com percentuais pr\u00f3ximos a 70%. Tamb\u00e9m se mostram com altos \u00edndices de rejei\u00e7\u00e3o a redu\u00e7\u00e3o de terras ind\u00edgenas, medidas contra o meio ambiente, privatiza\u00e7\u00e3o de estatais e a perda de direitos trabalhistas.&#8221;<\/p>\n<p>Os diretores do Instituto se perguntam: &#8220;com esses dados, fica a pergunta: como Bolsonaro foi eleito com tamanho desencontro entre representante e representados?&#8221;<\/p>\n","protected":false},"excerpt":{"rendered":"<p>247 &#8211; Na primeira rodada de pesquisas do ano, o Instituto Datafolha detectou um significativo descolamento program\u00e1tico entre os eleitores de Bolsonaro e as a\u00e7\u00f5es concretas propostas pelo governo bolsonarista at\u00e9 aqui. Faixas em torno de 70% da popula\u00e7\u00e3o brasileira discordam da imensa maioria das a\u00e7\u00f5es iniciais do governo, como a libera\u00e7\u00e3o do porte de&#8230;<a class=\"more-link\" href=\"http:\/\/blogdalucianaoliveira.com.br\/blog\/2019\/01\/15\/datafolha-mostra-populacao-esta-de-um-lado-bolsonaro-de-outro\/\">Continue a leitura <span class=\"meta-nav\">&raquo;<\/span><\/a><\/p>\n","protected":false},"author":1,"featured_media":0,"comment_status":"closed","ping_status":"open","sticky":false,"template":"","format":"standard","meta":{"_exactmetrics_skip_tracking":false,"_exactmetrics_sitenote_active":false,"_exactmetrics_sitenote_note":"","_exactmetrics_sitenote_category":0,"jetpack_post_was_ever_published":false,"_jetpack_newsletter_access":"","_jetpack_dont_email_post_to_subs":false,"_jetpack_newsletter_tier_id":0,"_jetpack_memberships_contains_paywalled_content":false,"_jetpack_memberships_contains_paid_content":false,"footnotes":"","jetpack_publicize_message":"","jetpack_publicize_feature_enabled":true,"jetpack_social_post_already_shared":true,"jetpack_social_options":{"image_generator_settings":{"template":"highway","enabled":false},"version":2}},"categories":[1],"tags":[],"class_list":["post-20070","post","type-post","status-publish","format-standard","hentry","category-notas"],"jetpack_publicize_connections":[],"jetpack_sharing_enabled":true,"jetpack_featured_media_url":"","jetpack_shortlink":"https:\/\/wp.me\/p7wKYW-5dI","jetpack-related-posts":[],"_links":{"self":[{"href":"http:\/\/blogdalucianaoliveira.com.br\/blog\/wp-json\/wp\/v2\/posts\/20070","targetHints":{"allow":["GET"]}}],"collection":[{"href":"http:\/\/blogdalucianaoliveira.com.br\/blog\/wp-json\/wp\/v2\/posts"}],"about":[{"href":"http:\/\/blogdalucianaoliveira.com.br\/blog\/wp-json\/wp\/v2\/types\/post"}],"author":[{"embeddable":true,"href":"http:\/\/blogdalucianaoliveira.com.br\/blog\/wp-json\/wp\/v2\/users\/1"}],"replies":[{"embeddable":true,"href":"http:\/\/blogdalucianaoliveira.com.br\/blog\/wp-json\/wp\/v2\/comments?post=20070"}],"version-history":[{"count":1,"href":"http:\/\/blogdalucianaoliveira.com.br\/blog\/wp-json\/wp\/v2\/posts\/20070\/revisions"}],"predecessor-version":[{"id":20072,"href":"http:\/\/blogdalucianaoliveira.com.br\/blog\/wp-json\/wp\/v2\/posts\/20070\/revisions\/20072"}],"wp:attachment":[{"href":"http:\/\/blogdalucianaoliveira.com.br\/blog\/wp-json\/wp\/v2\/media?parent=20070"}],"wp:term":[{"taxonomy":"category","embeddable":true,"href":"http:\/\/blogdalucianaoliveira.com.br\/blog\/wp-json\/wp\/v2\/categories?post=20070"},{"taxonomy":"post_tag","embeddable":true,"href":"http:\/\/blogdalucianaoliveira.com.br\/blog\/wp-json\/wp\/v2\/tags?post=20070"}],"curies":[{"name":"wp","href":"https:\/\/api.w.org\/{rel}","templated":true}]}}