{"id":20073,"date":"2019-01-15T14:27:56","date_gmt":"2019-01-15T18:27:56","guid":{"rendered":"http:\/\/blogdalucianaoliveira.com.br\/blog\/?p=20073"},"modified":"2019-01-15T14:28:51","modified_gmt":"2019-01-15T18:28:51","slug":"feministas-de-todo-o-mundo-resistam","status":"publish","type":"post","link":"http:\/\/blogdalucianaoliveira.com.br\/blog\/2019\/01\/15\/feministas-de-todo-o-mundo-resistam\/","title":{"rendered":"Feministas de todo o mundo, resistam!"},"content":{"rendered":"<p><img data-recalc-dims=\"1\" loading=\"lazy\" decoding=\"async\" data-attachment-id=\"20074\" data-permalink=\"http:\/\/blogdalucianaoliveira.com.br\/blog\/2019\/01\/15\/feministas-de-todo-o-mundo-resistam\/9edc87d2-129c-4521-af65-987395d6a761\/\" data-orig-file=\"https:\/\/i0.wp.com\/blogdalucianaoliveira.com.br\/blog\/wp-content\/uploads\/2019\/01\/9EDC87D2-129C-4521-AF65-987395D6A761.jpeg?fit=881%2C712\" data-orig-size=\"881,712\" data-comments-opened=\"0\" data-image-meta=\"{&quot;aperture&quot;:&quot;0&quot;,&quot;credit&quot;:&quot;&quot;,&quot;camera&quot;:&quot;&quot;,&quot;caption&quot;:&quot;&quot;,&quot;created_timestamp&quot;:&quot;0&quot;,&quot;copyright&quot;:&quot;&quot;,&quot;focal_length&quot;:&quot;0&quot;,&quot;iso&quot;:&quot;0&quot;,&quot;shutter_speed&quot;:&quot;0&quot;,&quot;title&quot;:&quot;&quot;,&quot;orientation&quot;:&quot;0&quot;}\" data-image-title=\"9EDC87D2-129C-4521-AF65-987395D6A761\" data-image-description=\"\" data-image-caption=\"\" data-medium-file=\"https:\/\/i0.wp.com\/blogdalucianaoliveira.com.br\/blog\/wp-content\/uploads\/2019\/01\/9EDC87D2-129C-4521-AF65-987395D6A761.jpeg?fit=300%2C242\" data-large-file=\"https:\/\/i0.wp.com\/blogdalucianaoliveira.com.br\/blog\/wp-content\/uploads\/2019\/01\/9EDC87D2-129C-4521-AF65-987395D6A761.jpeg?fit=600%2C485\" src=\"https:\/\/i0.wp.com\/blogdalucianaoliveira.com.br\/blog\/wp-content\/uploads\/2019\/01\/9EDC87D2-129C-4521-AF65-987395D6A761.jpeg?resize=600%2C485\" alt=\"9EDC87D2-129C-4521-AF65-987395D6A761\" width=\"600\" height=\"485\" class=\"alignnone size-full wp-image-20074\" srcset=\"https:\/\/i0.wp.com\/blogdalucianaoliveira.com.br\/blog\/wp-content\/uploads\/2019\/01\/9EDC87D2-129C-4521-AF65-987395D6A761.jpeg?w=881 881w, https:\/\/i0.wp.com\/blogdalucianaoliveira.com.br\/blog\/wp-content\/uploads\/2019\/01\/9EDC87D2-129C-4521-AF65-987395D6A761.jpeg?resize=300%2C242 300w, https:\/\/i0.wp.com\/blogdalucianaoliveira.com.br\/blog\/wp-content\/uploads\/2019\/01\/9EDC87D2-129C-4521-AF65-987395D6A761.jpeg?resize=768%2C621 768w, https:\/\/i0.wp.com\/blogdalucianaoliveira.com.br\/blog\/wp-content\/uploads\/2019\/01\/9EDC87D2-129C-4521-AF65-987395D6A761.jpeg?resize=371%2C300 371w\" sizes=\"auto, (max-width: 600px) 100vw, 600px\" \/><\/p>\n<p>N\u00e3o vou dizer \u00e0 ministra Damares que ela \u00e9 feia, no sentido em que v\u00ea as feministas. <\/p>\n<p>N\u00f3s mulheres de luta nos reunimos para desconstruir padr\u00f5es, sobretudo patriarcais e de consumo e lutamos por igualdade de direitos. <\/p>\n<p>Feminista odeia padr\u00e3o de beleza.  Se juntam todas por todas, sem distin\u00e7\u00e3o \u00e9tnica, religiosa, por identidade de g\u00eanero, condi\u00e7\u00e3o econ\u00f4mica ou social. <\/p>\n<p>Feminista \u00e9 livre e por vezes choca ao demonstrar o quanto, afinal,  como bem disse Jodorowski, \u201cp\u00e1ssaros criados em gaiolas acreditam que voar \u00e9 uma doen\u00e7a.\u201d<\/p>\n<p>Por isso, feminista que quer responder a Damares n\u00e3o a chama de feia por sua apar\u00eancia. <\/p>\n<p>Se n\u00f3s perseguimos o Ser sobre o Ter, a ess\u00eancia humana \u00e0 carca\u00e7a, temos que desqualificar Damares por sua horrorosidade interior. <\/p>\n<p>Ela \u00e9 medonha como ser humano.  <\/p>\n<p>Resistamos ao conceito de beleza dela.<\/p>\n","protected":false},"excerpt":{"rendered":"<p>N\u00e3o vou dizer \u00e0 ministra Damares que ela \u00e9 feia, no sentido em que v\u00ea as feministas. N\u00f3s mulheres de luta nos reunimos para desconstruir padr\u00f5es, sobretudo patriarcais e de consumo e lutamos por igualdade de direitos. Feminista odeia padr\u00e3o de beleza. Se juntam todas por todas, sem distin\u00e7\u00e3o \u00e9tnica, religiosa, por identidade de g\u00eanero,&#8230;<a class=\"more-link\" href=\"http:\/\/blogdalucianaoliveira.com.br\/blog\/2019\/01\/15\/feministas-de-todo-o-mundo-resistam\/\">Continue a leitura <span class=\"meta-nav\">&raquo;<\/span><\/a><\/p>\n","protected":false},"author":1,"featured_media":0,"comment_status":"closed","ping_status":"open","sticky":false,"template":"","format":"standard","meta":{"_exactmetrics_skip_tracking":false,"_exactmetrics_sitenote_active":false,"_exactmetrics_sitenote_note":"","_exactmetrics_sitenote_category":0,"jetpack_post_was_ever_published":false,"_jetpack_newsletter_access":"","_jetpack_dont_email_post_to_subs":false,"_jetpack_newsletter_tier_id":0,"_jetpack_memberships_contains_paywalled_content":false,"_jetpack_memberships_contains_paid_content":false,"footnotes":"","jetpack_publicize_message":"","jetpack_publicize_feature_enabled":true,"jetpack_social_post_already_shared":true,"jetpack_social_options":{"image_generator_settings":{"template":"highway","enabled":false},"version":2}},"categories":[1],"tags":[],"class_list":["post-20073","post","type-post","status-publish","format-standard","hentry","category-notas"],"jetpack_publicize_connections":[],"jetpack_sharing_enabled":true,"jetpack_featured_media_url":"","jetpack_shortlink":"https:\/\/wp.me\/p7wKYW-5dL","jetpack-related-posts":[],"_links":{"self":[{"href":"http:\/\/blogdalucianaoliveira.com.br\/blog\/wp-json\/wp\/v2\/posts\/20073","targetHints":{"allow":["GET"]}}],"collection":[{"href":"http:\/\/blogdalucianaoliveira.com.br\/blog\/wp-json\/wp\/v2\/posts"}],"about":[{"href":"http:\/\/blogdalucianaoliveira.com.br\/blog\/wp-json\/wp\/v2\/types\/post"}],"author":[{"embeddable":true,"href":"http:\/\/blogdalucianaoliveira.com.br\/blog\/wp-json\/wp\/v2\/users\/1"}],"replies":[{"embeddable":true,"href":"http:\/\/blogdalucianaoliveira.com.br\/blog\/wp-json\/wp\/v2\/comments?post=20073"}],"version-history":[{"count":2,"href":"http:\/\/blogdalucianaoliveira.com.br\/blog\/wp-json\/wp\/v2\/posts\/20073\/revisions"}],"predecessor-version":[{"id":20076,"href":"http:\/\/blogdalucianaoliveira.com.br\/blog\/wp-json\/wp\/v2\/posts\/20073\/revisions\/20076"}],"wp:attachment":[{"href":"http:\/\/blogdalucianaoliveira.com.br\/blog\/wp-json\/wp\/v2\/media?parent=20073"}],"wp:term":[{"taxonomy":"category","embeddable":true,"href":"http:\/\/blogdalucianaoliveira.com.br\/blog\/wp-json\/wp\/v2\/categories?post=20073"},{"taxonomy":"post_tag","embeddable":true,"href":"http:\/\/blogdalucianaoliveira.com.br\/blog\/wp-json\/wp\/v2\/tags?post=20073"}],"curies":[{"name":"wp","href":"https:\/\/api.w.org\/{rel}","templated":true}]}}