{"id":20080,"date":"2019-01-15T16:39:27","date_gmt":"2019-01-15T20:39:27","guid":{"rendered":"http:\/\/blogdalucianaoliveira.com.br\/blog\/?p=20080"},"modified":"2019-01-15T16:39:27","modified_gmt":"2019-01-15T20:39:27","slug":"ministerio-publico-de-rondonia-cria-a-primeira-promotoria-de-justica-com-atribuicoes-em-feminicidio-do-pais","status":"publish","type":"post","link":"http:\/\/blogdalucianaoliveira.com.br\/blog\/2019\/01\/15\/ministerio-publico-de-rondonia-cria-a-primeira-promotoria-de-justica-com-atribuicoes-em-feminicidio-do-pais\/","title":{"rendered":"Minist\u00e9rio P\u00fablico de Rond\u00f4nia cria a primeira Promotoria de Justi\u00e7a com atribui\u00e7\u00f5es em Feminic\u00eddio do Pa\u00eds"},"content":{"rendered":"<p><img data-recalc-dims=\"1\" loading=\"lazy\" decoding=\"async\" data-attachment-id=\"20081\" data-permalink=\"http:\/\/blogdalucianaoliveira.com.br\/blog\/2019\/01\/15\/ministerio-publico-de-rondonia-cria-a-primeira-promotoria-de-justica-com-atribuicoes-em-feminicidio-do-pais\/a7220442-1f9c-41ff-abea-6e4308ba89ea\/\" data-orig-file=\"https:\/\/i0.wp.com\/blogdalucianaoliveira.com.br\/blog\/wp-content\/uploads\/2019\/01\/A7220442-1F9C-41FF-ABEA-6E4308BA89EA.jpeg?fit=670%2C456\" data-orig-size=\"670,456\" data-comments-opened=\"0\" data-image-meta=\"{&quot;aperture&quot;:&quot;0&quot;,&quot;credit&quot;:&quot;&quot;,&quot;camera&quot;:&quot;&quot;,&quot;caption&quot;:&quot;&quot;,&quot;created_timestamp&quot;:&quot;0&quot;,&quot;copyright&quot;:&quot;&quot;,&quot;focal_length&quot;:&quot;0&quot;,&quot;iso&quot;:&quot;0&quot;,&quot;shutter_speed&quot;:&quot;0&quot;,&quot;title&quot;:&quot;&quot;,&quot;orientation&quot;:&quot;0&quot;}\" data-image-title=\"A7220442-1F9C-41FF-ABEA-6E4308BA89EA\" data-image-description=\"\" data-image-caption=\"\" data-medium-file=\"https:\/\/i0.wp.com\/blogdalucianaoliveira.com.br\/blog\/wp-content\/uploads\/2019\/01\/A7220442-1F9C-41FF-ABEA-6E4308BA89EA.jpeg?fit=300%2C204\" data-large-file=\"https:\/\/i0.wp.com\/blogdalucianaoliveira.com.br\/blog\/wp-content\/uploads\/2019\/01\/A7220442-1F9C-41FF-ABEA-6E4308BA89EA.jpeg?fit=600%2C408\" src=\"https:\/\/i0.wp.com\/blogdalucianaoliveira.com.br\/blog\/wp-content\/uploads\/2019\/01\/A7220442-1F9C-41FF-ABEA-6E4308BA89EA.jpeg?resize=600%2C408\" alt=\"A7220442-1F9C-41FF-ABEA-6E4308BA89EA\" width=\"600\" height=\"408\" class=\"alignnone size-full wp-image-20081\" srcset=\"https:\/\/i0.wp.com\/blogdalucianaoliveira.com.br\/blog\/wp-content\/uploads\/2019\/01\/A7220442-1F9C-41FF-ABEA-6E4308BA89EA.jpeg?w=670 670w, https:\/\/i0.wp.com\/blogdalucianaoliveira.com.br\/blog\/wp-content\/uploads\/2019\/01\/A7220442-1F9C-41FF-ABEA-6E4308BA89EA.jpeg?resize=300%2C204 300w, https:\/\/i0.wp.com\/blogdalucianaoliveira.com.br\/blog\/wp-content\/uploads\/2019\/01\/A7220442-1F9C-41FF-ABEA-6E4308BA89EA.jpeg?resize=441%2C300 441w\" sizes=\"auto, (max-width: 600px) 100vw, 600px\" \/><\/p>\n<p>O Minist\u00e9rio P\u00fablico de Rond\u00f4nia deu mais um importante passo para o enfrentamento \u00e0 viol\u00eancia contra as mulheres. No dia 20 de dezembro, a Institui\u00e7\u00e3o criou, por meio da Resolu\u00e7\u00e3o 03\/2018 &#8211; CPJ, a primeira Promotoria de Justi\u00e7a do Brasil, com atribui\u00e7\u00f5es espec\u00edficas em feminic\u00eddio. Isto \u00e9, voltada especialmente para a atua\u00e7\u00e3o no Tribunal do J\u00fari em casos de homic\u00eddios dolosos praticados contra a mulher por raz\u00f5es da condi\u00e7\u00e3o de sexo feminino.<!--more--><\/p>\n<p>De acordo com o Procurador-Geral de Justi\u00e7a, Airton Pedro Marin Filho, a cria\u00e7\u00e3o da Promotoria decorre do n\u00famero assustador desses assassinatos em Rond\u00f4nia. Isso porque, de acordo com o Sistema de Controle Processual do Minist\u00e9rio P\u00fablico, o ParqueWeb, em 2018, tramitaram pelo menos 40 inqu\u00e9ritos policiais sobre feminic\u00eddio no Estado. Desse total, 13 referem-se \u00e0 comarca de Porto Velho.<\/p>\n<p>\u201c\u00c9 necess\u00e1rio que se tenha, para esse tipo de crime, um olhar sobre a situa\u00e7\u00e3o de vulnerabilidade da mulher\u201d, afirmou o Chefe do MP rondoniense, ao destacar a contribui\u00e7\u00e3o da inova\u00e7\u00e3o implementada pelo MP\/RO para dar a resposta que a sociedade vem cobrando para o problema. Para ele, a institui\u00e7\u00e3o do novo servi\u00e7o se materializa, juntamente com as Promotorias de Combate \u00e0 Viol\u00eancia Dom\u00e9stica, como mais um instrumento de promo\u00e7\u00e3o de Justi\u00e7a e pacifica\u00e7\u00e3o social frente a uma realidade que tem se apresentado cada vez mais cruel diante de milhares de fam\u00edlias brasileiras.<\/p>\n<p>A cria\u00e7\u00e3o da 37\u00aa Promotoria de Justi\u00e7a foi aprovada durante a 417\u00aa Sess\u00e3o do Col\u00e9gio de Procuradores de Justi\u00e7a, como resultado de um trabalho de reestrutura\u00e7\u00e3o das Promotorias de Justi\u00e7a de Porto Velho, realizado pela Corregedoria-Geral do Minist\u00e9rio P\u00fablico de Rond\u00f4nia. <\/p>\n<p>Conforme a Resolu\u00e7\u00e3o 03\/2018 \u2013 CPJ, que disp\u00f5e sobre o novo servi\u00e7o, a Promotoria ter\u00e1 atribui\u00e7\u00f5es em crimes de feminic\u00eddio, inclu\u00eddo o Plen\u00e1rio do J\u00fari e Audi\u00eancia de Cust\u00f3dia, se realizada no Ju\u00edzo a que est\u00e1 vinculado. Tamb\u00e9m ter\u00e1 atribui\u00e7\u00f5es nas \u00e1reas extrajudicial e pr\u00e9-processual nos feitos de compet\u00eancia do Juizado da Viol\u00eancia Dom\u00e9stica e Familiar (C\u00edvel e Criminal), extrajudicial, judicial e pr\u00e9-processual, inclu\u00edda a defesa da probidade no \u00e2mbito da curadoria.<\/p>\n<p>Feminic\u00eddio <\/p>\n<p>Sancionada em mar\u00e7o de 2015, a Lei n\u00ba 13.104, conhecida como a Lei do Feminic\u00eddio, altera o C\u00f3digo Penal (art.121 do Decreto Lei n\u00ba 2.848\/40), incluindo o feminic\u00eddio como uma modalidade de homic\u00eddio qualificado, entrando no rol dos crimes hediondos.<\/p>\n<p>A justificativa para a necessidade de uma lei espec\u00edfica para os crimes relacionados ao g\u00eanero feminino est\u00e1 no fato de grande parte dos assassinatos de mulheres nos \u00faltimos anos ser cometida dentro da pr\u00f3pria casa das v\u00edtimas, muitas vezes por companheiros ou ex-companheiros.<\/p>\n","protected":false},"excerpt":{"rendered":"<p>O Minist\u00e9rio P\u00fablico de Rond\u00f4nia deu mais um importante passo para o enfrentamento \u00e0 viol\u00eancia contra as mulheres. No dia 20 de dezembro, a Institui\u00e7\u00e3o criou, por meio da Resolu\u00e7\u00e3o 03\/2018 &#8211; CPJ, a primeira Promotoria de Justi\u00e7a do Brasil, com atribui\u00e7\u00f5es espec\u00edficas em feminic\u00eddio. Isto \u00e9, voltada especialmente para a atua\u00e7\u00e3o no Tribunal do&#8230;<a class=\"more-link\" href=\"http:\/\/blogdalucianaoliveira.com.br\/blog\/2019\/01\/15\/ministerio-publico-de-rondonia-cria-a-primeira-promotoria-de-justica-com-atribuicoes-em-feminicidio-do-pais\/\">Continue a leitura <span class=\"meta-nav\">&raquo;<\/span><\/a><\/p>\n","protected":false},"author":1,"featured_media":0,"comment_status":"closed","ping_status":"open","sticky":false,"template":"","format":"standard","meta":{"_exactmetrics_skip_tracking":false,"_exactmetrics_sitenote_active":false,"_exactmetrics_sitenote_note":"","_exactmetrics_sitenote_category":0,"jetpack_post_was_ever_published":false,"_jetpack_newsletter_access":"","_jetpack_dont_email_post_to_subs":false,"_jetpack_newsletter_tier_id":0,"_jetpack_memberships_contains_paywalled_content":false,"_jetpack_memberships_contains_paid_content":false,"footnotes":"","jetpack_publicize_message":"","jetpack_publicize_feature_enabled":true,"jetpack_social_post_already_shared":true,"jetpack_social_options":{"image_generator_settings":{"template":"highway","enabled":false},"version":2}},"categories":[1],"tags":[],"class_list":["post-20080","post","type-post","status-publish","format-standard","hentry","category-notas"],"jetpack_publicize_connections":[],"jetpack_sharing_enabled":true,"jetpack_featured_media_url":"","jetpack_shortlink":"https:\/\/wp.me\/p7wKYW-5dS","jetpack-related-posts":[],"_links":{"self":[{"href":"http:\/\/blogdalucianaoliveira.com.br\/blog\/wp-json\/wp\/v2\/posts\/20080","targetHints":{"allow":["GET"]}}],"collection":[{"href":"http:\/\/blogdalucianaoliveira.com.br\/blog\/wp-json\/wp\/v2\/posts"}],"about":[{"href":"http:\/\/blogdalucianaoliveira.com.br\/blog\/wp-json\/wp\/v2\/types\/post"}],"author":[{"embeddable":true,"href":"http:\/\/blogdalucianaoliveira.com.br\/blog\/wp-json\/wp\/v2\/users\/1"}],"replies":[{"embeddable":true,"href":"http:\/\/blogdalucianaoliveira.com.br\/blog\/wp-json\/wp\/v2\/comments?post=20080"}],"version-history":[{"count":1,"href":"http:\/\/blogdalucianaoliveira.com.br\/blog\/wp-json\/wp\/v2\/posts\/20080\/revisions"}],"predecessor-version":[{"id":20082,"href":"http:\/\/blogdalucianaoliveira.com.br\/blog\/wp-json\/wp\/v2\/posts\/20080\/revisions\/20082"}],"wp:attachment":[{"href":"http:\/\/blogdalucianaoliveira.com.br\/blog\/wp-json\/wp\/v2\/media?parent=20080"}],"wp:term":[{"taxonomy":"category","embeddable":true,"href":"http:\/\/blogdalucianaoliveira.com.br\/blog\/wp-json\/wp\/v2\/categories?post=20080"},{"taxonomy":"post_tag","embeddable":true,"href":"http:\/\/blogdalucianaoliveira.com.br\/blog\/wp-json\/wp\/v2\/tags?post=20080"}],"curies":[{"name":"wp","href":"https:\/\/api.w.org\/{rel}","templated":true}]}}