{"id":20083,"date":"2019-01-15T18:57:47","date_gmt":"2019-01-15T22:57:47","guid":{"rendered":"http:\/\/blogdalucianaoliveira.com.br\/blog\/?p=20083"},"modified":"2019-01-15T19:04:32","modified_gmt":"2019-01-15T23:04:32","slug":"o-que-ha-de-novo-em-nomear-mulher-e-ex-mulher-no-governo","status":"publish","type":"post","link":"http:\/\/blogdalucianaoliveira.com.br\/blog\/2019\/01\/15\/o-que-ha-de-novo-em-nomear-mulher-e-ex-mulher-no-governo\/","title":{"rendered":"O QUE H\u00c1 DE NOVO EM NOMEAR MULHER E EX-MULHER NO GOVERNO?"},"content":{"rendered":"<p><img data-recalc-dims=\"1\" loading=\"lazy\" decoding=\"async\" data-attachment-id=\"20084\" data-permalink=\"http:\/\/blogdalucianaoliveira.com.br\/blog\/2019\/01\/15\/o-que-ha-de-novo-em-nomear-mulher-e-ex-mulher-no-governo\/9eb982f0-468f-411e-aed1-deb8f360dbfc\/\" data-orig-file=\"https:\/\/i0.wp.com\/blogdalucianaoliveira.com.br\/blog\/wp-content\/uploads\/2019\/01\/9EB982F0-468F-411E-AED1-DEB8F360DBFC.jpeg?fit=738%2C416\" data-orig-size=\"738,416\" data-comments-opened=\"0\" data-image-meta=\"{&quot;aperture&quot;:&quot;0&quot;,&quot;credit&quot;:&quot;&quot;,&quot;camera&quot;:&quot;&quot;,&quot;caption&quot;:&quot;&quot;,&quot;created_timestamp&quot;:&quot;0&quot;,&quot;copyright&quot;:&quot;&quot;,&quot;focal_length&quot;:&quot;0&quot;,&quot;iso&quot;:&quot;0&quot;,&quot;shutter_speed&quot;:&quot;0&quot;,&quot;title&quot;:&quot;&quot;,&quot;orientation&quot;:&quot;0&quot;}\" data-image-title=\"9EB982F0-468F-411E-AED1-DEB8F360DBFC\" data-image-description=\"\" data-image-caption=\"\" data-medium-file=\"https:\/\/i0.wp.com\/blogdalucianaoliveira.com.br\/blog\/wp-content\/uploads\/2019\/01\/9EB982F0-468F-411E-AED1-DEB8F360DBFC.jpeg?fit=300%2C169\" data-large-file=\"https:\/\/i0.wp.com\/blogdalucianaoliveira.com.br\/blog\/wp-content\/uploads\/2019\/01\/9EB982F0-468F-411E-AED1-DEB8F360DBFC.jpeg?fit=600%2C338\" src=\"https:\/\/i0.wp.com\/blogdalucianaoliveira.com.br\/blog\/wp-content\/uploads\/2019\/01\/9EB982F0-468F-411E-AED1-DEB8F360DBFC.jpeg?resize=600%2C338\" alt=\"9EB982F0-468F-411E-AED1-DEB8F360DBFC\" width=\"600\" height=\"338\" class=\"alignnone size-full wp-image-20084\" srcset=\"https:\/\/i0.wp.com\/blogdalucianaoliveira.com.br\/blog\/wp-content\/uploads\/2019\/01\/9EB982F0-468F-411E-AED1-DEB8F360DBFC.jpeg?w=738 738w, https:\/\/i0.wp.com\/blogdalucianaoliveira.com.br\/blog\/wp-content\/uploads\/2019\/01\/9EB982F0-468F-411E-AED1-DEB8F360DBFC.jpeg?resize=300%2C169 300w, https:\/\/i0.wp.com\/blogdalucianaoliveira.com.br\/blog\/wp-content\/uploads\/2019\/01\/9EB982F0-468F-411E-AED1-DEB8F360DBFC.jpeg?resize=532%2C300 532w\" sizes=\"auto, (max-width: 600px) 100vw, 600px\" \/><\/p>\n<p>A pergunta \u00e9 para quem ajudou a eleger Jair Bolsonaro como presidente e com ele o ignoto Coronel Marcos Rocha governador de Rond\u00f4nia. Em campanha diziam: \u201ceu sou ele, ele sou eu\u201d.<\/p>\n<p>A vontade de renova\u00e7\u00e3o\/mudan\u00e7a foi o principal motivo apontado por entrevistados pela Datafolha \u00e0s v\u00e9speras da elei\u00e7\u00e3o.<\/p>\n<p>Nomear parentes e amigos, todos sabem, \u00e9 pr\u00e1tica antiga, imoral e dif\u00edcil de combater.<!--more--><\/p>\n<p>Os freios n\u00e3o funcionam e a sociedade se acostuma com nomea\u00e7\u00f5es que ignoram o crit\u00e9rio t\u00e9cnico, fundamental ao bom funcionamento da m\u00e1quina administrativa.<\/p>\n<p>E a mudan\u00e7a como fica?<\/p>\n<p>N\u00e3o fica.<\/p>\n<p>Afinad\u00edssimo ideologicamente com Bolsonaro, no primeiro dia do ano o governador de Rond\u00f4nia nomeou a esposa Luana Nunes de Oliveira Santos como Secret\u00e1ria de Estado da Assist\u00eancia e do Desenvolvimento social.<\/p>\n<p><img data-recalc-dims=\"1\" loading=\"lazy\" decoding=\"async\" data-attachment-id=\"20086\" data-permalink=\"http:\/\/blogdalucianaoliveira.com.br\/blog\/2019\/01\/15\/o-que-ha-de-novo-em-nomear-mulher-e-ex-mulher-no-governo\/01a9782c-77d0-46b5-905a-5faee79fa6ff\/\" data-orig-file=\"https:\/\/i0.wp.com\/blogdalucianaoliveira.com.br\/blog\/wp-content\/uploads\/2019\/01\/01A9782C-77D0-46B5-905A-5FAEE79FA6FF.jpeg?fit=1280%2C627\" data-orig-size=\"1280,627\" data-comments-opened=\"0\" data-image-meta=\"{&quot;aperture&quot;:&quot;0&quot;,&quot;credit&quot;:&quot;&quot;,&quot;camera&quot;:&quot;&quot;,&quot;caption&quot;:&quot;&quot;,&quot;created_timestamp&quot;:&quot;0&quot;,&quot;copyright&quot;:&quot;&quot;,&quot;focal_length&quot;:&quot;0&quot;,&quot;iso&quot;:&quot;0&quot;,&quot;shutter_speed&quot;:&quot;0&quot;,&quot;title&quot;:&quot;&quot;,&quot;orientation&quot;:&quot;0&quot;}\" data-image-title=\"01A9782C-77D0-46B5-905A-5FAEE79FA6FF\" data-image-description=\"\" data-image-caption=\"\" data-medium-file=\"https:\/\/i0.wp.com\/blogdalucianaoliveira.com.br\/blog\/wp-content\/uploads\/2019\/01\/01A9782C-77D0-46B5-905A-5FAEE79FA6FF.jpeg?fit=300%2C147\" data-large-file=\"https:\/\/i0.wp.com\/blogdalucianaoliveira.com.br\/blog\/wp-content\/uploads\/2019\/01\/01A9782C-77D0-46B5-905A-5FAEE79FA6FF.jpeg?fit=600%2C294\" src=\"https:\/\/i0.wp.com\/blogdalucianaoliveira.com.br\/blog\/wp-content\/uploads\/2019\/01\/01A9782C-77D0-46B5-905A-5FAEE79FA6FF.jpeg?resize=600%2C294\" alt=\"01A9782C-77D0-46B5-905A-5FAEE79FA6FF\" width=\"600\" height=\"294\" class=\"alignnone size-full wp-image-20086\" srcset=\"https:\/\/i0.wp.com\/blogdalucianaoliveira.com.br\/blog\/wp-content\/uploads\/2019\/01\/01A9782C-77D0-46B5-905A-5FAEE79FA6FF.jpeg?w=1280 1280w, https:\/\/i0.wp.com\/blogdalucianaoliveira.com.br\/blog\/wp-content\/uploads\/2019\/01\/01A9782C-77D0-46B5-905A-5FAEE79FA6FF.jpeg?resize=300%2C147 300w, https:\/\/i0.wp.com\/blogdalucianaoliveira.com.br\/blog\/wp-content\/uploads\/2019\/01\/01A9782C-77D0-46B5-905A-5FAEE79FA6FF.jpeg?resize=768%2C376 768w, https:\/\/i0.wp.com\/blogdalucianaoliveira.com.br\/blog\/wp-content\/uploads\/2019\/01\/01A9782C-77D0-46B5-905A-5FAEE79FA6FF.jpeg?resize=1024%2C502 1024w, https:\/\/i0.wp.com\/blogdalucianaoliveira.com.br\/blog\/wp-content\/uploads\/2019\/01\/01A9782C-77D0-46B5-905A-5FAEE79FA6FF.jpeg?resize=612%2C300 612w, https:\/\/i0.wp.com\/blogdalucianaoliveira.com.br\/blog\/wp-content\/uploads\/2019\/01\/01A9782C-77D0-46B5-905A-5FAEE79FA6FF.jpeg?w=1200 1200w\" sizes=\"auto, (max-width: 600px) 100vw, 600px\" \/><\/p>\n<p>\u00c9 costume, dizem por a\u00ed.<\/p>\n<p>No \u00faltimo dia 11, Marcos Rocha nomeou tamb\u00e9m a ex-mulher, Irani Marques de Albuquerque como diretora adjunta da Policl\u00ednica Oswaldo Cruz.<\/p>\n<p><img data-recalc-dims=\"1\" loading=\"lazy\" decoding=\"async\" data-attachment-id=\"20085\" data-permalink=\"http:\/\/blogdalucianaoliveira.com.br\/blog\/2019\/01\/15\/o-que-ha-de-novo-em-nomear-mulher-e-ex-mulher-no-governo\/f986365d-f723-4bb0-a97c-0ab7ff0905af\/\" data-orig-file=\"https:\/\/i0.wp.com\/blogdalucianaoliveira.com.br\/blog\/wp-content\/uploads\/2019\/01\/F986365D-F723-4BB0-A97C-0AB7FF0905AF.jpeg?fit=766%2C238\" data-orig-size=\"766,238\" data-comments-opened=\"0\" data-image-meta=\"{&quot;aperture&quot;:&quot;0&quot;,&quot;credit&quot;:&quot;&quot;,&quot;camera&quot;:&quot;&quot;,&quot;caption&quot;:&quot;&quot;,&quot;created_timestamp&quot;:&quot;0&quot;,&quot;copyright&quot;:&quot;&quot;,&quot;focal_length&quot;:&quot;0&quot;,&quot;iso&quot;:&quot;0&quot;,&quot;shutter_speed&quot;:&quot;0&quot;,&quot;title&quot;:&quot;&quot;,&quot;orientation&quot;:&quot;0&quot;}\" data-image-title=\"F986365D-F723-4BB0-A97C-0AB7FF0905AF\" data-image-description=\"\" data-image-caption=\"\" data-medium-file=\"https:\/\/i0.wp.com\/blogdalucianaoliveira.com.br\/blog\/wp-content\/uploads\/2019\/01\/F986365D-F723-4BB0-A97C-0AB7FF0905AF.jpeg?fit=300%2C93\" data-large-file=\"https:\/\/i0.wp.com\/blogdalucianaoliveira.com.br\/blog\/wp-content\/uploads\/2019\/01\/F986365D-F723-4BB0-A97C-0AB7FF0905AF.jpeg?fit=600%2C186\" src=\"https:\/\/i0.wp.com\/blogdalucianaoliveira.com.br\/blog\/wp-content\/uploads\/2019\/01\/F986365D-F723-4BB0-A97C-0AB7FF0905AF.jpeg?resize=600%2C186\" alt=\"F986365D-F723-4BB0-A97C-0AB7FF0905AF\" width=\"600\" height=\"186\" class=\"alignnone size-full wp-image-20085\" srcset=\"https:\/\/i0.wp.com\/blogdalucianaoliveira.com.br\/blog\/wp-content\/uploads\/2019\/01\/F986365D-F723-4BB0-A97C-0AB7FF0905AF.jpeg?w=766 766w, https:\/\/i0.wp.com\/blogdalucianaoliveira.com.br\/blog\/wp-content\/uploads\/2019\/01\/F986365D-F723-4BB0-A97C-0AB7FF0905AF.jpeg?resize=300%2C93 300w\" sizes=\"auto, (max-width: 600px) 100vw, 600px\" \/><\/p>\n<p>Ela tem um filho com o coronel da reserva da Pol\u00edcia Militar e este blog confirmou por meio de dados da justi\u00e7a eleitoral.<\/p>\n<p><img data-recalc-dims=\"1\" loading=\"lazy\" decoding=\"async\" data-attachment-id=\"20087\" data-permalink=\"http:\/\/blogdalucianaoliveira.com.br\/blog\/2019\/01\/15\/o-que-ha-de-novo-em-nomear-mulher-e-ex-mulher-no-governo\/0bef57eb-3734-451d-a067-8ac8873278ab\/\" data-orig-file=\"https:\/\/i0.wp.com\/blogdalucianaoliveira.com.br\/blog\/wp-content\/uploads\/2019\/01\/0BEF57EB-3734-451D-A067-8AC8873278AB.jpeg?fit=942%2C170\" data-orig-size=\"942,170\" data-comments-opened=\"0\" data-image-meta=\"{&quot;aperture&quot;:&quot;0&quot;,&quot;credit&quot;:&quot;&quot;,&quot;camera&quot;:&quot;&quot;,&quot;caption&quot;:&quot;&quot;,&quot;created_timestamp&quot;:&quot;0&quot;,&quot;copyright&quot;:&quot;&quot;,&quot;focal_length&quot;:&quot;0&quot;,&quot;iso&quot;:&quot;0&quot;,&quot;shutter_speed&quot;:&quot;0&quot;,&quot;title&quot;:&quot;&quot;,&quot;orientation&quot;:&quot;0&quot;}\" data-image-title=\"0BEF57EB-3734-451D-A067-8AC8873278AB\" data-image-description=\"\" data-image-caption=\"\" data-medium-file=\"https:\/\/i0.wp.com\/blogdalucianaoliveira.com.br\/blog\/wp-content\/uploads\/2019\/01\/0BEF57EB-3734-451D-A067-8AC8873278AB.jpeg?fit=300%2C54\" data-large-file=\"https:\/\/i0.wp.com\/blogdalucianaoliveira.com.br\/blog\/wp-content\/uploads\/2019\/01\/0BEF57EB-3734-451D-A067-8AC8873278AB.jpeg?fit=600%2C108\" src=\"https:\/\/i0.wp.com\/blogdalucianaoliveira.com.br\/blog\/wp-content\/uploads\/2019\/01\/0BEF57EB-3734-451D-A067-8AC8873278AB.jpeg?resize=600%2C108\" alt=\"0BEF57EB-3734-451D-A067-8AC8873278AB\" width=\"600\" height=\"108\" class=\"alignnone size-full wp-image-20087\" srcset=\"https:\/\/i0.wp.com\/blogdalucianaoliveira.com.br\/blog\/wp-content\/uploads\/2019\/01\/0BEF57EB-3734-451D-A067-8AC8873278AB.jpeg?w=942 942w, https:\/\/i0.wp.com\/blogdalucianaoliveira.com.br\/blog\/wp-content\/uploads\/2019\/01\/0BEF57EB-3734-451D-A067-8AC8873278AB.jpeg?resize=300%2C54 300w, https:\/\/i0.wp.com\/blogdalucianaoliveira.com.br\/blog\/wp-content\/uploads\/2019\/01\/0BEF57EB-3734-451D-A067-8AC8873278AB.jpeg?resize=768%2C139 768w, https:\/\/i0.wp.com\/blogdalucianaoliveira.com.br\/blog\/wp-content\/uploads\/2019\/01\/0BEF57EB-3734-451D-A067-8AC8873278AB.jpeg?resize=800%2C144 800w\" sizes=\"auto, (max-width: 600px) 100vw, 600px\" \/><\/p>\n<p>Quando Bolsonaro anunciou numa rede social o amigo Carlos Victor Guerra Nagem para o cargo de gerente-executivo de Intelig\u00eancia e Seguran\u00e7a Corporativa da Petrobras, escreveu e apagou que &#8220;a era do indicado sem capacita\u00e7\u00e3o t\u00e9cnica acabou&#8221;.<\/p>\n<p>Depois, tirou onda com os que esperavam o que o presidente prometeu em campanha: \u201cPe\u00e7o desculpas \u00e0 (sic) grande parte da imprensa por n\u00e3o estar indicando inimigos para postos em meu governo!&#8221;<\/p>\n<p>Michele Bolsonaro, mulher do presidente emplacou a amiga, Priscila Gaspar, na Secretaria Nacional da Pessoa com Defici\u00eancia, subordinada ao Minist\u00e9rio dos Direitos Humanos.<\/p>\n<p>Nomear amigo j\u00e1 rendeu a maior dor de cabe\u00e7a de in\u00edcio de mandato presidencial que se tem not\u00edcia.<\/p>\n<p>A sociedade cobra explica\u00e7\u00f5es de Fabr\u00edcio Queiroz,  ex-assessor do senador eleito Fl\u00e1vio Bolsonaro (PSL-RJ) na Assembleia Legislativa do Rio de Janeiro (Alerj), que segundo o Coaf movimentou de forma suspeita R$ 1,2 milh\u00e3o em sua conta.<\/p>\n<p>At\u00e9 dinheiro ele depositou na conta da mulher de Bolsonaro, R$ 24 mil.<\/p>\n<p>O presidente se limitou a dizer que emprestava dinheiro pra Fabr\u00edcio e que apenas \u201csabia que ele fazia rolo\u201d.<\/p>\n<p>Queiroz n\u00e3o se explicou at\u00e9 hoje, se diz impossibilitado de prestar depoimento formal, apesar de ter sido flagrado dan\u00e7ando em v\u00eddeo no hospital que est\u00e1 internado.<\/p>\n<p>A filha dele, Nathalia Melo de Queiroz, que at\u00e9 novembro de 2018 esteve lotada no gabinete de Jair Bolsonaro tamb\u00e9m n\u00e3o prestou depoimento.<\/p>\n<p>Nathalia era conhecida como \u2018personal trainer\u2019 no Rio de Janeiro, mas teve presen\u00e7a integral atestada durante os dois anos em que esteve lotada no gabinete de Jair Bolsonaro como deputado.<\/p>\n<p>Coisa de amigo, j\u00e1 que n\u00e3o tem l\u00f3gica assessoria parlamentar em academia.<\/p>\n<p>Nomea\u00e7\u00f5es por crit\u00e9rio de amizade e mais ainda por parentesco, desafiam a moralidade p\u00fablica.<\/p>\n<p>Nomeou porque \u00e9 amigo, filha do amigo, mulher e ex-mulher.<\/p>\n<p>E n\u00e3o tem nada de \u2018novo\u2019 nisso.<\/p>\n<p>Tomara que Marcos Rocha n\u00e3o venha a dizer que os problemas de Bolsonaro por nomear pessoas pr\u00f3ximas s\u00e3o dele e vice-versa.<\/p>\n<p>Por bom senso, melhor j\u00e1 ir se acostumando \u00e0s cobran\u00e7as do desempenho da mulher e da ex-mulher nas fun\u00e7\u00f5es que foram nomeadas. <\/p>\n","protected":false},"excerpt":{"rendered":"<p>A pergunta \u00e9 para quem ajudou a eleger Jair Bolsonaro como presidente e com ele o ignoto Coronel Marcos Rocha governador de Rond\u00f4nia. Em campanha diziam: \u201ceu sou ele, ele sou eu\u201d. A vontade de renova\u00e7\u00e3o\/mudan\u00e7a foi o principal motivo apontado por entrevistados pela Datafolha \u00e0s v\u00e9speras da elei\u00e7\u00e3o. Nomear parentes e amigos, todos sabem,&#8230;<a class=\"more-link\" href=\"http:\/\/blogdalucianaoliveira.com.br\/blog\/2019\/01\/15\/o-que-ha-de-novo-em-nomear-mulher-e-ex-mulher-no-governo\/\">Continue a leitura <span class=\"meta-nav\">&raquo;<\/span><\/a><\/p>\n","protected":false},"author":1,"featured_media":0,"comment_status":"closed","ping_status":"open","sticky":false,"template":"","format":"standard","meta":{"_exactmetrics_skip_tracking":false,"_exactmetrics_sitenote_active":false,"_exactmetrics_sitenote_note":"","_exactmetrics_sitenote_category":0,"jetpack_post_was_ever_published":false,"_jetpack_newsletter_access":"","_jetpack_dont_email_post_to_subs":false,"_jetpack_newsletter_tier_id":0,"_jetpack_memberships_contains_paywalled_content":false,"_jetpack_memberships_contains_paid_content":false,"footnotes":"","jetpack_publicize_message":"","jetpack_publicize_feature_enabled":true,"jetpack_social_post_already_shared":true,"jetpack_social_options":{"image_generator_settings":{"template":"highway","enabled":false},"version":2}},"categories":[1],"tags":[],"class_list":["post-20083","post","type-post","status-publish","format-standard","hentry","category-notas"],"jetpack_publicize_connections":[],"jetpack_sharing_enabled":true,"jetpack_featured_media_url":"","jetpack_shortlink":"https:\/\/wp.me\/p7wKYW-5dV","jetpack-related-posts":[],"_links":{"self":[{"href":"http:\/\/blogdalucianaoliveira.com.br\/blog\/wp-json\/wp\/v2\/posts\/20083","targetHints":{"allow":["GET"]}}],"collection":[{"href":"http:\/\/blogdalucianaoliveira.com.br\/blog\/wp-json\/wp\/v2\/posts"}],"about":[{"href":"http:\/\/blogdalucianaoliveira.com.br\/blog\/wp-json\/wp\/v2\/types\/post"}],"author":[{"embeddable":true,"href":"http:\/\/blogdalucianaoliveira.com.br\/blog\/wp-json\/wp\/v2\/users\/1"}],"replies":[{"embeddable":true,"href":"http:\/\/blogdalucianaoliveira.com.br\/blog\/wp-json\/wp\/v2\/comments?post=20083"}],"version-history":[{"count":5,"href":"http:\/\/blogdalucianaoliveira.com.br\/blog\/wp-json\/wp\/v2\/posts\/20083\/revisions"}],"predecessor-version":[{"id":20092,"href":"http:\/\/blogdalucianaoliveira.com.br\/blog\/wp-json\/wp\/v2\/posts\/20083\/revisions\/20092"}],"wp:attachment":[{"href":"http:\/\/blogdalucianaoliveira.com.br\/blog\/wp-json\/wp\/v2\/media?parent=20083"}],"wp:term":[{"taxonomy":"category","embeddable":true,"href":"http:\/\/blogdalucianaoliveira.com.br\/blog\/wp-json\/wp\/v2\/categories?post=20083"},{"taxonomy":"post_tag","embeddable":true,"href":"http:\/\/blogdalucianaoliveira.com.br\/blog\/wp-json\/wp\/v2\/tags?post=20083"}],"curies":[{"name":"wp","href":"https:\/\/api.w.org\/{rel}","templated":true}]}}