{"id":20093,"date":"2019-01-15T20:43:00","date_gmt":"2019-01-16T00:43:00","guid":{"rendered":"http:\/\/blogdalucianaoliveira.com.br\/blog\/?p=20093"},"modified":"2019-01-15T20:43:00","modified_gmt":"2019-01-16T00:43:00","slug":"unir-integra-gabinete-de-crise-para-monitorar-invasoes-em-areas-indigenas","status":"publish","type":"post","link":"http:\/\/blogdalucianaoliveira.com.br\/blog\/2019\/01\/15\/unir-integra-gabinete-de-crise-para-monitorar-invasoes-em-areas-indigenas\/","title":{"rendered":"UNIR integra gabinete de crise para monitorar invas\u00f5es em \u00e1reas ind\u00edgenas"},"content":{"rendered":"<p><img data-recalc-dims=\"1\" loading=\"lazy\" decoding=\"async\" data-attachment-id=\"20094\" data-permalink=\"http:\/\/blogdalucianaoliveira.com.br\/blog\/2019\/01\/15\/unir-integra-gabinete-de-crise-para-monitorar-invasoes-em-areas-indigenas\/240f9782-2481-4491-84fd-faa664caedbc\/\" data-orig-file=\"https:\/\/i0.wp.com\/blogdalucianaoliveira.com.br\/blog\/wp-content\/uploads\/2019\/01\/240F9782-2481-4491-84FD-FAA664CAEDBC.jpeg?fit=640%2C426\" data-orig-size=\"640,426\" data-comments-opened=\"0\" data-image-meta=\"{&quot;aperture&quot;:&quot;0&quot;,&quot;credit&quot;:&quot;&quot;,&quot;camera&quot;:&quot;&quot;,&quot;caption&quot;:&quot;&quot;,&quot;created_timestamp&quot;:&quot;0&quot;,&quot;copyright&quot;:&quot;&quot;,&quot;focal_length&quot;:&quot;0&quot;,&quot;iso&quot;:&quot;0&quot;,&quot;shutter_speed&quot;:&quot;0&quot;,&quot;title&quot;:&quot;&quot;,&quot;orientation&quot;:&quot;0&quot;}\" data-image-title=\"240F9782-2481-4491-84FD-FAA664CAEDBC\" data-image-description=\"\" data-image-caption=\"\" data-medium-file=\"https:\/\/i0.wp.com\/blogdalucianaoliveira.com.br\/blog\/wp-content\/uploads\/2019\/01\/240F9782-2481-4491-84FD-FAA664CAEDBC.jpeg?fit=300%2C200\" data-large-file=\"https:\/\/i0.wp.com\/blogdalucianaoliveira.com.br\/blog\/wp-content\/uploads\/2019\/01\/240F9782-2481-4491-84FD-FAA664CAEDBC.jpeg?fit=600%2C399\" src=\"https:\/\/i0.wp.com\/blogdalucianaoliveira.com.br\/blog\/wp-content\/uploads\/2019\/01\/240F9782-2481-4491-84FD-FAA664CAEDBC.jpeg?resize=600%2C399\" alt=\"240F9782-2481-4491-84FD-FAA664CAEDBC\" width=\"600\" height=\"399\" class=\"alignnone size-full wp-image-20094\" srcset=\"https:\/\/i0.wp.com\/blogdalucianaoliveira.com.br\/blog\/wp-content\/uploads\/2019\/01\/240F9782-2481-4491-84FD-FAA664CAEDBC.jpeg?w=640 640w, https:\/\/i0.wp.com\/blogdalucianaoliveira.com.br\/blog\/wp-content\/uploads\/2019\/01\/240F9782-2481-4491-84FD-FAA664CAEDBC.jpeg?resize=300%2C200 300w, https:\/\/i0.wp.com\/blogdalucianaoliveira.com.br\/blog\/wp-content\/uploads\/2019\/01\/240F9782-2481-4491-84FD-FAA664CAEDBC.jpeg?resize=451%2C300 451w\" sizes=\"auto, (max-width: 600px) 100vw, 600px\" \/><\/p>\n<p>ROND\u00d4NIA &#8211; Detentora de um amplo conhecimento da realidade vivida pelas comunidades ind\u00edgenas, acumulado desde a implanta\u00e7\u00e3o em 1998 do Programa de Forma\u00e7\u00e3o de Professores Ind\u00edgenas, denominado Projeto A\u00e7a\u00ed, e em 2006 do curso de licenciatura intercultural no campus de Ji-Paran\u00e1, a Funda\u00e7\u00e3o Universidade Federal de Rond\u00f4nia (UNIR) \u00e9 uma das part\u00edcipes da uni\u00e3o de esfor\u00e7os institucionais promovida pelo Minist\u00e9rio P\u00fablico da Uni\u00e3o (MPU) visando \u00e0 supera\u00e7\u00e3o da crise decorrente da presen\u00e7a de invasores na \u00e1rea ind\u00edgena Uru-Eu-Wau-Wau.<!--more--><\/p>\n<p>Recentemente foi not\u00edcia em rede nacional de televis\u00e3o a presen\u00e7a de cerca de quarenta posseiros, todos armados, dispostos \u00e0 ocupa\u00e7\u00e3o da \u00e1rea ind\u00edgena, gerando a imin\u00eancia de um conflito, uma vez que os \u00edndios se mostram dispostos a enfrent\u00e1-los. <\/p>\n<p>Foi para solucionar essa crise, que o procurador da Rep\u00fablica Daniel Azevedo L\u00f4bo, chefe do MPU em Rond\u00f4nia, conclamou institui\u00e7\u00f5es como a UNIR, a se\u00e7\u00e3o rondoniense da Ordem dos Advogados do Brasil e a Pol\u00edcia Federal, dentre outras, a uma reuni\u00e3o realizada nessa segunda-feira, 14, na qual a UNIR foi representada pelo professor do Departamento de Ci\u00eancias Jur\u00eddicas (DCJ) e advogado do N\u00facleo de Pr\u00e1tica Jur\u00eddica (NPJ) Gustavo Dandolini, por indica\u00e7\u00e3o do vice-reitor no exerc\u00edcio da reitoria, professor doutor Marcelo Vergotti, entendendo que todos os esfor\u00e7os poss\u00edveis devem ser implementados para que n\u00e3o haja nenhum tipo de enfrentamento armado entre ind\u00edgenas e posseiros, com a resolu\u00e7\u00e3o da crise de maneira pac\u00edfica.<\/p>\n<p>De acordo com as informa\u00e7\u00f5es trazidas \u00e0 reuni\u00e3o, os \u00edndios falam em reagir, havendo assim a amea\u00e7a de conflito. A proposta \u00e9 de que as institui\u00e7\u00f5es atuem conjuntamente, assegurando n\u00e3o apenas que o conflito armado seja evitado, mas tamb\u00e9m que se construa uma solu\u00e7\u00e3o efetiva para o problema. O procurador da Rep\u00fablica Daniel L\u00f4bo afirmou que vai ver se consegue o apoio do Governo do Estado, para que a Pol\u00edcia Militar apoie a Pol\u00edcia Federal, j\u00e1 que esta n\u00e3o conta com efetivo suficiente para a\u00e7\u00f5es dessa natureza.<\/p>\n<p>Al\u00e9m da dirigente da Associa\u00e7\u00e3o de Defesa Etnoambiental Kanind\u00e9, Ivaneide Bandeira, e de l\u00edderes da etnia Uru-Eu-Wau-Wau, tamb\u00e9m se fizeram presentes representantes dos caritianas e o caripunas, tendo sido abordados os problemas vividos, em um contexto bastante semelhante, em face da invas\u00e3o das respectivas \u00e1reas ind\u00edgenas por madeireiros e outros exploradores ilegais dos recursos naturais encontrados nessas por\u00e7\u00f5es territoriais, bem como os interessados em implantar novas \u00e1reas de expans\u00e3o da pecu\u00e1ria e da sojicultura.<\/p>\n<p>Os \u00edndios Uru-Eu-Wau-Wau relataram que os invasores se encontram armados e t\u00eam feito seguidas amea\u00e7as ao cacique e outras lideran\u00e7as. Um aspecto ressaltado foi o fato de que \u00e9 a primeira vez que uma a\u00e7\u00e3o de invas\u00e3o de terra ind\u00edgena e operada de forma t\u00e3o ostensiva, j\u00e1 que de outras vezes os invasores sempre agiram adentrando a \u00e1rea onde seus limites n\u00e3o s\u00e3o muito n\u00edtidos. Desta vez est\u00e3o sendo mais ousados, posicionando seus acampamentos pr\u00f3ximo ao local em que se encontra a placa com a identifica\u00e7\u00e3o da \u00e1rea.<\/p>\n","protected":false},"excerpt":{"rendered":"<p>ROND\u00d4NIA &#8211; Detentora de um amplo conhecimento da realidade vivida pelas comunidades ind\u00edgenas, acumulado desde a implanta\u00e7\u00e3o em 1998 do Programa de Forma\u00e7\u00e3o de Professores Ind\u00edgenas, denominado Projeto A\u00e7a\u00ed, e em 2006 do curso de licenciatura intercultural no campus de Ji-Paran\u00e1, a Funda\u00e7\u00e3o Universidade Federal de Rond\u00f4nia (UNIR) \u00e9 uma das part\u00edcipes da uni\u00e3o de&#8230;<a class=\"more-link\" href=\"http:\/\/blogdalucianaoliveira.com.br\/blog\/2019\/01\/15\/unir-integra-gabinete-de-crise-para-monitorar-invasoes-em-areas-indigenas\/\">Continue a leitura <span class=\"meta-nav\">&raquo;<\/span><\/a><\/p>\n","protected":false},"author":1,"featured_media":0,"comment_status":"closed","ping_status":"open","sticky":false,"template":"","format":"standard","meta":{"_exactmetrics_skip_tracking":false,"_exactmetrics_sitenote_active":false,"_exactmetrics_sitenote_note":"","_exactmetrics_sitenote_category":0,"jetpack_post_was_ever_published":false,"_jetpack_newsletter_access":"","_jetpack_dont_email_post_to_subs":false,"_jetpack_newsletter_tier_id":0,"_jetpack_memberships_contains_paywalled_content":false,"_jetpack_memberships_contains_paid_content":false,"footnotes":"","jetpack_publicize_message":"","jetpack_publicize_feature_enabled":true,"jetpack_social_post_already_shared":true,"jetpack_social_options":{"image_generator_settings":{"template":"highway","enabled":false},"version":2}},"categories":[1],"tags":[],"class_list":["post-20093","post","type-post","status-publish","format-standard","hentry","category-notas"],"jetpack_publicize_connections":[],"jetpack_sharing_enabled":true,"jetpack_featured_media_url":"","jetpack_shortlink":"https:\/\/wp.me\/p7wKYW-5e5","jetpack-related-posts":[],"_links":{"self":[{"href":"http:\/\/blogdalucianaoliveira.com.br\/blog\/wp-json\/wp\/v2\/posts\/20093","targetHints":{"allow":["GET"]}}],"collection":[{"href":"http:\/\/blogdalucianaoliveira.com.br\/blog\/wp-json\/wp\/v2\/posts"}],"about":[{"href":"http:\/\/blogdalucianaoliveira.com.br\/blog\/wp-json\/wp\/v2\/types\/post"}],"author":[{"embeddable":true,"href":"http:\/\/blogdalucianaoliveira.com.br\/blog\/wp-json\/wp\/v2\/users\/1"}],"replies":[{"embeddable":true,"href":"http:\/\/blogdalucianaoliveira.com.br\/blog\/wp-json\/wp\/v2\/comments?post=20093"}],"version-history":[{"count":1,"href":"http:\/\/blogdalucianaoliveira.com.br\/blog\/wp-json\/wp\/v2\/posts\/20093\/revisions"}],"predecessor-version":[{"id":20095,"href":"http:\/\/blogdalucianaoliveira.com.br\/blog\/wp-json\/wp\/v2\/posts\/20093\/revisions\/20095"}],"wp:attachment":[{"href":"http:\/\/blogdalucianaoliveira.com.br\/blog\/wp-json\/wp\/v2\/media?parent=20093"}],"wp:term":[{"taxonomy":"category","embeddable":true,"href":"http:\/\/blogdalucianaoliveira.com.br\/blog\/wp-json\/wp\/v2\/categories?post=20093"},{"taxonomy":"post_tag","embeddable":true,"href":"http:\/\/blogdalucianaoliveira.com.br\/blog\/wp-json\/wp\/v2\/tags?post=20093"}],"curies":[{"name":"wp","href":"https:\/\/api.w.org\/{rel}","templated":true}]}}