{"id":20096,"date":"2019-01-16T09:17:03","date_gmt":"2019-01-16T13:17:03","guid":{"rendered":"http:\/\/blogdalucianaoliveira.com.br\/blog\/?p=20096"},"modified":"2019-01-16T09:17:03","modified_gmt":"2019-01-16T13:17:03","slug":"estatuto-do-desarmamento-salvou-160-000-vidas-calcula-estudo","status":"publish","type":"post","link":"http:\/\/blogdalucianaoliveira.com.br\/blog\/2019\/01\/16\/estatuto-do-desarmamento-salvou-160-000-vidas-calcula-estudo\/","title":{"rendered":"Estatuto do Desarmamento salvou 160.000 vidas, calcula estudo"},"content":{"rendered":"<p><img data-recalc-dims=\"1\" loading=\"lazy\" decoding=\"async\" data-attachment-id=\"20097\" data-permalink=\"http:\/\/blogdalucianaoliveira.com.br\/blog\/2019\/01\/16\/estatuto-do-desarmamento-salvou-160-000-vidas-calcula-estudo\/ar-2\/\" data-orig-file=\"https:\/\/i0.wp.com\/blogdalucianaoliveira.com.br\/blog\/wp-content\/uploads\/2019\/01\/AR.jpg?fit=560%2C383\" data-orig-size=\"560,383\" data-comments-opened=\"0\" data-image-meta=\"{&quot;aperture&quot;:&quot;0&quot;,&quot;credit&quot;:&quot;&quot;,&quot;camera&quot;:&quot;&quot;,&quot;caption&quot;:&quot;&quot;,&quot;created_timestamp&quot;:&quot;0&quot;,&quot;copyright&quot;:&quot;&quot;,&quot;focal_length&quot;:&quot;0&quot;,&quot;iso&quot;:&quot;0&quot;,&quot;shutter_speed&quot;:&quot;0&quot;,&quot;title&quot;:&quot;&quot;,&quot;orientation&quot;:&quot;0&quot;}\" data-image-title=\"AR\" data-image-description=\"\" data-image-caption=\"\" data-medium-file=\"https:\/\/i0.wp.com\/blogdalucianaoliveira.com.br\/blog\/wp-content\/uploads\/2019\/01\/AR.jpg?fit=300%2C205\" data-large-file=\"https:\/\/i0.wp.com\/blogdalucianaoliveira.com.br\/blog\/wp-content\/uploads\/2019\/01\/AR.jpg?fit=560%2C383\" class=\"alignnone size-full wp-image-20097\" src=\"https:\/\/i0.wp.com\/blogdalucianaoliveira.com.br\/blog\/wp-content\/uploads\/2019\/01\/AR.jpg?resize=560%2C383\" alt=\"AR\" width=\"560\" height=\"383\" srcset=\"https:\/\/i0.wp.com\/blogdalucianaoliveira.com.br\/blog\/wp-content\/uploads\/2019\/01\/AR.jpg?w=560 560w, https:\/\/i0.wp.com\/blogdalucianaoliveira.com.br\/blog\/wp-content\/uploads\/2019\/01\/AR.jpg?resize=300%2C205 300w, https:\/\/i0.wp.com\/blogdalucianaoliveira.com.br\/blog\/wp-content\/uploads\/2019\/01\/AR.jpg?resize=439%2C300 439w\" sizes=\"auto, (max-width: 560px) 100vw, 560px\" \/><\/p>\n<p>Lei que pode ser derrubada pela C\u00e2mara dos Deputados poupou a vida de 113.071 jovens<!--more--><\/p>\n<p>No El Pa\u00eds<\/p>\n<p>Enquanto na C\u00e2mara dos Deputados parlamentares ligados \u00e0 bancada da bala discutem um projeto de lei que pretende acabar com o Estatuto do Desarmamento, o Mapa da Viol\u00eancia 2015 defende a import\u00e2ncia da lei na redu\u00e7\u00e3o das mortes com arma de fogo. De acordo com o relat\u00f3rio, que ser\u00e1 divulgado nesta quinta-feira, o Estatuto foi respons\u00e1vel por poupar 160.036 vidas desde sua san\u00e7\u00e3o pelo presidente Lula, em 2003 &#8211; o equivalente \u00e0 popula\u00e7\u00e3o de uma cidade de m\u00e9dio porte como Nil\u00f3polis, no Rio de Janeiro, ou Itapecerica da Serra, em S\u00e3o Paulo. Desde total de pessoas salvas, o estudo indica que 113.071 foram jovens na faixa et\u00e1ria entre 15 e 29 anos.<\/p>\n<p>Entre 1993 e 2003 os homic\u00eddios com arma de fogo cresceram 7,8% ao ano, at\u00e9 atingir 36.115 mortes. Seguindo esta progress\u00e3o, dever\u00edamos ter registrado em 2012 \u2013 \u00faltimo ano com dados do Minist\u00e9rio da Sa\u00fade dispon\u00edveis \u2013 71.118 v\u00edtimas fatais de disparos. \u201cMas foram registradas 40.077 mortes. S\u00f3 nesse ano foram poupadas 31.041 vidas\u201d, diz o relat\u00f3rio, que conclui destacando a import\u00e2ncia do \u201ccar\u00e1ter preventivo das pol\u00edticas de controle das armas de fogo no enfrentamento dos homic\u00eddios juvenis\u201d.<\/p>\n<p>Mas segundo o\u00a0<a href=\"https:\/\/brasil.elpais.com\/brasil\/2015\/05\/13\/politica\/1431542397_442042.html\">Mapa da Viol\u00eancia<\/a>, o\u00a0<a href=\"https:\/\/brasil.elpais.com\/tag\/estatuto_desarmamento_brasil\/a\/\">Estatuto do Desarmamento<\/a>\u00a0sozinho n\u00e3o basta para combater as mortes no pa\u00eds \u2013 que ocupa a 11\u00aa posi\u00e7\u00e3o no ranking dos mais violentos do mundo. \u201cFalta ainda uma s\u00e9rie de reformas necess\u00e1rias, como a reforma do c\u00f3digo penal, das institui\u00e7\u00f5es policiais e do sistema prisional\u201d, diz o relat\u00f3rio. O texto aponta ainda que o \u201cenfrentamento \u00e0 impunidade\u201d e \u00e0s \u201ctransgress\u00f5es institucionais de diversos organismos encarregados de fazer cumprir as leis\u201d tamb\u00e9m s\u00e3o fundamentais para a redu\u00e7\u00e3o da viol\u00eancia. De cada treze pessoas mortas por dia em S\u00e3o Paulo no ano de 2014,\u00a0<a href=\"https:\/\/brasil.elpais.com\/brasil\/2015\/02\/08\/actualidad\/1423420968_579150.html\">duas foram v\u00edtimas da pol\u00edcia<\/a>.<\/p>\n<p>\u201cQuando houve campanha de desarmamento para valer, em 2004 e 2005, as estat\u00edsticas come\u00e7aram a baixar\u201d, explica Julio Jacobo, coordenador do estudo. De acordo com ele, nestes dois anos \u201cforam recolhidas mais de 500.000 armas, e o impacto no n\u00famero de mortes foi enorme&#8221;. Nos anos seguintes, segundo ele, n\u00e3o houve mais mobiliza\u00e7\u00e3o nacional e incentivo \u00e0 campanha de recolhimento de armas \u2013 apenas 200.000 foram entregues em 2006 e 2007 -, e o resultado foi um pequeno crescimento no n\u00famero de homic\u00eddios. Estima-se que o pa\u00eds tenha 16 milh\u00f5es de armas em circula\u00e7\u00e3o.<\/p>\n<section id=\"sumario_2|foto\" class=\"sumario_foto izquierda\"><a name=\"sumario_2\"><\/a><\/p>\n<div class=\"sumario__interior\">\n<figure class=\"foto foto_w300\"><a class=\"enlace\"><img data-recalc-dims=\"1\" loading=\"lazy\" decoding=\"async\" src=\"https:\/\/i0.wp.com\/ep01.epimg.net\/brasil\/imagenes\/2015\/05\/13\/politica\/1431545595_563619_1431556474_sumario_normal.jpg?resize=300%2C160&#038;ssl=1\" alt=\"A linha vermelha mostra a curva dos homic\u00eddios entre 1993 e 2012, enquanto que a verde \u00e9 a evolu\u00e7\u00e3o esperada caso n\u00e3o houvesse o Estatuto do Desarmamento.\" width=\"300\" height=\"160\" \/><span class=\"boton_ampliar\">ampliar foto<\/span><\/a><figcaption class=\"foto-pie\"><span class=\"foto-texto\">A linha vermelha mostra a curva dos homic\u00eddios entre 1993 e 2012, enquanto que a verde \u00e9 a evolu\u00e7\u00e3o esperada caso n\u00e3o houvesse o Estatuto do Desarmamento.<\/span>\u00a0<span class=\"foto-firma\"><span class=\"foto-autor\">MAPA DA VIOL\u00caNCIA<\/span><\/span><\/figcaption><\/figure>\n<div class=\"sumario-texto\"><\/div>\n<\/div>\n<\/section>\n<p>Jacobo afirma que a maioria dos homic\u00eddios do pa\u00eds s\u00e3o motivados por brigas entre vizinhos, parentes, acidentes de tr\u00e2nsito, ou seja, motivos f\u00fateis, crime cultural\u201d. Mortes provocadas por criminosos &#8220;na maioria das unidades da federa\u00e7\u00e3o s\u00e3o a minoria&#8221;. Segundo o professor, a \u201ccultura da viol\u00eancia somada \u00e0s armas de fogo \u00e9 uma mistura explosiva\u201d.<\/p>\n<p>\u201cCom exce\u00e7\u00e3o do Estatuto do Desarmamento temos poucas pol\u00edticas nacionais de seguran\u00e7a p\u00fablica\u201d, diz Ign\u00e1cio Cano, da Universidade Estadual do Rio de Janeiro e pesquisador do Laborat\u00f3rio de Estudos da Viol\u00eancia. De acordo com ele, o Estatuto \u201ccumpre um papel importante sinalizando que as armas de fogo s\u00e3o um vetor da viol\u00eancia\u201d. O professor ressalta ainda que este tipo de armamento \u201cmultiplica os efeitos letais dos conflitos\u201d. \u201cExiste um consenso praticamente universal na comunidade acad\u00eamica com rela\u00e7\u00e3o a isso. As exce\u00e7\u00f5es s\u00e3o trabalhos espor\u00e1dicos financiados por empresas de armas\u201d, diz.<\/p>\n<h3>Nas m\u00e3os de seus inimigos<\/h3>\n<p>A comiss\u00e3o especial que analisar\u00e1 um projeto que acaba com a lei que acaba com o Estatuto \u00e9 comandada por deputados da\u00a0<a href=\"https:\/\/brasil.elpais.com\/brasil\/2015\/04\/22\/politica\/1429728000_635649.html\">frente parlamentar pela Seguran\u00e7a P\u00fablica<\/a>, grupo formado por ex-policiais, delegados e deputados financiados por empresas de armas e muni\u00e7\u00f5es. Desde a aprova\u00e7\u00e3o do Estatuto do Desarmamento, em 2003, dezenas de projetos de lei que buscavam flexibiliz\u00e1-lo j\u00e1 foram formulados, mas nenhum avan\u00e7ou. Agora, com uma composi\u00e7\u00e3o\u00a0<a href=\"https:\/\/brasil.elpais.com\/brasil\/2015\/02\/13\/politica\/1423839852_990180.html\">mais conservadora no Congresso<\/a>, isso pode mudar.<\/p>\n<section id=\"sumario_3|html\" class=\"sumario_html derecha\">\n<div class=\"sumario__interior\">\n<div id=\"cuerpo_noticia\" class=\"articulo-cuerpo\">\n<p>Na comiss\u00e3o, apenas a bancada do PT e do PC do B s\u00e3o contr\u00e1rias ao projeto do deputado Peninha. Ivan Valente (PSOL-SP) tamb\u00e9m se posicionou contr\u00e1rio \u00e0 lei, mas ele \u00e9 membro suplente. Caso seja aprovado, o\u00a0<a href=\"http:\/\/www.camara.gov.br\/proposicoesWeb\/prop_mostrarintegra;jsessionid=FD5E972D095A7A5ACEAADA37D976C155.proposicoesWeb1?codteor=986560&amp;filename=PL+3722\/2012\" target=\"_blank\">PL 3722\/2012<\/a>\u00a0ir\u00e1 para o plen\u00e1rio da C\u00e2mara, onde ser\u00e1 votado em dois turnos.<\/p>\n<p>Membro declarado\u00a0<a href=\"https:\/\/brasil.elpais.com\/brasil\/2014\/11\/04\/politica\/1415057964_741125.html\">da bancada da bala<\/a>, o relator Laud\u00edvio Carvalho (PMDB-MG) assumiu um discurso moderado, e afirmou que \u201c\u00e9 preciso ouvir todos os segmentos sociais, e a minha posi\u00e7\u00e3o s\u00f3 ser\u00e1 conhecida no relat\u00f3rio final\u201d. Sua indica\u00e7\u00e3o para a relatoria foi criticada por organiza\u00e7\u00f5es da sociedade civil, uma vez que ele estaria alinhado com os interesses dos fabricantes de armas. &#8220;Existem muitas informa\u00e7\u00f5es que precisam ser analisadas. J\u00e1 pedi dados para a Rota [Rondas Ostensivas Tobias de Aguiar, tropa de elite da Pol\u00edcia Militar de S\u00e3o Paulo, frequentemente envolvida em\u00a0<a href=\"https:\/\/brasil.elpais.com\/brasil\/2014\/02\/27\/politica\/1393533362_626474.html\">casos de viola\u00e7\u00e3o dos Direitos Humanos<\/a>]\u201d, disse o deputado, que ficou famoso por apresentar um programa de televis\u00e3o sensacionalista sobre crime e viol\u00eancia.<\/p>\n<p>O presidente da comiss\u00e3o, Marcos Montes (PSD-MG), que teve campanhas eleitorais financiadas por empresas de armamentos, aposta na mudan\u00e7a do Estatuto. &#8220;95% dos integrantes da comiss\u00e3o querem reestudar a lei, compartilho a opini\u00e3o de que \u00e9 preciso adequ\u00e1-la&#8221;, afirma. O parlamentar diz ainda que a amplia\u00e7\u00e3o do porte de arma \u201cn\u00e3o seria um retrocesso\u201d, uma vez que representa \u201ca vontade da popula\u00e7\u00e3o\u201d. O deputado se refere ao referendo sobre a proibi\u00e7\u00e3o da comercializa\u00e7\u00e3o de armas no pa\u00eds, realizado em 2005. \u00c0 \u00e9poca, a maioria dos brasileiros se manifestou contrariamente ao veto. No entanto, uma pesquisa do instituto Datafolha realizada em setembro do ano passado mostrou que 62% dos entrevistados acreditam que a posse de armas deveria ser proibida. O parlamentar disse desconhecer o levantamento.<\/p>\n<\/div>\n<section id=\"articulo-tags\" class=\"articulo-tags\"><\/section>\n<\/div>\n<\/section>\n<p>&nbsp;<\/p>\n","protected":false},"excerpt":{"rendered":"<p>Lei que pode ser derrubada pela C\u00e2mara dos Deputados poupou a vida de 113.071 jovens<\/p>\n","protected":false},"author":1,"featured_media":0,"comment_status":"closed","ping_status":"open","sticky":false,"template":"","format":"standard","meta":{"_exactmetrics_skip_tracking":false,"_exactmetrics_sitenote_active":false,"_exactmetrics_sitenote_note":"","_exactmetrics_sitenote_category":0,"jetpack_post_was_ever_published":false,"_jetpack_newsletter_access":"","_jetpack_dont_email_post_to_subs":false,"_jetpack_newsletter_tier_id":0,"_jetpack_memberships_contains_paywalled_content":false,"_jetpack_memberships_contains_paid_content":false,"footnotes":"","jetpack_publicize_message":"","jetpack_publicize_feature_enabled":true,"jetpack_social_post_already_shared":true,"jetpack_social_options":{"image_generator_settings":{"template":"highway","enabled":false},"version":2}},"categories":[1],"tags":[],"class_list":["post-20096","post","type-post","status-publish","format-standard","hentry","category-notas"],"jetpack_publicize_connections":[],"jetpack_sharing_enabled":true,"jetpack_featured_media_url":"","jetpack_shortlink":"https:\/\/wp.me\/p7wKYW-5e8","jetpack-related-posts":[],"_links":{"self":[{"href":"http:\/\/blogdalucianaoliveira.com.br\/blog\/wp-json\/wp\/v2\/posts\/20096","targetHints":{"allow":["GET"]}}],"collection":[{"href":"http:\/\/blogdalucianaoliveira.com.br\/blog\/wp-json\/wp\/v2\/posts"}],"about":[{"href":"http:\/\/blogdalucianaoliveira.com.br\/blog\/wp-json\/wp\/v2\/types\/post"}],"author":[{"embeddable":true,"href":"http:\/\/blogdalucianaoliveira.com.br\/blog\/wp-json\/wp\/v2\/users\/1"}],"replies":[{"embeddable":true,"href":"http:\/\/blogdalucianaoliveira.com.br\/blog\/wp-json\/wp\/v2\/comments?post=20096"}],"version-history":[{"count":1,"href":"http:\/\/blogdalucianaoliveira.com.br\/blog\/wp-json\/wp\/v2\/posts\/20096\/revisions"}],"predecessor-version":[{"id":20098,"href":"http:\/\/blogdalucianaoliveira.com.br\/blog\/wp-json\/wp\/v2\/posts\/20096\/revisions\/20098"}],"wp:attachment":[{"href":"http:\/\/blogdalucianaoliveira.com.br\/blog\/wp-json\/wp\/v2\/media?parent=20096"}],"wp:term":[{"taxonomy":"category","embeddable":true,"href":"http:\/\/blogdalucianaoliveira.com.br\/blog\/wp-json\/wp\/v2\/categories?post=20096"},{"taxonomy":"post_tag","embeddable":true,"href":"http:\/\/blogdalucianaoliveira.com.br\/blog\/wp-json\/wp\/v2\/tags?post=20096"}],"curies":[{"name":"wp","href":"https:\/\/api.w.org\/{rel}","templated":true}]}}