{"id":20102,"date":"2019-01-16T13:07:34","date_gmt":"2019-01-16T17:07:34","guid":{"rendered":"http:\/\/blogdalucianaoliveira.com.br\/blog\/?p=20102"},"modified":"2019-01-16T18:16:24","modified_gmt":"2019-01-16T22:16:24","slug":"bloco-pirarucu-do-madeira-completa-26-anos-e-anuncia-homenagem-as-escolas-de-samba","status":"publish","type":"post","link":"http:\/\/blogdalucianaoliveira.com.br\/blog\/2019\/01\/16\/bloco-pirarucu-do-madeira-completa-26-anos-e-anuncia-homenagem-as-escolas-de-samba\/","title":{"rendered":"BLOCO PIRARUCU DO MADEIRA COMPLETA 26 ANOS E ANUNCIA HOMENAGEM \u00c0S ESCOLAS DE SAMBA"},"content":{"rendered":"<p>&nbsp;<\/p>\n<p><img data-recalc-dims=\"1\" loading=\"lazy\" decoding=\"async\" data-attachment-id=\"20103\" data-permalink=\"http:\/\/blogdalucianaoliveira.com.br\/blog\/2019\/01\/16\/bloco-pirarucu-do-madeira-completa-26-anos-e-anuncia-homenagem-as-escolas-de-samba\/pirarucu-4\/\" data-orig-file=\"https:\/\/i0.wp.com\/blogdalucianaoliveira.com.br\/blog\/wp-content\/uploads\/2019\/01\/pirarucu.jpg?fit=960%2C366\" data-orig-size=\"960,366\" data-comments-opened=\"0\" data-image-meta=\"{&quot;aperture&quot;:&quot;0&quot;,&quot;credit&quot;:&quot;&quot;,&quot;camera&quot;:&quot;&quot;,&quot;caption&quot;:&quot;&quot;,&quot;created_timestamp&quot;:&quot;0&quot;,&quot;copyright&quot;:&quot;&quot;,&quot;focal_length&quot;:&quot;0&quot;,&quot;iso&quot;:&quot;0&quot;,&quot;shutter_speed&quot;:&quot;0&quot;,&quot;title&quot;:&quot;&quot;,&quot;orientation&quot;:&quot;0&quot;}\" data-image-title=\"pirarucu\" data-image-description=\"\" data-image-caption=\"\" data-medium-file=\"https:\/\/i0.wp.com\/blogdalucianaoliveira.com.br\/blog\/wp-content\/uploads\/2019\/01\/pirarucu.jpg?fit=300%2C114\" data-large-file=\"https:\/\/i0.wp.com\/blogdalucianaoliveira.com.br\/blog\/wp-content\/uploads\/2019\/01\/pirarucu.jpg?fit=600%2C229\" class=\"alignnone size-full wp-image-20103\" src=\"https:\/\/i0.wp.com\/blogdalucianaoliveira.com.br\/blog\/wp-content\/uploads\/2019\/01\/pirarucu.jpg?resize=600%2C229\" alt=\"pirarucu\" width=\"600\" height=\"229\" srcset=\"https:\/\/i0.wp.com\/blogdalucianaoliveira.com.br\/blog\/wp-content\/uploads\/2019\/01\/pirarucu.jpg?w=960 960w, https:\/\/i0.wp.com\/blogdalucianaoliveira.com.br\/blog\/wp-content\/uploads\/2019\/01\/pirarucu.jpg?resize=300%2C114 300w, https:\/\/i0.wp.com\/blogdalucianaoliveira.com.br\/blog\/wp-content\/uploads\/2019\/01\/pirarucu.jpg?resize=768%2C293 768w, https:\/\/i0.wp.com\/blogdalucianaoliveira.com.br\/blog\/wp-content\/uploads\/2019\/01\/pirarucu.jpg?resize=787%2C300 787w\" sizes=\"auto, (max-width: 600px) 100vw, 600px\" \/><\/p>\n<p>O desfile do bloco mais democr\u00e1tico da capital est\u00e1 marcado para o dia 24 de fevereiro.<\/p>\n<p>O Pirarucu Do Madeira faz sua folia popular uma semana antes do per\u00edodo momesco para que os foli\u00f5es de todos os blocos participem.<\/p>\n<p>A cada ano um elemento ou manifesta\u00e7\u00e3o cultural do Brasil \u00e9 exaltado com marchinha ou frevo e alegoria.<\/p>\n<p>Agora \u00e9 a vez de destacar nas ruas a import\u00e2ncia hist\u00f3rica das Escolas de Samba da capital que resistem ao tempo e ao desprezo do poder p\u00fablico.<!--more--><\/p>\n<p>As que nasceram praticamente junto com Porto Velho tamb\u00e9m ser\u00e3o lembradas.<\/p>\n<p>Os blocos tradicionais foram tema do desfile de 2018 e entre eles, alguns que deram origem \u00e0s escolas de samba.<\/p>\n<p>\u00c9 a for\u00e7a da tradi\u00e7\u00e3o, mem\u00f3ria e identidade carnavalesca da cidade e do povo que o Pirarucu exalta.<\/p>\n<p>\u201cEste ano de crise profunda tomamos uma decis\u00e3o dif\u00edcil, a de recusar apoio da prefeitura com carro de som e banheiros qu\u00edmicos. Apesar de sustentarmos que \u00e9 dever do poder p\u00fablico fomentar a cultura popular, optamos por demonstrar solidariedade \u00e0s valiosas escolas de samba que n\u00e3o desfilar\u00e3o por mesquinhez e ignor\u00e2ncia\u201d, disse, o presidente Ernande Segismundo.<\/p>\n<p><img data-recalc-dims=\"1\" loading=\"lazy\" decoding=\"async\" data-attachment-id=\"20104\" data-permalink=\"http:\/\/blogdalucianaoliveira.com.br\/blog\/2019\/01\/16\/bloco-pirarucu-do-madeira-completa-26-anos-e-anuncia-homenagem-as-escolas-de-samba\/pi-3\/\" data-orig-file=\"https:\/\/i0.wp.com\/blogdalucianaoliveira.com.br\/blog\/wp-content\/uploads\/2019\/01\/PI.jpg?fit=960%2C811\" data-orig-size=\"960,811\" data-comments-opened=\"0\" data-image-meta=\"{&quot;aperture&quot;:&quot;0&quot;,&quot;credit&quot;:&quot;&quot;,&quot;camera&quot;:&quot;&quot;,&quot;caption&quot;:&quot;&quot;,&quot;created_timestamp&quot;:&quot;0&quot;,&quot;copyright&quot;:&quot;&quot;,&quot;focal_length&quot;:&quot;0&quot;,&quot;iso&quot;:&quot;0&quot;,&quot;shutter_speed&quot;:&quot;0&quot;,&quot;title&quot;:&quot;&quot;,&quot;orientation&quot;:&quot;0&quot;}\" data-image-title=\"PI\" data-image-description=\"\" data-image-caption=\"\" data-medium-file=\"https:\/\/i0.wp.com\/blogdalucianaoliveira.com.br\/blog\/wp-content\/uploads\/2019\/01\/PI.jpg?fit=300%2C253\" data-large-file=\"https:\/\/i0.wp.com\/blogdalucianaoliveira.com.br\/blog\/wp-content\/uploads\/2019\/01\/PI.jpg?fit=600%2C507\" class=\"alignnone size-full wp-image-20104\" src=\"https:\/\/i0.wp.com\/blogdalucianaoliveira.com.br\/blog\/wp-content\/uploads\/2019\/01\/PI.jpg?resize=600%2C507\" alt=\"PI\" width=\"600\" height=\"507\" srcset=\"https:\/\/i0.wp.com\/blogdalucianaoliveira.com.br\/blog\/wp-content\/uploads\/2019\/01\/PI.jpg?w=960 960w, https:\/\/i0.wp.com\/blogdalucianaoliveira.com.br\/blog\/wp-content\/uploads\/2019\/01\/PI.jpg?resize=300%2C253 300w, https:\/\/i0.wp.com\/blogdalucianaoliveira.com.br\/blog\/wp-content\/uploads\/2019\/01\/PI.jpg?resize=768%2C649 768w, https:\/\/i0.wp.com\/blogdalucianaoliveira.com.br\/blog\/wp-content\/uploads\/2019\/01\/PI.jpg?resize=355%2C300 355w\" sizes=\"auto, (max-width: 600px) 100vw, 600px\" \/><\/p>\n<p>O desfile ser\u00e1 no circuito da Pinheiro Machado, a partir das 16 horas, ao lado do Gin\u00e1sio de Esportes Cl\u00e1udio Coutinho.<\/p>\n<p>Com estandartes ser\u00e3o homenageadas as escolas mais antigas e mais recentes: Deixa Falar, O Tri\u00e2ngulo N\u00e3o Morreu, Unidos Do Guapor\u00e9, Os Pobres do Caiari, Diplomatas do Samba, Asfalt\u00e3o, S\u00e3o Jo\u00e3o Batista, Unidos Da Castanheira, Arm\u00e1rio Grande, Imp\u00e9rio do Samba, Unidos do Areal. Mocidade Independente do KM 01, Boto Verde, Acad\u00eamicos da Zona Leste e Rosa e outras.<\/p>\n<p>O bloco n\u00e3o vende abad\u00e1, n\u00e3o usa cordas para separar foli\u00f5es e a banda Puraqu\u00e9 toca com os p\u00e9s no ch\u00e3o com o apoio de um pequeno carro de som.<\/p>\n<p>\u201cA cultura popular sempre vai sobreviver aos avan\u00e7os obscurantistas. Convido todos \u00e0 folia de paz, alegria, fantasias e cores em mais um carnaval popular de tradi\u00e7\u00e3o\u201d, finalizou Segismundo.<\/p>\n<p><iframe loading=\"lazy\" src=\"https:\/\/www.facebook.com\/plugins\/video.php?href=https%3A%2F%2Fwww.facebook.com%2Fluciana.oliveira.75457%2Fvideos%2F1706508819425014%2F&#038;show_text=0&#038;width=560\" width=\"560\" height=\"315\" style=\"border:none;overflow:hidden\" scrolling=\"no\" frameborder=\"0\" allowTransparency=\"true\" allowFullScreen=\"true\"><\/iframe><\/p>\n","protected":false},"excerpt":{"rendered":"<p>&nbsp; O desfile do bloco mais democr\u00e1tico da capital est\u00e1 marcado para o dia 24 de fevereiro. O Pirarucu Do Madeira faz sua folia popular uma semana antes do per\u00edodo momesco para que os foli\u00f5es de todos os blocos participem. A cada ano um elemento ou manifesta\u00e7\u00e3o cultural do Brasil \u00e9 exaltado com marchinha ou&#8230;<a class=\"more-link\" href=\"http:\/\/blogdalucianaoliveira.com.br\/blog\/2019\/01\/16\/bloco-pirarucu-do-madeira-completa-26-anos-e-anuncia-homenagem-as-escolas-de-samba\/\">Continue a leitura <span class=\"meta-nav\">&raquo;<\/span><\/a><\/p>\n","protected":false},"author":1,"featured_media":0,"comment_status":"closed","ping_status":"open","sticky":false,"template":"","format":"standard","meta":{"_exactmetrics_skip_tracking":false,"_exactmetrics_sitenote_active":false,"_exactmetrics_sitenote_note":"","_exactmetrics_sitenote_category":0,"jetpack_post_was_ever_published":false,"_jetpack_newsletter_access":"","_jetpack_dont_email_post_to_subs":false,"_jetpack_newsletter_tier_id":0,"_jetpack_memberships_contains_paywalled_content":false,"_jetpack_memberships_contains_paid_content":false,"footnotes":"","jetpack_publicize_message":"","jetpack_publicize_feature_enabled":true,"jetpack_social_post_already_shared":true,"jetpack_social_options":{"image_generator_settings":{"template":"highway","enabled":false},"version":2}},"categories":[1],"tags":[],"class_list":["post-20102","post","type-post","status-publish","format-standard","hentry","category-notas"],"jetpack_publicize_connections":[],"jetpack_sharing_enabled":true,"jetpack_featured_media_url":"","jetpack_shortlink":"https:\/\/wp.me\/p7wKYW-5ee","jetpack-related-posts":[],"_links":{"self":[{"href":"http:\/\/blogdalucianaoliveira.com.br\/blog\/wp-json\/wp\/v2\/posts\/20102","targetHints":{"allow":["GET"]}}],"collection":[{"href":"http:\/\/blogdalucianaoliveira.com.br\/blog\/wp-json\/wp\/v2\/posts"}],"about":[{"href":"http:\/\/blogdalucianaoliveira.com.br\/blog\/wp-json\/wp\/v2\/types\/post"}],"author":[{"embeddable":true,"href":"http:\/\/blogdalucianaoliveira.com.br\/blog\/wp-json\/wp\/v2\/users\/1"}],"replies":[{"embeddable":true,"href":"http:\/\/blogdalucianaoliveira.com.br\/blog\/wp-json\/wp\/v2\/comments?post=20102"}],"version-history":[{"count":4,"href":"http:\/\/blogdalucianaoliveira.com.br\/blog\/wp-json\/wp\/v2\/posts\/20102\/revisions"}],"predecessor-version":[{"id":20116,"href":"http:\/\/blogdalucianaoliveira.com.br\/blog\/wp-json\/wp\/v2\/posts\/20102\/revisions\/20116"}],"wp:attachment":[{"href":"http:\/\/blogdalucianaoliveira.com.br\/blog\/wp-json\/wp\/v2\/media?parent=20102"}],"wp:term":[{"taxonomy":"category","embeddable":true,"href":"http:\/\/blogdalucianaoliveira.com.br\/blog\/wp-json\/wp\/v2\/categories?post=20102"},{"taxonomy":"post_tag","embeddable":true,"href":"http:\/\/blogdalucianaoliveira.com.br\/blog\/wp-json\/wp\/v2\/tags?post=20102"}],"curies":[{"name":"wp","href":"https:\/\/api.w.org\/{rel}","templated":true}]}}