{"id":20112,"date":"2019-01-16T17:31:56","date_gmt":"2019-01-16T21:31:56","guid":{"rendered":"http:\/\/blogdalucianaoliveira.com.br\/blog\/?p=20112"},"modified":"2019-01-16T17:31:56","modified_gmt":"2019-01-16T21:31:56","slug":"pesquisadora-de-harvard-desmente-marxismo-cultural-inventado-pela-extrema-direita","status":"publish","type":"post","link":"http:\/\/blogdalucianaoliveira.com.br\/blog\/2019\/01\/16\/pesquisadora-de-harvard-desmente-marxismo-cultural-inventado-pela-extrema-direita\/","title":{"rendered":"Pesquisadora de Harvard desmente \u201cmarxismo cultural\u201d inventado pela extrema-direita"},"content":{"rendered":"<p><img data-recalc-dims=\"1\" loading=\"lazy\" decoding=\"async\" data-attachment-id=\"20114\" data-permalink=\"http:\/\/blogdalucianaoliveira.com.br\/blog\/2019\/01\/16\/pesquisadora-de-harvard-desmente-marxismo-cultural-inventado-pela-extrema-direita\/no-2\/\" data-orig-file=\"https:\/\/i0.wp.com\/blogdalucianaoliveira.com.br\/blog\/wp-content\/uploads\/2019\/01\/no.jpg?fit=2400%2C1600\" data-orig-size=\"2400,1600\" data-comments-opened=\"0\" data-image-meta=\"{&quot;aperture&quot;:&quot;0&quot;,&quot;credit&quot;:&quot;&quot;,&quot;camera&quot;:&quot;&quot;,&quot;caption&quot;:&quot;&quot;,&quot;created_timestamp&quot;:&quot;0&quot;,&quot;copyright&quot;:&quot;&quot;,&quot;focal_length&quot;:&quot;0&quot;,&quot;iso&quot;:&quot;0&quot;,&quot;shutter_speed&quot;:&quot;0&quot;,&quot;title&quot;:&quot;&quot;,&quot;orientation&quot;:&quot;0&quot;}\" data-image-title=\"no\" data-image-description=\"\" data-image-caption=\"\" data-medium-file=\"https:\/\/i0.wp.com\/blogdalucianaoliveira.com.br\/blog\/wp-content\/uploads\/2019\/01\/no.jpg?fit=300%2C200\" data-large-file=\"https:\/\/i0.wp.com\/blogdalucianaoliveira.com.br\/blog\/wp-content\/uploads\/2019\/01\/no.jpg?fit=600%2C400\" src=\"https:\/\/i0.wp.com\/blogdalucianaoliveira.com.br\/blog\/wp-content\/uploads\/2019\/01\/no.jpg?resize=600%2C400\" alt=\"no\" width=\"600\" height=\"400\" class=\"alignnone size-full wp-image-20114\" srcset=\"https:\/\/i0.wp.com\/blogdalucianaoliveira.com.br\/blog\/wp-content\/uploads\/2019\/01\/no.jpg?w=2400 2400w, https:\/\/i0.wp.com\/blogdalucianaoliveira.com.br\/blog\/wp-content\/uploads\/2019\/01\/no.jpg?resize=300%2C200 300w, https:\/\/i0.wp.com\/blogdalucianaoliveira.com.br\/blog\/wp-content\/uploads\/2019\/01\/no.jpg?resize=768%2C512 768w, https:\/\/i0.wp.com\/blogdalucianaoliveira.com.br\/blog\/wp-content\/uploads\/2019\/01\/no.jpg?resize=1024%2C683 1024w, https:\/\/i0.wp.com\/blogdalucianaoliveira.com.br\/blog\/wp-content\/uploads\/2019\/01\/no.jpg?resize=450%2C300 450w, https:\/\/i0.wp.com\/blogdalucianaoliveira.com.br\/blog\/wp-content\/uploads\/2019\/01\/no.jpg?w=1200 1200w, https:\/\/i0.wp.com\/blogdalucianaoliveira.com.br\/blog\/wp-content\/uploads\/2019\/01\/no.jpg?w=1800 1800w\" sizes=\"auto, (max-width: 600px) 100vw, 600px\" \/><\/p>\n<p>Pesquisadora de Harvard, Moira Weigel est\u00e1 escrevendo um livro sobre a hist\u00f3ria do politicamente correto, a conspira\u00e7\u00e3o do\u201cmarxismo cultural\u201d e a rela\u00e7\u00e3o dos movimentos de direita com a filosofia na era das redes sociais.<!--more--><\/p>\n<p>9 Perguntas Para Weigel<\/p>\n<p>1. Qual \u00e9 sua defini\u00e7\u00e3o de politicamente correto?<br \/>\nPara mim, politicamente correto \u00e9 um sin\u00f4nimo de educa\u00e7\u00e3o. Essa \u00e9 minha defini\u00e7\u00e3o. Para outras pessoas, cr\u00edticas do conceito, politicamente correto quer dizer algo ruim, uma esp\u00e9cie de censura que impede que as pessoas falem livremente sobre todos os assuntos. O curioso \u00e9 que nenhuma figura p\u00fablica importante se descreve como politicamente correta. O termo tem alto peso pol\u00edtico, tanto para quem o defende como para quem o critica.<\/p>\n<p>2. Qual \u00e9 a origem do termo?<br \/>\nO termo ganhou for\u00e7a nos Estados Unidos num momento de discord\u00e2ncia nacional, no final dos anos 80, in\u00edcio dos 90. Antes disso, era usado por negros ativistas, pessoas de esquerda, feministas e membros do movimento estudantil. \u00c9 importante salientar que, quando ainda era um termo usado por minorias, tinha uma conota\u00e7\u00e3o ir\u00f4nica. As pessoas chamavam umas \u00e0s outras de politicamente corretas como uma piada, para chatear quem agia com muita retid\u00e3o ou quem se dava muita import\u00e2ncia. Depois, nos anos 90, deixou de ser um termo usado apenas por minorias. Foi quando a nova direita passou a usar o termo para criticar principalmente professores e acad\u00eamicos em universidades, dizendo que eles eram radicais em suas falas no campus e que quem n\u00e3o seguia essas regras era hostilizado e punido. Tinha uma implica\u00e7\u00e3o pol\u00edtica, os professores eram acusados de ensinar ideias radicais e de esquerda, que poluiriam a mente da juventude americana. Outro termo que come\u00e7ou a ser usado foi \u201cmarxismo cultural\u201d. Soube que Jair Bolsonaro e seus filhos o usam bastante no Brasil.<\/p>\n<p>3. Usam muito tamb\u00e9m \u201cmarxismo cultural\u201d.<br \/>\nO conceito de \u201cmarxismo cultural\u201d veio da extrema-direita. Era usado, no come\u00e7o, por nacionalistas brancos e negadores do Holocausto. A teoria, ou teoria da conspira\u00e7\u00e3o, do marxismo cultural ecoa direta e deliberadamente uma teoria que Adolf Hitler descreve no livro Minha luta. Segundo Hitler, com o fracasso do marxismo econ\u00f4mico, os intelectuais judeus estavam tomando a cultura ocidental a fim de destru\u00ed-la. Os nazistas chamavam isso de bolchevismo cultural.<\/p>\n<p>4. Com o politicamente correto, algumas quest\u00f5es acabaram virando tabu?<br \/>\nN\u00e3o. Realmente n\u00e3o acredito que o politicamente correto exista. Voc\u00ea pode perguntar: mas ent\u00e3o a que as pessoas se referem quando usam esse termo? \u00c9 \u00e0 linguagem que usamos e aos cuidados que temos quando falamos para n\u00e3o ofender ningu\u00e9m. O que existe s\u00e3o formas diferentes de di\u00e1logo, de discurso, \u00e0 medida que a sociedade se desenvolve e diversifica. Se voc\u00ea olhar para as universidades, como a da Calif\u00f3rnia, por exemplo, vai ver que, em meados dos anos 80, a maioria dos estudantes era branca. Isso mudou. A diversidade aumentou. Quando isso acontece, a maneira como voc\u00ea fala tamb\u00e9m muda e voc\u00ea passa a se preocupar em n\u00e3o ofender os outros. N\u00e3o existe nenhuma organiza\u00e7\u00e3o pol\u00edtica secreta for\u00e7ando as pessoas a falar de certa maneira. \u00c9 importante lembrar que liberdade de express\u00e3o n\u00e3o quer dizer que uma pessoa pode sair por a\u00ed ofendendo as outras.<\/p>\n<p>5. Por que, ent\u00e3o, a maioria dos americanos tem a sensa\u00e7\u00e3o de que o politicamente correto foi longe demais?<br \/>\nN\u00e3o acho que seja isso. As pessoas gostam de ouvir o presidente americano, Donald Trump, falar contra o politicamente correto porque muitas n\u00e3o se sentem empoderadas, se sentem deixadas para tr\u00e1s pelo sistema econ\u00f4mico vigente, o que \u00e9 verdade. Ver algu\u00e9m quebrando as regras do sistema traz uma esp\u00e9cie de satisfa\u00e7\u00e3o para essas pessoas.<\/p>\n<p>Da Revista \u00c9poca<\/p>\n","protected":false},"excerpt":{"rendered":"<p>Pesquisadora de Harvard, Moira Weigel est\u00e1 escrevendo um livro sobre a hist\u00f3ria do politicamente correto, a conspira\u00e7\u00e3o do\u201cmarxismo cultural\u201d e a rela\u00e7\u00e3o dos movimentos de direita com a filosofia na era das redes sociais.<\/p>\n","protected":false},"author":1,"featured_media":0,"comment_status":"closed","ping_status":"open","sticky":false,"template":"","format":"standard","meta":{"_exactmetrics_skip_tracking":false,"_exactmetrics_sitenote_active":false,"_exactmetrics_sitenote_note":"","_exactmetrics_sitenote_category":0,"jetpack_post_was_ever_published":false,"_jetpack_newsletter_access":"","_jetpack_dont_email_post_to_subs":false,"_jetpack_newsletter_tier_id":0,"_jetpack_memberships_contains_paywalled_content":false,"_jetpack_memberships_contains_paid_content":false,"footnotes":"","jetpack_publicize_message":"","jetpack_publicize_feature_enabled":true,"jetpack_social_post_already_shared":true,"jetpack_social_options":{"image_generator_settings":{"template":"highway","enabled":false},"version":2}},"categories":[1],"tags":[],"class_list":["post-20112","post","type-post","status-publish","format-standard","hentry","category-notas"],"jetpack_publicize_connections":[],"jetpack_sharing_enabled":true,"jetpack_featured_media_url":"","jetpack_shortlink":"https:\/\/wp.me\/p7wKYW-5eo","jetpack-related-posts":[],"_links":{"self":[{"href":"http:\/\/blogdalucianaoliveira.com.br\/blog\/wp-json\/wp\/v2\/posts\/20112","targetHints":{"allow":["GET"]}}],"collection":[{"href":"http:\/\/blogdalucianaoliveira.com.br\/blog\/wp-json\/wp\/v2\/posts"}],"about":[{"href":"http:\/\/blogdalucianaoliveira.com.br\/blog\/wp-json\/wp\/v2\/types\/post"}],"author":[{"embeddable":true,"href":"http:\/\/blogdalucianaoliveira.com.br\/blog\/wp-json\/wp\/v2\/users\/1"}],"replies":[{"embeddable":true,"href":"http:\/\/blogdalucianaoliveira.com.br\/blog\/wp-json\/wp\/v2\/comments?post=20112"}],"version-history":[{"count":1,"href":"http:\/\/blogdalucianaoliveira.com.br\/blog\/wp-json\/wp\/v2\/posts\/20112\/revisions"}],"predecessor-version":[{"id":20115,"href":"http:\/\/blogdalucianaoliveira.com.br\/blog\/wp-json\/wp\/v2\/posts\/20112\/revisions\/20115"}],"wp:attachment":[{"href":"http:\/\/blogdalucianaoliveira.com.br\/blog\/wp-json\/wp\/v2\/media?parent=20112"}],"wp:term":[{"taxonomy":"category","embeddable":true,"href":"http:\/\/blogdalucianaoliveira.com.br\/blog\/wp-json\/wp\/v2\/categories?post=20112"},{"taxonomy":"post_tag","embeddable":true,"href":"http:\/\/blogdalucianaoliveira.com.br\/blog\/wp-json\/wp\/v2\/tags?post=20112"}],"curies":[{"name":"wp","href":"https:\/\/api.w.org\/{rel}","templated":true}]}}