{"id":20121,"date":"2019-01-18T12:13:21","date_gmt":"2019-01-18T16:13:21","guid":{"rendered":"http:\/\/blogdalucianaoliveira.com.br\/blog\/?p=20121"},"modified":"2019-01-18T12:13:21","modified_gmt":"2019-01-18T16:13:21","slug":"violencia-contra-jornalistas-cresceu-em-2018-periodo-eleitoral-concentrou-agressoes","status":"publish","type":"post","link":"http:\/\/blogdalucianaoliveira.com.br\/blog\/2019\/01\/18\/violencia-contra-jornalistas-cresceu-em-2018-periodo-eleitoral-concentrou-agressoes\/","title":{"rendered":"Viol\u00eancia contra jornalistas cresceu em 2018; per\u00edodo eleitoral concentrou agress\u00f5es"},"content":{"rendered":"<p><img data-recalc-dims=\"1\" loading=\"lazy\" decoding=\"async\" data-attachment-id=\"20122\" data-permalink=\"http:\/\/blogdalucianaoliveira.com.br\/blog\/2019\/01\/18\/violencia-contra-jornalistas-cresceu-em-2018-periodo-eleitoral-concentrou-agressoes\/f2a68b71-e729-4484-ac66-f39643b176a0\/\" data-orig-file=\"https:\/\/i0.wp.com\/blogdalucianaoliveira.com.br\/blog\/wp-content\/uploads\/2019\/01\/F2A68B71-E729-4484-AC66-F39643B176A0.jpeg?fit=640%2C274\" data-orig-size=\"640,274\" data-comments-opened=\"0\" data-image-meta=\"{&quot;aperture&quot;:&quot;0&quot;,&quot;credit&quot;:&quot;&quot;,&quot;camera&quot;:&quot;&quot;,&quot;caption&quot;:&quot;&quot;,&quot;created_timestamp&quot;:&quot;0&quot;,&quot;copyright&quot;:&quot;&quot;,&quot;focal_length&quot;:&quot;0&quot;,&quot;iso&quot;:&quot;0&quot;,&quot;shutter_speed&quot;:&quot;0&quot;,&quot;title&quot;:&quot;&quot;,&quot;orientation&quot;:&quot;0&quot;}\" data-image-title=\"F2A68B71-E729-4484-AC66-F39643B176A0\" data-image-description=\"\" data-image-caption=\"\" data-medium-file=\"https:\/\/i0.wp.com\/blogdalucianaoliveira.com.br\/blog\/wp-content\/uploads\/2019\/01\/F2A68B71-E729-4484-AC66-F39643B176A0.jpeg?fit=300%2C128\" data-large-file=\"https:\/\/i0.wp.com\/blogdalucianaoliveira.com.br\/blog\/wp-content\/uploads\/2019\/01\/F2A68B71-E729-4484-AC66-F39643B176A0.jpeg?fit=600%2C257\" class=\"alignnone size-full wp-image-20122\" src=\"https:\/\/i0.wp.com\/blogdalucianaoliveira.com.br\/blog\/wp-content\/uploads\/2019\/01\/F2A68B71-E729-4484-AC66-F39643B176A0.jpeg?resize=600%2C257\" alt=\"F2A68B71-E729-4484-AC66-F39643B176A0\" width=\"600\" height=\"257\" srcset=\"https:\/\/i0.wp.com\/blogdalucianaoliveira.com.br\/blog\/wp-content\/uploads\/2019\/01\/F2A68B71-E729-4484-AC66-F39643B176A0.jpeg?w=640 640w, https:\/\/i0.wp.com\/blogdalucianaoliveira.com.br\/blog\/wp-content\/uploads\/2019\/01\/F2A68B71-E729-4484-AC66-F39643B176A0.jpeg?resize=300%2C128 300w\" sizes=\"auto, (max-width: 600px) 100vw, 600px\" \/><\/p>\n<p>Federa\u00e7\u00e3o Nacional dos Jornalistas (Fenaj) lan\u00e7ou nesta sexta-feira (18) documento que registra 135 casos violentos<!--more--><\/p>\n<p>Lu Sudr\u00e9<br \/>\nBrasil de Fato<\/p>\n<p>Em um contexto pol\u00edtico polarizado e repleto de tensionamentos, cresce cada vez mais a persegui\u00e7\u00e3o contra jornalistas no Brasil. \u00c9 o que revela o relat\u00f3rio <a href=\"http:\/\/fenaj.org.br\/relatorio-da-fenaj-mostra-crescimento-da-violencia-contra-jornalistas\/\" target=\"_blank\" rel=\"external\">\u201cViol\u00eancia contra Jornalistas e Liberdade de Imprensa no Brasil &#8211; 2018\u201d<\/a>, da <a href=\"http:\/\/fenaj.org.br\/\" target=\"_blank\" rel=\"external\">Federa\u00e7\u00e3o Nacional dos Jornalistas (Fenaj)<\/a>, que divulgado nesta sexta-feira (18). De acordo com o documento, casos de agress\u00f5es aos profissionais cresceram 36% em 2018, em rela\u00e7\u00e3o ao ano anterior.<\/p>\n<p>Foram 135 ocorr\u00eancias de viol\u00eancia \u2013 incluindo um assassinato \u2013 contra 227 jornalistas. <a href=\"http:\/\/fenaj.org.br\/wp-content\/uploads\/2018\/01\/relatorio_fenaj_2017.pdf\" target=\"_blank\" rel=\"external\">Em 2017<\/a>, foram 99 casos. A agress\u00e3o f\u00edsica em 2018 foi a forma mais recorrente de viol\u00eancia e vitimou 58 trabalhadores. Em compara\u00e7\u00e3o com o ano anterior, as agress\u00f5es verbais e impedimentos do exerc\u00edcio profissional aumentaram mais de 100%. J\u00e1 as amea\u00e7as e intimida\u00e7\u00f5es cresceram 87%.<\/p>\n<p>A elei\u00e7\u00e3o presidencial de 2018 foi a <a href=\"https:\/\/www.cartacapital.com.br\/blogs\/midiatico\/mais-de-140-jornalistas-agredidos-nas-eleicoes-diretor-do-datafolha-alvo\" target=\"_blank\" rel=\"external\">principal raz\u00e3o dos ataques<\/a> contra a imprensa. O relat\u00f3rio aponta que os eleitores e manifestantes foram respons\u00e1veis por 30 casos de viol\u00eancia contra jornalistas, o que representa 22% do total. Eleitores de Jair Bolsonaro foram respons\u00e1veis por 23 dos epis\u00f3dios.<\/p>\n<p>&#8220;As agress\u00f5es verbais e amea\u00e7as\u00a0dos eleitores se deram, em sua maioria, em momentos em que havia\u00a0um questionamento ao candidato. Havia uma press\u00e3o para que o profissional se calasse. Isso mostra, de fato, que h\u00e1 grupos sociais, organizados ou n\u00e3o, que n\u00e3o prezam pela democracia. Que acham que a for\u00e7a pode ser utilizada para impor seu ponto de vista, sua\u00a0vontade. No caso da elei\u00e7\u00e3o, para impor seu candidato\u201d, afirma Maria Jos\u00e9 Braga, presidente da Fenaj, destacando o aumento exponencial das agress\u00f5es contra jornalistas nas redes sociais.<\/p>\n<p>Esse foi <a href=\"https:\/\/www.brasildefato.com.br\/2018\/10\/19\/jornalista-que-denunciou-caixa-2-de-bolsonaro-e-alvo-de-ataques-nas-redes-sociais\/\">o caso da jornalista Patr\u00edcia Campos Mello,<\/a> da <em>Folha de S. Paulo<\/em>, que no dia 18 de outubro de 2018 publicou uma reportagem que denunciou\u00a0<a href=\"https:\/\/www.brasildefato.com.br\/2018\/10\/18\/disparo-em-massa-de-mensagens-contra-pt-e-ilegal-e-pode-impugnar-bolsonaro\/\">poss\u00edvel caixa 2<\/a>\u00a0na campanha presidencial de Jair Bolsonaro. A mat\u00e9ria apresentou informa\u00e7\u00f5es sobre a a\u00e7\u00e3o ilegal de empresas privadas que financiaram o disparo massivo de mensagens contra o Partido dos Trabalhadores (PT) via WhatsApp, com o objetivo de influenciar as elei\u00e7\u00f5es.<\/p>\n<p>Depois da publica\u00e7\u00e3o da reportagem, eleitores favor\u00e1veis a Bolsonaro impulsionaram a hashtag <a href=\"https:\/\/twitter.com\/hashtag\/FolhaPutinhaDoPT\" target=\"_blank\" rel=\"external\">#FolhaPutinhaDoPT<\/a> no Twitter. Patr\u00edcia recebeu centenas de mensagens agressivas. \u201cMais uma canalha imunda, militante esquerdista. Quando Bolsonaro ganhar temos que combater esses canalhas com ferro e fogo, se \u00e9 que me entendem. Sem miseric\u00f3rdia contra esses vagabundos\u201d, escreveu um partid\u00e1rio do presidente eleito.<\/p>\n<p>Conforme constata o relat\u00f3rio, a jornalista foi apenas uma entre in\u00fameros profissionais alvo de retalia\u00e7\u00f5es. \u201cToda e qualquer agress\u00e3o ao jornalista \u00e9 uma forma de cerceamento \u00e0 liberdade de imprensa e, portanto, um ataque a um dos pilares da democracia que \u00e9 a liberdade de express\u00e3o. N\u00e3o minimizamos nem um caso. Todos s\u00e3o tentativas de calar uma voz, de n\u00e3o deixar que determinada informa\u00e7\u00e3o chegue ao p\u00fablico, ou seja, com caracter\u00edsticas de tirar da sociedade a possibilidade do debate democr\u00e1tico\u201d, ressalta Braga.<\/p>\n<p>Durante o per\u00edodo eleitoral, manifestantes favor\u00e1veis \u00e0 candidatura do ex-presidente Luiz In\u00e1cio Lula da Silva estiveram envolvidos em sete epis\u00f3dios. A presidente da Fenaj acrescenta que na ocasi\u00e3o da pris\u00e3o do petista, em abril do ano passado, tamb\u00e9m foram registradas agress\u00f5es \u00e0 imprensa. Durante a <a href=\"https:\/\/www12.senado.leg.br\/noticias\/materias\/2018\/06\/04\/conselho-de-comunicacao-repudia-atos-de-violencia-a-jornalistas-durante-greve-dos-caminhoneiros\" target=\"_blank\" rel=\"external\">greve dos caminhoneiros<\/a> contra o aumento do combust\u00edvel, iniciada em 21 de maio, tamb\u00e9m foram registrados casos. Os grevistas protagonizaram 23 do total de casos contra os profissionais da comunica\u00e7\u00e3o.<\/p>\n<p>Com a finalidade de evitar novas agress\u00f5es, a Federa\u00e7\u00e3o\u00a0faz o monitoramento dos casos e den\u00fancias nacionais e internacionais. A entidade\u00a0media a\u00e7\u00f5es com o governo e com as empresas de comunica\u00e7\u00e3o, para que adotem medidas protetivas aos profissionais.\u00a0A Fenaj tamb\u00e9m cobra a\u00e7\u00f5es do poder p\u00fablico contra a viol\u00eancia e, principalmente, em rela\u00e7\u00e3o \u00e0 atua\u00e7\u00e3o policial, j\u00e1 que muitos profissionais s\u00e3o feridos e detidos na cobertura de protestos.<\/p>\n<p>Na \u00faltima quarta-feira (16), por exemplo, em ato contra o aumento da tarifa de \u00f4nibus e metr\u00f4 em S\u00e3o Paulo, j<a href=\"https:\/\/www.brasildefato.com.br\/2019\/01\/16\/jornalistas-sao-alvo-de-violencia-e-intimidacao-por-policiais-em-ato-em-sp\/\">ornalistas foram alvo de viol\u00eancia e intimida\u00e7\u00e3o por policiais<\/a>, que tamb\u00e9m reprimiram os manifestantes. O fotojornalista Daniel Arroyo, da <a href=\"https:\/\/ponte.org\/\" target=\"_blank\" rel=\"external\">Ponte Jornalismo<\/a>, foi atingido por uma bala de borracha no joelho direito.<\/p>\n<p class=\"ckeditor-subtitle\"><strong>\u00d3dio na internet<\/strong><\/p>\n<p>O jornalista esportivo Juca Kfouri, autor do <a href=\"https:\/\/blogdojuca.uol.com.br\/2019\/01\/joly-junior-o-bolsominion-valentao\/?utm_source=facebook&amp;utm_medium=social-media&amp;utm_campaign=esporte&amp;utm_content=jkfouri&amp;fbclid=IwAR1YgWf5tM2-rfzNdlgrbvUkJW5FqNXrR2ijoeA2sAf79osFu9nx74kcP0M\" target=\"_blank\" rel=\"external\">Blog do Juca Kfour<\/a>i, hospedado no site UOL, recebe cotidianamente amea\u00e7as e xingamentos. Na \u00faltima segunda-feira (14), o profissional entrou com representa\u00e7\u00e3o no Minist\u00e9rio P\u00fablico de S\u00e3o Paulo contra o corretor de im\u00f3veis Jos\u00e9 Em\u00edlio Joly J\u00fanior, que lhe amea\u00e7ou por diversas vezes.<\/p>\n<p>&#8220;Juca-nalha. Um dia vou cruzar na sua frente e te encher de porrada na cara! Velho gaga. Pederasta in\u00fatil. Ped\u00f3filo (\u2026) Se cuida palha\u00e7o!&#8221;, escreveu Joly J\u00fanior, que afirmou ser ex-militar nas mensagens e defensor de Bolsonaro. \u201cBolsonaro, meu \u00eddolo! Meta chumbo nesse bando de chopins. Quero ver milhares de canalhas tombando com as armas da honestidade\u201d, disse, em outro coment\u00e1rio do blog.<\/p>\n<p><img data-recalc-dims=\"1\" decoding=\"async\" src=\"https:\/\/i0.wp.com\/farm5.staticflickr.com\/4837\/46727856922_9ca961157d_o.jpg?w=600&#038;ssl=1\" alt=\"\" \/><\/p>\n<p>O jornalista notificou o agressor que o caso foi levado as autoridades. Joly J\u00fanior chegou a enviar um pedido de desculpas protocolar ao blog e n\u00e3o fez mais coment\u00e1rios.<\/p>\n<p>\u201cAs chamadas redes sociais ou anti-sociais, acabaram nos revelando um mundo que tem esse aspecto not\u00e1vel que \u00e9 o da possibilidade da democratiza\u00e7\u00e3o da informa\u00e7\u00e3o, onde todos podem se manifestar. Mas, ao mesmo tempo, revela o lado mais sombrio das pessoas. Um lado covarde de amea\u00e7ar. A pessoa sabe com quem est\u00e1 falando, mas a pessoa amea\u00e7ada n\u00e3o sabe quem o amea\u00e7a; o\u00a0uso do anonimato\u2026 Tudo isso virou moda\u201d, diz Kfouri.<\/p>\n<p>Ele detalha que o que lhe fez procurar a Justi\u00e7a foi um coment\u00e1rio no qual Joly J\u00fanior, que usava o apelido \u201cJConselheiro\u201d e utilizava o e-mail da esposa, afirmou que o nome do jornalista estaria \u201cna lista de passageiros de famosos helic\u00f3pteros dos tempos \u00e1ureos da ditadura, onde sobrevoavam por mares distantes! Aten\u00e7\u00e3o senhores passageiros para voo panor\u00e2mico em alto mar. Tomem seus assentos, boa viagem e at\u00e9 nunca mais\u201d.<\/p>\n<p><img data-recalc-dims=\"1\" decoding=\"async\" src=\"https:\/\/i0.wp.com\/farm8.staticflickr.com\/7892\/32904646388_89c21bed6e_o.jpg?w=600&#038;ssl=1\" alt=\"\" \/><\/p>\n<p>O objetivo de Kfouri \u00e9 que Joly J\u00fanior tamb\u00e9m responda sobre o que sabe dessas a\u00e7\u00f5es do ex\u00e9rcito durante o regime militar. Os coment\u00e1rios forem entregues a Paulo Marco Ferreira Lima, procurador de Justi\u00e7a e\u00a0chefe do <a href=\"http:\/\/www.mpsp.mp.br\/portal\/page\/portal\/noticias\/noticia?id_noticia=17647069&amp;id_grupo=118\" target=\"_blank\" rel=\"external\">N\u00facleo de Combate a Crimes Cibern\u00e9ticos<\/a>, que investiga as amea\u00e7as.<\/p>\n<p>Para o jornalista, \u00e9 essencial denunciar os agressores. \u201c\u00c9 o que se pode fazer. Ir \u00e0 Justi\u00e7a, denunci\u00e1-los ou tornar p\u00fablico, da\u00ed passam a se comportar de uma maneira mais civilizada. Faz parte da nossa profiss\u00e3o\u201d. Kfouri conta ainda que sofre amea\u00e7as desde 1982, quando trabalhava como diretor da Revista Placar e denunciou 125 pessoas por participarem da m\u00e1fia da loteria esportiva.<\/p>\n<p>Na sua opini\u00e3o, sob o governo Bolsonaro, o exerc\u00edcio jornal\u00edstico e os pr\u00f3prios profissionais ser\u00e3o ainda mais atacados.<\/p>\n<p>\u201cO primeiro a fazer esse tipo de amea\u00e7a \u00e9 o pr\u00f3prio presidente, o pr\u00f3prio Bolsonaro. \u00c9 s\u00f3 lembrar do que ele disse naquele discurso na Av. Paulista e o que tem dito contra a imprensa.\u201d<\/p>\n<p>A <a href=\"https:\/\/abraji.org.br\/noticias\/abraji-registra-mais-de-130-casos-de-violencia-contra-jornalistas-em-contexto-politico-eleitoral\" target=\"_blank\" rel=\"external\">Associa\u00e7\u00e3o Brasileira de Jornalismo Investigativo (Abraji)<\/a> tamb\u00e9m monitora os casos de viol\u00eancia f\u00edsica ou virtuais contra profissionais da comunica\u00e7\u00e3o. Em 2018, a organiza\u00e7\u00e3o registrou cerca de 156 casos, 85 deles de ass\u00e9dio virtual.<\/p>\n<p class=\"editor\">Edi\u00e7\u00e3o: Mauro Ramos<\/p>\n<div class=\"content-footer\"><\/div>\n","protected":false},"excerpt":{"rendered":"<p>Federa\u00e7\u00e3o Nacional dos Jornalistas (Fenaj) lan\u00e7ou nesta sexta-feira (18) documento que registra 135 casos violentos<\/p>\n","protected":false},"author":1,"featured_media":0,"comment_status":"closed","ping_status":"open","sticky":false,"template":"","format":"standard","meta":{"_exactmetrics_skip_tracking":false,"_exactmetrics_sitenote_active":false,"_exactmetrics_sitenote_note":"","_exactmetrics_sitenote_category":0,"jetpack_post_was_ever_published":false,"_jetpack_newsletter_access":"","_jetpack_dont_email_post_to_subs":false,"_jetpack_newsletter_tier_id":0,"_jetpack_memberships_contains_paywalled_content":false,"_jetpack_memberships_contains_paid_content":false,"footnotes":"","jetpack_publicize_message":"","jetpack_publicize_feature_enabled":true,"jetpack_social_post_already_shared":true,"jetpack_social_options":{"image_generator_settings":{"template":"highway","enabled":false},"version":2}},"categories":[1],"tags":[],"class_list":["post-20121","post","type-post","status-publish","format-standard","hentry","category-notas"],"jetpack_publicize_connections":[],"jetpack_sharing_enabled":true,"jetpack_featured_media_url":"","jetpack_shortlink":"https:\/\/wp.me\/p7wKYW-5ex","jetpack-related-posts":[],"_links":{"self":[{"href":"http:\/\/blogdalucianaoliveira.com.br\/blog\/wp-json\/wp\/v2\/posts\/20121","targetHints":{"allow":["GET"]}}],"collection":[{"href":"http:\/\/blogdalucianaoliveira.com.br\/blog\/wp-json\/wp\/v2\/posts"}],"about":[{"href":"http:\/\/blogdalucianaoliveira.com.br\/blog\/wp-json\/wp\/v2\/types\/post"}],"author":[{"embeddable":true,"href":"http:\/\/blogdalucianaoliveira.com.br\/blog\/wp-json\/wp\/v2\/users\/1"}],"replies":[{"embeddable":true,"href":"http:\/\/blogdalucianaoliveira.com.br\/blog\/wp-json\/wp\/v2\/comments?post=20121"}],"version-history":[{"count":1,"href":"http:\/\/blogdalucianaoliveira.com.br\/blog\/wp-json\/wp\/v2\/posts\/20121\/revisions"}],"predecessor-version":[{"id":20123,"href":"http:\/\/blogdalucianaoliveira.com.br\/blog\/wp-json\/wp\/v2\/posts\/20121\/revisions\/20123"}],"wp:attachment":[{"href":"http:\/\/blogdalucianaoliveira.com.br\/blog\/wp-json\/wp\/v2\/media?parent=20121"}],"wp:term":[{"taxonomy":"category","embeddable":true,"href":"http:\/\/blogdalucianaoliveira.com.br\/blog\/wp-json\/wp\/v2\/categories?post=20121"},{"taxonomy":"post_tag","embeddable":true,"href":"http:\/\/blogdalucianaoliveira.com.br\/blog\/wp-json\/wp\/v2\/tags?post=20121"}],"curies":[{"name":"wp","href":"https:\/\/api.w.org\/{rel}","templated":true}]}}