{"id":20127,"date":"2019-01-18T16:04:24","date_gmt":"2019-01-18T20:04:24","guid":{"rendered":"http:\/\/blogdalucianaoliveira.com.br\/blog\/?p=20127"},"modified":"2019-01-18T16:06:27","modified_gmt":"2019-01-18T20:06:27","slug":"as-vesperas-de-davos-jornal-suico-compara-bolsonaro-a-pinochet-e-diz-que-ele-despreza-as-mulheres-e-admira-ditadores","status":"publish","type":"post","link":"http:\/\/blogdalucianaoliveira.com.br\/blog\/2019\/01\/18\/as-vesperas-de-davos-jornal-suico-compara-bolsonaro-a-pinochet-e-diz-que-ele-despreza-as-mulheres-e-admira-ditadores\/","title":{"rendered":"\u00c0s v\u00e9speras de Davos, jornal su\u00ed\u00e7o compara Bolsonaro a Pinochet e diz que ele despreza as mulheres e admira ditadores"},"content":{"rendered":"<p><img data-recalc-dims=\"1\" loading=\"lazy\" decoding=\"async\" data-attachment-id=\"20128\" data-permalink=\"http:\/\/blogdalucianaoliveira.com.br\/blog\/2019\/01\/18\/as-vesperas-de-davos-jornal-suico-compara-bolsonaro-a-pinochet-e-diz-que-ele-despreza-as-mulheres-e-admira-ditadores\/47c9cd63-94d3-4a7d-8a0d-fcb9f13291d7\/\" data-orig-file=\"https:\/\/i0.wp.com\/blogdalucianaoliveira.com.br\/blog\/wp-content\/uploads\/2019\/01\/47C9CD63-94D3-4A7D-8A0D-FCB9F13291D7.png?fit=750%2C435\" data-orig-size=\"750,435\" data-comments-opened=\"0\" data-image-meta=\"{&quot;aperture&quot;:&quot;0&quot;,&quot;credit&quot;:&quot;&quot;,&quot;camera&quot;:&quot;&quot;,&quot;caption&quot;:&quot;&quot;,&quot;created_timestamp&quot;:&quot;0&quot;,&quot;copyright&quot;:&quot;&quot;,&quot;focal_length&quot;:&quot;0&quot;,&quot;iso&quot;:&quot;0&quot;,&quot;shutter_speed&quot;:&quot;0&quot;,&quot;title&quot;:&quot;&quot;,&quot;orientation&quot;:&quot;0&quot;}\" data-image-title=\"47C9CD63-94D3-4A7D-8A0D-FCB9F13291D7\" data-image-description=\"\" data-image-caption=\"\" data-medium-file=\"https:\/\/i0.wp.com\/blogdalucianaoliveira.com.br\/blog\/wp-content\/uploads\/2019\/01\/47C9CD63-94D3-4A7D-8A0D-FCB9F13291D7.png?fit=300%2C174\" data-large-file=\"https:\/\/i0.wp.com\/blogdalucianaoliveira.com.br\/blog\/wp-content\/uploads\/2019\/01\/47C9CD63-94D3-4A7D-8A0D-FCB9F13291D7.png?fit=600%2C348\" src=\"https:\/\/i0.wp.com\/blogdalucianaoliveira.com.br\/blog\/wp-content\/uploads\/2019\/01\/47C9CD63-94D3-4A7D-8A0D-FCB9F13291D7.png?resize=600%2C348\" alt=\"47C9CD63-94D3-4A7D-8A0D-FCB9F13291D7\" width=\"600\" height=\"348\" class=\"alignnone size-full wp-image-20128\" srcset=\"https:\/\/i0.wp.com\/blogdalucianaoliveira.com.br\/blog\/wp-content\/uploads\/2019\/01\/47C9CD63-94D3-4A7D-8A0D-FCB9F13291D7.png?w=750 750w, https:\/\/i0.wp.com\/blogdalucianaoliveira.com.br\/blog\/wp-content\/uploads\/2019\/01\/47C9CD63-94D3-4A7D-8A0D-FCB9F13291D7.png?resize=300%2C174 300w, https:\/\/i0.wp.com\/blogdalucianaoliveira.com.br\/blog\/wp-content\/uploads\/2019\/01\/47C9CD63-94D3-4A7D-8A0D-FCB9F13291D7.png?resize=517%2C300 517w\" sizes=\"auto, (max-width: 600px) 100vw, 600px\" \/><\/p>\n<p>No DCM &#8211; Na semana que vem, Bolsonaro far\u00e1 sua estreia internacional no F\u00f3rum Econ\u00f4mico Mundial, em Davos.<!--more--><\/p>\n<p>Ficar\u00e1 quatro dias na cidade, um recorde \u2014 o costume \u00e9 um pernoite. Trump, Angela Merkel e Emmanuel Macron j\u00e1 anunciaram que n\u00e3o v\u00e3o.<\/p>\n<p>O jornal Le Temps, o \u00fanico franc\u00f3fono na Su\u00ed\u00e7a, publicou um artigo sobre Bolsonaro na \u00faltima quarta feira, 16, assinado por Charles Wyplosz, comparando-o a Pinochet.<\/p>\n<p>Alguns trechos:<\/p>\n<p>O novo presidente do Brasil despreza abertamente as mulheres e defende uma atitude particularmente agressiva em rela\u00e7\u00e3o \u00e0s popula\u00e7\u00f5es ind\u00edgenas da Amaz\u00f4nia. Ele \u00e9 um admirador dos generais ditatoriais dos anos 70 e de todos os militares que torturaram e executaram aqueles que protestaram.<\/p>\n<p>Admira ainda mais Pinochet, que executou ainda mais pessoas do que seus colegas brasileiros e entregou as chaves das quest\u00f5es econ\u00f4micas aos Chicago Boys. Esse atalho \u00e9 importante: como Pinochet era um ditador particularmente cruel, tudo o que ele fazia era nojento. (\u2026)<\/p>\n<p>Como muitos outros populistas em todo o mundo, Bolsonaro foi eleito porque, h\u00e1 muito tempo, os brasileiros est\u00e3o desesperados. As desigualdades s\u00e3o terr\u00edveis. A viol\u00eancia atingiu n\u00edveis alarmantes. A corrup\u00e7\u00e3o \u00e9 generalizada. O or\u00e7amento \u00e9 insustent\u00e1vel. Na d\u00e9cada de 1990, o presidente Cardoso, um homem de centro-direita, parou a infla\u00e7\u00e3o l\u00edquida que durante anos ultrapassou mil por cento. Seu sucessor de esquerda, Lula, reduziu a desigualdade por meio de programas inteligentes, especialmente na educa\u00e7\u00e3o. Ele cedeu o poder a Dilma Rousseff, que praticava o populismo de esquerda, arrastando Lula em sua queda. (\u2026)<\/p>\n<p>O sucesso de Bolsonaro \u00e9, acima de tudo, o fracasso da pol\u00edtica brasileira desde o retorno da democracia em 1985. Diante do crime, ele pretende responder com a for\u00e7a. (\u2026)<\/p>\n<p>Ele nomeou como ministro da Justi\u00e7a Sergio Moro, o pequeno juiz que mandou Lula para a pris\u00e3o e que parece ter feito da luta contra a corrup\u00e7\u00e3o e a viol\u00eancia o neg\u00f3cio de sua vida. (\u2026) Na economia, Bolsonaro recorreu a Paulo Guedes. Com um Ph.D. em Chicago, ele \u00e9 altamente competente. Fervorosamente ligado aos benef\u00edcios da economia de mercado, ele obviamente pensa nos \u201cChicago Boys\u201d de Pinochet.<\/p>\n<p>Mas se o Chile tem agora a economia com melhor desempenho na Am\u00e9rica do Sul, isso deve muito aos Chicago Boys. Em um pa\u00eds como o Brasil, devastado por lobbies e corrup\u00e7\u00e3o, gastos p\u00fablicos de interesse mais do que duvidoso e um sistema de pens\u00f5es particularmente negligente, um retorno aos fundamentos n\u00e3o \u00e9 insano, mesmo que a luta contra a pobreza seja esquecido ou, pior, revertida. (\u2026)<\/p>\n<p>Em quest\u00f5es fundamentais para o Brasil \u2013 viol\u00eancia, corrup\u00e7\u00e3o, economia pervertida -, a chegada ao poder de Bolsonaro representa uma aposta. Aposta arriscada, j\u00e1 que o personagem \u00e9 sulfuroso e inexperiente, mas n\u00e3o necessariamente perdida com anteced\u00eancia. O que \u00e9 certo \u00e9 que a outra quest\u00e3o essencial, das desigualdades, ser\u00e1 esquecida.<\/p>\n","protected":false},"excerpt":{"rendered":"<p>No DCM &#8211; Na semana que vem, Bolsonaro far\u00e1 sua estreia internacional no F\u00f3rum Econ\u00f4mico Mundial, em Davos.<\/p>\n","protected":false},"author":1,"featured_media":20128,"comment_status":"closed","ping_status":"open","sticky":false,"template":"","format":"standard","meta":{"_exactmetrics_skip_tracking":false,"_exactmetrics_sitenote_active":false,"_exactmetrics_sitenote_note":"","_exactmetrics_sitenote_category":0,"jetpack_post_was_ever_published":false,"_jetpack_newsletter_access":"","_jetpack_dont_email_post_to_subs":false,"_jetpack_newsletter_tier_id":0,"_jetpack_memberships_contains_paywalled_content":false,"_jetpack_memberships_contains_paid_content":false,"footnotes":"","jetpack_publicize_message":"","jetpack_publicize_feature_enabled":true,"jetpack_social_post_already_shared":true,"jetpack_social_options":{"image_generator_settings":{"template":"highway","enabled":false},"version":2}},"categories":[1],"tags":[],"class_list":["post-20127","post","type-post","status-publish","format-standard","has-post-thumbnail","hentry","category-notas"],"jetpack_publicize_connections":[],"jetpack_sharing_enabled":true,"jetpack_featured_media_url":"https:\/\/i0.wp.com\/blogdalucianaoliveira.com.br\/blog\/wp-content\/uploads\/2019\/01\/47C9CD63-94D3-4A7D-8A0D-FCB9F13291D7.png?fit=750%2C435","jetpack_shortlink":"https:\/\/wp.me\/p7wKYW-5eD","jetpack-related-posts":[],"_links":{"self":[{"href":"http:\/\/blogdalucianaoliveira.com.br\/blog\/wp-json\/wp\/v2\/posts\/20127","targetHints":{"allow":["GET"]}}],"collection":[{"href":"http:\/\/blogdalucianaoliveira.com.br\/blog\/wp-json\/wp\/v2\/posts"}],"about":[{"href":"http:\/\/blogdalucianaoliveira.com.br\/blog\/wp-json\/wp\/v2\/types\/post"}],"author":[{"embeddable":true,"href":"http:\/\/blogdalucianaoliveira.com.br\/blog\/wp-json\/wp\/v2\/users\/1"}],"replies":[{"embeddable":true,"href":"http:\/\/blogdalucianaoliveira.com.br\/blog\/wp-json\/wp\/v2\/comments?post=20127"}],"version-history":[{"count":1,"href":"http:\/\/blogdalucianaoliveira.com.br\/blog\/wp-json\/wp\/v2\/posts\/20127\/revisions"}],"predecessor-version":[{"id":20129,"href":"http:\/\/blogdalucianaoliveira.com.br\/blog\/wp-json\/wp\/v2\/posts\/20127\/revisions\/20129"}],"wp:featuredmedia":[{"embeddable":true,"href":"http:\/\/blogdalucianaoliveira.com.br\/blog\/wp-json\/wp\/v2\/media\/20128"}],"wp:attachment":[{"href":"http:\/\/blogdalucianaoliveira.com.br\/blog\/wp-json\/wp\/v2\/media?parent=20127"}],"wp:term":[{"taxonomy":"category","embeddable":true,"href":"http:\/\/blogdalucianaoliveira.com.br\/blog\/wp-json\/wp\/v2\/categories?post=20127"},{"taxonomy":"post_tag","embeddable":true,"href":"http:\/\/blogdalucianaoliveira.com.br\/blog\/wp-json\/wp\/v2\/tags?post=20127"}],"curies":[{"name":"wp","href":"https:\/\/api.w.org\/{rel}","templated":true}]}}