{"id":20130,"date":"2019-01-18T16:46:29","date_gmt":"2019-01-18T20:46:29","guid":{"rendered":"http:\/\/blogdalucianaoliveira.com.br\/blog\/?p=20130"},"modified":"2019-01-18T16:54:33","modified_gmt":"2019-01-18T20:54:33","slug":"o-primeiro-erro-do-governo-bolsonaro-na-luta-contra-o-hiv","status":"publish","type":"post","link":"http:\/\/blogdalucianaoliveira.com.br\/blog\/2019\/01\/18\/o-primeiro-erro-do-governo-bolsonaro-na-luta-contra-o-hiv\/","title":{"rendered":"O primeiro erro do governo Bolsonaro na luta contra o HIV"},"content":{"rendered":"<p><img data-recalc-dims=\"1\" loading=\"lazy\" decoding=\"async\" data-attachment-id=\"20131\" data-permalink=\"http:\/\/blogdalucianaoliveira.com.br\/blog\/2019\/01\/18\/o-primeiro-erro-do-governo-bolsonaro-na-luta-contra-o-hiv\/6823a9b4-6c17-46aa-8c55-06ae3fa6aa35\/\" data-orig-file=\"https:\/\/i0.wp.com\/blogdalucianaoliveira.com.br\/blog\/wp-content\/uploads\/2019\/01\/6823A9B4-6C17-46AA-8C55-06AE3FA6AA35.jpeg?fit=2400%2C1193\" data-orig-size=\"2400,1193\" data-comments-opened=\"0\" data-image-meta=\"{&quot;aperture&quot;:&quot;0&quot;,&quot;credit&quot;:&quot;&quot;,&quot;camera&quot;:&quot;&quot;,&quot;caption&quot;:&quot;&quot;,&quot;created_timestamp&quot;:&quot;0&quot;,&quot;copyright&quot;:&quot;&quot;,&quot;focal_length&quot;:&quot;0&quot;,&quot;iso&quot;:&quot;0&quot;,&quot;shutter_speed&quot;:&quot;0&quot;,&quot;title&quot;:&quot;&quot;,&quot;orientation&quot;:&quot;0&quot;}\" data-image-title=\"6823A9B4-6C17-46AA-8C55-06AE3FA6AA35\" data-image-description=\"\" data-image-caption=\"\" data-medium-file=\"https:\/\/i0.wp.com\/blogdalucianaoliveira.com.br\/blog\/wp-content\/uploads\/2019\/01\/6823A9B4-6C17-46AA-8C55-06AE3FA6AA35.jpeg?fit=300%2C149\" data-large-file=\"https:\/\/i0.wp.com\/blogdalucianaoliveira.com.br\/blog\/wp-content\/uploads\/2019\/01\/6823A9B4-6C17-46AA-8C55-06AE3FA6AA35.jpeg?fit=600%2C298\" class=\"alignnone size-full wp-image-20131\" src=\"https:\/\/i0.wp.com\/blogdalucianaoliveira.com.br\/blog\/wp-content\/uploads\/2019\/01\/6823A9B4-6C17-46AA-8C55-06AE3FA6AA35.jpeg?resize=600%2C298\" alt=\"6823A9B4-6C17-46AA-8C55-06AE3FA6AA35\" width=\"600\" height=\"298\" srcset=\"https:\/\/i0.wp.com\/blogdalucianaoliveira.com.br\/blog\/wp-content\/uploads\/2019\/01\/6823A9B4-6C17-46AA-8C55-06AE3FA6AA35.jpeg?w=2400 2400w, https:\/\/i0.wp.com\/blogdalucianaoliveira.com.br\/blog\/wp-content\/uploads\/2019\/01\/6823A9B4-6C17-46AA-8C55-06AE3FA6AA35.jpeg?resize=300%2C149 300w, https:\/\/i0.wp.com\/blogdalucianaoliveira.com.br\/blog\/wp-content\/uploads\/2019\/01\/6823A9B4-6C17-46AA-8C55-06AE3FA6AA35.jpeg?resize=768%2C382 768w, https:\/\/i0.wp.com\/blogdalucianaoliveira.com.br\/blog\/wp-content\/uploads\/2019\/01\/6823A9B4-6C17-46AA-8C55-06AE3FA6AA35.jpeg?resize=1024%2C509 1024w, https:\/\/i0.wp.com\/blogdalucianaoliveira.com.br\/blog\/wp-content\/uploads\/2019\/01\/6823A9B4-6C17-46AA-8C55-06AE3FA6AA35.jpeg?resize=604%2C300 604w, https:\/\/i0.wp.com\/blogdalucianaoliveira.com.br\/blog\/wp-content\/uploads\/2019\/01\/6823A9B4-6C17-46AA-8C55-06AE3FA6AA35.jpeg?w=1200 1200w, https:\/\/i0.wp.com\/blogdalucianaoliveira.com.br\/blog\/wp-content\/uploads\/2019\/01\/6823A9B4-6C17-46AA-8C55-06AE3FA6AA35.jpeg?w=1800 1800w\" sizes=\"auto, (max-width: 600px) 100vw, 600px\" \/><\/p>\n<p>Essa foi uma semana de muitas mudan\u00e7as em todo o Brasil por conta dos governos rec\u00e9m-empossados. Isso j\u00e1 era esperado, uma vez que novas equipes devem se formar para por em pr\u00e1tica os planos do atual governo. Nesse processo, equipes antigas se dissolvem, caso n\u00e3o se enquadrem na nova coreografia vigente. Entretanto, uma mudan\u00e7a recebida com muita preocupa\u00e7\u00e3o e tristeza pela luta contra o HIV\/Aids no Brasil foi a exonera\u00e7\u00e3o da Diretora do Departamento de ISTs, HIV\/Aids e Hepatites Virais do Minist\u00e9rio da Sa\u00fade, Dra Adele Benzaken. A gravidade do fato n\u00e3o vem da exonera\u00e7\u00e3o em si, mas das entrelinhas dessa hist\u00f3ria.<!--more--><\/p>\n<p>&nbsp;<\/p>\n<p>O motivo dessa exonera\u00e7\u00e3o, o aval da diretora para uma cartilha de &#8230; &#8211; Veja mais em <a href=\"https:\/\/ricovasconcelos.blogosfera.uol.com.br\/2019\/01\/18\/o-primeiro-erro-do-governo-bolsonaro-na-luta-contra-o-hiv\/?cmpid=copiaecola\">https:\/\/ricovasconcelos.blogosfera.uol.com.br\/2019\/01\/18\/o-primeiro-erro-do-governo-bolsonaro-na-luta-contra-o-hiv\/?cmpid=copiaecola<\/a><\/p>\n","protected":false},"excerpt":{"rendered":"<p>Essa foi uma semana de muitas mudan\u00e7as em todo o Brasil por conta dos governos rec\u00e9m-empossados. Isso j\u00e1 era esperado, uma vez que novas equipes devem se formar para por em pr\u00e1tica os planos do atual governo. Nesse processo, equipes antigas se dissolvem, caso n\u00e3o se enquadrem na nova coreografia vigente. Entretanto, uma mudan\u00e7a recebida&#8230;<a class=\"more-link\" href=\"http:\/\/blogdalucianaoliveira.com.br\/blog\/2019\/01\/18\/o-primeiro-erro-do-governo-bolsonaro-na-luta-contra-o-hiv\/\">Continue a leitura <span class=\"meta-nav\">&raquo;<\/span><\/a><\/p>\n","protected":false},"author":1,"featured_media":0,"comment_status":"closed","ping_status":"open","sticky":false,"template":"","format":"standard","meta":{"_exactmetrics_skip_tracking":false,"_exactmetrics_sitenote_active":false,"_exactmetrics_sitenote_note":"","_exactmetrics_sitenote_category":0,"jetpack_post_was_ever_published":false,"_jetpack_newsletter_access":"","_jetpack_dont_email_post_to_subs":false,"_jetpack_newsletter_tier_id":0,"_jetpack_memberships_contains_paywalled_content":false,"_jetpack_memberships_contains_paid_content":false,"footnotes":"","jetpack_publicize_message":"","jetpack_publicize_feature_enabled":true,"jetpack_social_post_already_shared":true,"jetpack_social_options":{"image_generator_settings":{"template":"highway","enabled":false},"version":2}},"categories":[1],"tags":[],"class_list":["post-20130","post","type-post","status-publish","format-standard","hentry","category-notas"],"jetpack_publicize_connections":[],"jetpack_sharing_enabled":true,"jetpack_featured_media_url":"","jetpack_shortlink":"https:\/\/wp.me\/p7wKYW-5eG","jetpack-related-posts":[],"_links":{"self":[{"href":"http:\/\/blogdalucianaoliveira.com.br\/blog\/wp-json\/wp\/v2\/posts\/20130","targetHints":{"allow":["GET"]}}],"collection":[{"href":"http:\/\/blogdalucianaoliveira.com.br\/blog\/wp-json\/wp\/v2\/posts"}],"about":[{"href":"http:\/\/blogdalucianaoliveira.com.br\/blog\/wp-json\/wp\/v2\/types\/post"}],"author":[{"embeddable":true,"href":"http:\/\/blogdalucianaoliveira.com.br\/blog\/wp-json\/wp\/v2\/users\/1"}],"replies":[{"embeddable":true,"href":"http:\/\/blogdalucianaoliveira.com.br\/blog\/wp-json\/wp\/v2\/comments?post=20130"}],"version-history":[{"count":4,"href":"http:\/\/blogdalucianaoliveira.com.br\/blog\/wp-json\/wp\/v2\/posts\/20130\/revisions"}],"predecessor-version":[{"id":20135,"href":"http:\/\/blogdalucianaoliveira.com.br\/blog\/wp-json\/wp\/v2\/posts\/20130\/revisions\/20135"}],"wp:attachment":[{"href":"http:\/\/blogdalucianaoliveira.com.br\/blog\/wp-json\/wp\/v2\/media?parent=20130"}],"wp:term":[{"taxonomy":"category","embeddable":true,"href":"http:\/\/blogdalucianaoliveira.com.br\/blog\/wp-json\/wp\/v2\/categories?post=20130"},{"taxonomy":"post_tag","embeddable":true,"href":"http:\/\/blogdalucianaoliveira.com.br\/blog\/wp-json\/wp\/v2\/tags?post=20130"}],"curies":[{"name":"wp","href":"https:\/\/api.w.org\/{rel}","templated":true}]}}