{"id":20136,"date":"2019-01-19T10:51:30","date_gmt":"2019-01-19T14:51:30","guid":{"rendered":"http:\/\/blogdalucianaoliveira.com.br\/blog\/?p=20136"},"modified":"2019-01-19T10:51:30","modified_gmt":"2019-01-19T14:51:30","slug":"das-92-vagas-do-mais-medicos-em-areas-indigenas-apenas-quatro-estao-ocupadas","status":"publish","type":"post","link":"http:\/\/blogdalucianaoliveira.com.br\/blog\/2019\/01\/19\/das-92-vagas-do-mais-medicos-em-areas-indigenas-apenas-quatro-estao-ocupadas\/","title":{"rendered":"Das 92 vagas do Mais M\u00e9dicos em \u00e1reas ind\u00edgenas, apenas quatro est\u00e3o ocupadas"},"content":{"rendered":"<p><img data-recalc-dims=\"1\" loading=\"lazy\" decoding=\"async\" data-attachment-id=\"20137\" data-permalink=\"http:\/\/blogdalucianaoliveira.com.br\/blog\/2019\/01\/19\/das-92-vagas-do-mais-medicos-em-areas-indigenas-apenas-quatro-estao-ocupadas\/ae190a17-9841-4d65-99fd-4f87d6813152\/\" data-orig-file=\"https:\/\/i0.wp.com\/blogdalucianaoliveira.com.br\/blog\/wp-content\/uploads\/2019\/01\/AE190A17-9841-4D65-99FD-4F87D6813152.jpeg?fit=640%2C431\" data-orig-size=\"640,431\" data-comments-opened=\"0\" data-image-meta=\"{&quot;aperture&quot;:&quot;0&quot;,&quot;credit&quot;:&quot;&quot;,&quot;camera&quot;:&quot;&quot;,&quot;caption&quot;:&quot;&quot;,&quot;created_timestamp&quot;:&quot;0&quot;,&quot;copyright&quot;:&quot;&quot;,&quot;focal_length&quot;:&quot;0&quot;,&quot;iso&quot;:&quot;0&quot;,&quot;shutter_speed&quot;:&quot;0&quot;,&quot;title&quot;:&quot;&quot;,&quot;orientation&quot;:&quot;0&quot;}\" data-image-title=\"AE190A17-9841-4D65-99FD-4F87D6813152\" data-image-description=\"\" data-image-caption=\"\" data-medium-file=\"https:\/\/i0.wp.com\/blogdalucianaoliveira.com.br\/blog\/wp-content\/uploads\/2019\/01\/AE190A17-9841-4D65-99FD-4F87D6813152.jpeg?fit=300%2C202\" data-large-file=\"https:\/\/i0.wp.com\/blogdalucianaoliveira.com.br\/blog\/wp-content\/uploads\/2019\/01\/AE190A17-9841-4D65-99FD-4F87D6813152.jpeg?fit=600%2C404\" class=\"alignnone size-full wp-image-20137\" src=\"https:\/\/i0.wp.com\/blogdalucianaoliveira.com.br\/blog\/wp-content\/uploads\/2019\/01\/AE190A17-9841-4D65-99FD-4F87D6813152.jpeg?resize=600%2C404\" alt=\"AE190A17-9841-4D65-99FD-4F87D6813152\" width=\"600\" height=\"404\" srcset=\"https:\/\/i0.wp.com\/blogdalucianaoliveira.com.br\/blog\/wp-content\/uploads\/2019\/01\/AE190A17-9841-4D65-99FD-4F87D6813152.jpeg?w=640 640w, https:\/\/i0.wp.com\/blogdalucianaoliveira.com.br\/blog\/wp-content\/uploads\/2019\/01\/AE190A17-9841-4D65-99FD-4F87D6813152.jpeg?resize=300%2C202 300w, https:\/\/i0.wp.com\/blogdalucianaoliveira.com.br\/blog\/wp-content\/uploads\/2019\/01\/AE190A17-9841-4D65-99FD-4F87D6813152.jpeg?resize=445%2C300 445w\" sizes=\"auto, (max-width: 600px) 100vw, 600px\" \/><\/p>\n<p>Governo Bolsonaro (PSL) n\u00e3o consegue resolver vazio deixado por m\u00e9dicos cubanos nas regi\u00f5es mais vulner\u00e1veis do pa\u00eds<!--more--><\/p>\n<p>Leonardo Fernandes<br \/>\nSa\u00fade Popular<\/p>\n<p>Luiz Ot\u00e1vio \u00e9 m\u00e9dico, formado em Manaus (AM), especialista em Sa\u00fade da Fam\u00edlia e Comunidade. Desde 2016, trabalhava como supervisor acad\u00eamico do <a href=\"https:\/\/www.brasildefato.com.br\/2016\/10\/05\/no-nordeste-63-dos-profissionais-do-mais-medicos-estao-nas-cidades-pobres\/\">programa Mais M\u00e9dicos (PMM)<\/a> em Jo\u00e3o Pessoa, na Para\u00edba. Com o fim do conv\u00eanio entre Cuba, a Organiza\u00e7\u00e3o Pan-Americana de Sa\u00fade (Opas) e o Brasil, em novembro de 2018, o m\u00e9dico arrumou as malas e foi para o distrito Yanomami do estado de Roraima, determinado a salvar vidas.<\/p>\n<p>\u201cCom o fim do conv\u00eanio, eu decidi largar as coisas em Jo\u00e3o Pessoa e vim assumir o edital [do PMM] aqui, para trabalhar no distrito como m\u00e9dico. E fiquei muito feliz ao descobrir que outros m\u00e9dicos brasileiros tamb\u00e9m fizeram isso. Atualmente somos um grupo de oito m\u00e9dicos\u201d.<\/p>\n<p>Luiz conta que o acesso aos distritos ind\u00edgenas \u00e9 bastante complicado e, muitas vezes, deve ser feito com um avi\u00e3o monomotor. As dificuldades fizeram com que essas comunidades ficassem por d\u00e9cadas totalmente desassistidas na Aten\u00e7\u00e3o B\u00e1sica \u00e0 sa\u00fade, at\u00e9 a cria\u00e7\u00e3o do Mais M\u00e9dicos em 2013.\u00a0\u201cAntes, tinha\u00a014 m\u00e9dicos cubanos atendendo o distrito dividido em 37 p\u00f3los-base, que variam de acordo com a popula\u00e7\u00e3o das aldeias. Isso era algo hist\u00f3rico, porque distritos ind\u00edgenas, principalmente na regi\u00e3o da Amaz\u00f4nia, historicamente foram desassistidos por profissionais m\u00e9dicos. \u00c9 muito raro ter um profissional m\u00e9dico nessas equipes, tanto que o enfermeiro ou o t\u00e9cnico de enfermagem sempre fizeram as tarefas que deveriam ser da al\u00e7ada profissional m\u00e9dica&#8221;, explica.<\/p>\n<p class=\"ckeditor-subtitle\">Desassist\u00eancia no interior do Amazonas<\/p>\n<p>Segundo o m\u00e9dico, desde a sa\u00edda dos cubanos, oito profissionais brasileiros atendem aos distritos ind\u00edgenas yanomamis. A situa\u00e7\u00e3o \u00e9 ainda mais grave no estado do Amazonas, como conta Janu\u00e1rio Neto, presidente do Conselho de Secret\u00e1rios Municipais de Sa\u00fade do Estado (Cosems-AM) e titular da pasta no munic\u00edpio de Manaquiri.\u00a0\u201cA sa\u00edda dos cubanos do estado do Amazonas retirou de imediato 322 m\u00e9dicos, que trabalhavam quase que exclusivamente no interior do estado, deixando aproximadamente um milh\u00e3o de pessoas \u00e0 margem do sistema. Eram 322 m\u00e9dicos cubanos que atuavam em 60 munic\u00edpios do estado&#8221;, denuncia.<\/p>\n<p>As regi\u00f5es com maior volume de popula\u00e7\u00e3o ind\u00edgena, segundo Neto, foram as mais afetadas pela sa\u00edda dos profissionais cubanos. \u201cAs mais impactadas foram as regi\u00f5es que comportam as \u00e1reas ind\u00edgenas e as regi\u00f5es mais distantes do estado do Amazonas, como as calhas dos rios Solim\u00f5es, Juru\u00e1, Purus, Alto Rio Negro e Madeira. Sobre a sa\u00fade ind\u00edgena, das 92 vagas foram repostas somente quatro. Ou seja, h\u00e1 88 localidades que atenderiam em torno de tr\u00eas mil pessoas cada, com aproximadamente 270 mil \u00edndios desassistidos de aten\u00e7\u00e3o m\u00e9dica\u201d, elenca o gestor.<\/p>\n<p>Segundo o boletim mais atualizado, 91 m\u00e9dicos se cadastraram para essas 92 vagas,\u00a0mas 80 profissionais sequer se apresentaram. Outros sete desistiram ap\u00f3s assumir.<\/p>\n<p class=\"ckeditor-subtitle\">V\u00edtimas da falta de diplomacia<\/p>\n<p>No dia 14 de novembro de 2018, o governo cubano anunciou sua retirada do Programa Mais M\u00e9dicos e a ruptura do conv\u00eanio com o governo brasileiro. A decis\u00e3o ocorreu <a href=\"https:\/\/saude-popular.org\/2018\/11\/depois-de-cinco-anos-cuba-abandona-o-mais-medicos\/\" target=\"_blank\" rel=\"external\">ap\u00f3s declara\u00e7\u00f5es \u201camea\u00e7adoras e depreciativas\u201d do ent\u00e3o presidente eleito Jair Bolsonaro (PSL)<\/a>.<\/p>\n<p><a href=\"https:\/\/www.brasildefato.com.br\/2018\/11\/30\/araquem-alcantara-o-mais-medicos-e-um-programa-revolucionario\/\">O programa Mais M\u00e9dicos foi criado em 2013, pela ent\u00e3o presidenta Dilma Rousseff<\/a>, com o objetivo de enviar profissionais da sa\u00fade para regi\u00f5es pobres e sem cobertura m\u00e9dica. Segundo a Opas, mais de 60 milh\u00f5es de brasileiros estiveram cobertos pelo programa. Em cinco anos de trabalho, cerca de 20 mil m\u00e9dicos cubanos atenderam mais de 100 milh\u00f5es de pacientes em aproximadamente 3.600 munic\u00edpios. Ap\u00f3s o golpe de estado em 2016, o n\u00famero de m\u00e9dicos foi gradualmente reduzido, contando no momento final com 8,3 mil profissionais cubanos.<\/p>\n<p>Em entrevista ao programa <a href=\"https:\/\/www.brasildefato.com.br\/2019\/01\/17\/quinze-dias-de-governo-e-nenhuma-medida-para-a-saude-critica-alexandre-padilha\/\"><strong>No Jardim da Pol\u00edtica<\/strong><\/a>, da <a href=\"https:\/\/www.brasildefato.com.br\/radioagencia\/\"><strong>R\u00e1dio Brasil de Fato<\/strong><\/a>, o ex-ministro da Sa\u00fade, Alexandre Padilha, respons\u00e1vel pela cria\u00e7\u00e3o do PMM, criticou a falta de diplomacia do governo de Jair Bolsonaro e lamentou <a href=\"https:\/\/www.brasildefato.com.br\/2018\/11\/30\/seis-cidades-no-para-nao-recebem-inscricoes-para-o-mais-medicos\/\">os efeitos para as popula\u00e7\u00f5es mais vulner\u00e1veis<\/a>.<\/p>\n<p>\u201cO que se espera de um presidente da Rep\u00fablica ou de um ministro da Sa\u00fade? \u00c9 contra os m\u00e9dicos cubanos? \u00c9 contra a parceria com Cuba? Ent\u00e3o construa um plano de transi\u00e7\u00e3o, discuta isso com os secret\u00e1rios municipais. N\u00e3o foi isso. Primeiro, durante a transi\u00e7\u00e3o n\u00e3o foi apresentada nenhuma proposta concreta, e mais, s\u00f3 [fizeram] declara\u00e7\u00f5es que desqualificavam os m\u00e9dicos cubanos\u201d, questiona o deputado federal (PT-SP).<\/p>\n<p class=\"ckeditor-img-caption\"><img data-recalc-dims=\"1\" decoding=\"async\" src=\"https:\/\/i0.wp.com\/farm8.staticflickr.com\/7895\/46065436454_44abdd20e0_o.jpg?w=600&#038;ssl=1\" alt=\"\" \/>Comunidades ind\u00edgenas s\u00e3o as mais afetadas pela sa\u00edda dos m\u00e9dicos cubanos do pa\u00eds. | Foto: L\u00e9o Ramirez\/AFP<\/p>\n<p>Apesar de lamentar a aus\u00eancia dos profissionais no Brasil, Padilha defendeu a decis\u00e3o soberana do governo cubano de proteger seus cidad\u00e3os.\u00a0\u201cImagine se fosse o Brasil, que tivesse oito mil m\u00e9dicos fora e, de repente, da noite para o dia, o presidente eleito desse pa\u00eds come\u00e7asse a desqualificar os m\u00e9dicos? Dizendo que s\u00e3o a\u00e7ougueiros, que n\u00e3o sabe se s\u00e3o m\u00e9dicos, incitando a intoler\u00e2ncia; o que as fam\u00edlias brasileiras fariam? Iam pedir para que o governo trouxesse de volta\u201d, comparou o parlamentar petista.<\/p>\n<p class=\"ckeditor-subtitle\">Vazio atinge todo o pa\u00eds<\/p>\n<p>Em car\u00e1ter de urg\u00eancia, o governo de Michel Temer, em acordo com a equipe de transi\u00e7\u00e3o da nova gest\u00e3o federal, decidiu no dia 20 de novembro abrir um edital para preencher as vagas abertas deixadas pelos m\u00e9dicos cubanos. Embora tenha anunciado um n\u00famero consider\u00e1vel de inscritos nos editais, mat\u00e9ria do <strong>Sa\u00fade Popular<\/strong> revela que <a href=\"https:\/\/saude-popular.org\/2019\/01\/mais-de-1400-vagas-medicas-seguem-sem-profissionais-quase-dois-meses-apos-saida-de-cubanos\" target=\"_blank\" rel=\"external\">um a cada tr\u00eas inscritos na \u00faltima etapa do Mais M\u00e9dicos n\u00e3o apareceu para trabalhar<\/a>.<\/p>\n<p><a href=\"https:\/\/www.brasildefato.com.br\/2018\/11\/27\/entenda-o-mais-medicos-e-o-buraco-deixado-pelos-8-mil-cubanos-que-saem-do-pais\/\">O vazio na sa\u00fade p\u00fablica provocado pelo fim do conv\u00eanio Cuba-Opas-Brasil<\/a> afetou todas as regi\u00f5es do pa\u00eds.\u00a0\u201cA situa\u00e7\u00e3o do Paran\u00e1 \u00e9 muito parecida com o resto do Brasil. Muitos m\u00e9dicos que j\u00e1 haviam se inscrito n\u00e3o assumiram as vagas, outros m\u00e9dicos assumiram mas n\u00e3o est\u00e3o se dedicando em tempo integral, fazendo outras atividades. E a enorme maioria n\u00e3o mora nos munic\u00edpios, que eu acho que \u00e9 o grande problema. Al\u00e9m daqueles munic\u00edpios que, como \u00e9 de conhecimento, ficaram com vagas abertas\u201d, afirma o deputado federal Zeca Dirceu (PT-PR).<\/p>\n<p class=\"ckeditor-subtitle\">O que (n\u00e3o) diz o Minist\u00e9rio da Sa\u00fade<\/p>\n<p>Procurado pela reportagem, o Minist\u00e9rio da Sa\u00fade n\u00e3o informou os n\u00fameros consolidados de m\u00e9dicos que se apresentaram ao trabalho ap\u00f3s a <a href=\"https:\/\/www.brasildefato.com.br\/2019\/01\/11\/um-a-cada-tres-inscritos-na-segunda-fase-do-mais-medicos-nao-compareceram\/\">realiza\u00e7\u00e3o da primeira e segunda chamada do programa<\/a>.\u00a0Em nota, a assessoria da pasta afirmou que nos dias 23 e 24 de janeiro ocorrer\u00e1 uma nova chamada, na qual \u201cbrasileiros graduados no exterior ter\u00e3o chance de selecionarem os munic\u00edpios de aloca\u00e7\u00e3o\u201d. Tamb\u00e9m que \u201cnos dias 30 e 31 de janeiro, os m\u00e9dicos estrangeiros ter\u00e3o acesso ao sistema para optarem pelas localidades com vagas em aberto\u201d.<\/p>\n<p class=\"editor\">Edi\u00e7\u00e3o: Cec\u00edlia Figueiredo<\/p>\n","protected":false},"excerpt":{"rendered":"<p>Governo Bolsonaro (PSL) n\u00e3o consegue resolver vazio deixado por m\u00e9dicos cubanos nas regi\u00f5es mais vulner\u00e1veis do pa\u00eds<\/p>\n","protected":false},"author":1,"featured_media":0,"comment_status":"closed","ping_status":"open","sticky":false,"template":"","format":"standard","meta":{"_exactmetrics_skip_tracking":false,"_exactmetrics_sitenote_active":false,"_exactmetrics_sitenote_note":"","_exactmetrics_sitenote_category":0,"jetpack_post_was_ever_published":false,"_jetpack_newsletter_access":"","_jetpack_dont_email_post_to_subs":false,"_jetpack_newsletter_tier_id":0,"_jetpack_memberships_contains_paywalled_content":false,"_jetpack_memberships_contains_paid_content":false,"footnotes":"","jetpack_publicize_message":"","jetpack_publicize_feature_enabled":true,"jetpack_social_post_already_shared":true,"jetpack_social_options":{"image_generator_settings":{"template":"highway","enabled":false},"version":2}},"categories":[1],"tags":[],"class_list":["post-20136","post","type-post","status-publish","format-standard","hentry","category-notas"],"jetpack_publicize_connections":[],"jetpack_sharing_enabled":true,"jetpack_featured_media_url":"","jetpack_shortlink":"https:\/\/wp.me\/p7wKYW-5eM","jetpack-related-posts":[],"_links":{"self":[{"href":"http:\/\/blogdalucianaoliveira.com.br\/blog\/wp-json\/wp\/v2\/posts\/20136","targetHints":{"allow":["GET"]}}],"collection":[{"href":"http:\/\/blogdalucianaoliveira.com.br\/blog\/wp-json\/wp\/v2\/posts"}],"about":[{"href":"http:\/\/blogdalucianaoliveira.com.br\/blog\/wp-json\/wp\/v2\/types\/post"}],"author":[{"embeddable":true,"href":"http:\/\/blogdalucianaoliveira.com.br\/blog\/wp-json\/wp\/v2\/users\/1"}],"replies":[{"embeddable":true,"href":"http:\/\/blogdalucianaoliveira.com.br\/blog\/wp-json\/wp\/v2\/comments?post=20136"}],"version-history":[{"count":1,"href":"http:\/\/blogdalucianaoliveira.com.br\/blog\/wp-json\/wp\/v2\/posts\/20136\/revisions"}],"predecessor-version":[{"id":20138,"href":"http:\/\/blogdalucianaoliveira.com.br\/blog\/wp-json\/wp\/v2\/posts\/20136\/revisions\/20138"}],"wp:attachment":[{"href":"http:\/\/blogdalucianaoliveira.com.br\/blog\/wp-json\/wp\/v2\/media?parent=20136"}],"wp:term":[{"taxonomy":"category","embeddable":true,"href":"http:\/\/blogdalucianaoliveira.com.br\/blog\/wp-json\/wp\/v2\/categories?post=20136"},{"taxonomy":"post_tag","embeddable":true,"href":"http:\/\/blogdalucianaoliveira.com.br\/blog\/wp-json\/wp\/v2\/tags?post=20136"}],"curies":[{"name":"wp","href":"https:\/\/api.w.org\/{rel}","templated":true}]}}