{"id":20139,"date":"2019-01-20T11:04:17","date_gmt":"2019-01-20T15:04:17","guid":{"rendered":"http:\/\/blogdalucianaoliveira.com.br\/blog\/?p=20139"},"modified":"2019-01-20T11:04:17","modified_gmt":"2019-01-20T15:04:17","slug":"novos-trechos-de-relatorio-do-coaf-aumentam-pressao-sobre-familia-bolsonaro","status":"publish","type":"post","link":"http:\/\/blogdalucianaoliveira.com.br\/blog\/2019\/01\/20\/novos-trechos-de-relatorio-do-coaf-aumentam-pressao-sobre-familia-bolsonaro\/","title":{"rendered":"Novos trechos de relat\u00f3rio do Coaf aumentam press\u00e3o sobre fam\u00edlia Bolsonaro"},"content":{"rendered":"<p><img data-recalc-dims=\"1\" loading=\"lazy\" decoding=\"async\" data-attachment-id=\"20140\" data-permalink=\"http:\/\/blogdalucianaoliveira.com.br\/blog\/2019\/01\/20\/novos-trechos-de-relatorio-do-coaf-aumentam-pressao-sobre-familia-bolsonaro\/098868bb-3f3a-4a7e-96f9-49667a0b495b\/\" data-orig-file=\"https:\/\/i0.wp.com\/blogdalucianaoliveira.com.br\/blog\/wp-content\/uploads\/2019\/01\/098868BB-3F3A-4A7E-96F9-49667A0B495B.jpeg?fit=360%2C257\" data-orig-size=\"360,257\" data-comments-opened=\"0\" data-image-meta=\"{&quot;aperture&quot;:&quot;0&quot;,&quot;credit&quot;:&quot;&quot;,&quot;camera&quot;:&quot;&quot;,&quot;caption&quot;:&quot;&quot;,&quot;created_timestamp&quot;:&quot;0&quot;,&quot;copyright&quot;:&quot;&quot;,&quot;focal_length&quot;:&quot;0&quot;,&quot;iso&quot;:&quot;0&quot;,&quot;shutter_speed&quot;:&quot;0&quot;,&quot;title&quot;:&quot;&quot;,&quot;orientation&quot;:&quot;0&quot;}\" data-image-title=\"098868BB-3F3A-4A7E-96F9-49667A0B495B\" data-image-description=\"\" data-image-caption=\"\" data-medium-file=\"https:\/\/i0.wp.com\/blogdalucianaoliveira.com.br\/blog\/wp-content\/uploads\/2019\/01\/098868BB-3F3A-4A7E-96F9-49667A0B495B.jpeg?fit=300%2C214\" data-large-file=\"https:\/\/i0.wp.com\/blogdalucianaoliveira.com.br\/blog\/wp-content\/uploads\/2019\/01\/098868BB-3F3A-4A7E-96F9-49667A0B495B.jpeg?fit=360%2C257\" class=\"alignnone size-full wp-image-20140\" src=\"https:\/\/i0.wp.com\/blogdalucianaoliveira.com.br\/blog\/wp-content\/uploads\/2019\/01\/098868BB-3F3A-4A7E-96F9-49667A0B495B.jpeg?resize=360%2C257\" alt=\"098868BB-3F3A-4A7E-96F9-49667A0B495B\" width=\"360\" height=\"257\" srcset=\"https:\/\/i0.wp.com\/blogdalucianaoliveira.com.br\/blog\/wp-content\/uploads\/2019\/01\/098868BB-3F3A-4A7E-96F9-49667A0B495B.jpeg?w=360 360w, https:\/\/i0.wp.com\/blogdalucianaoliveira.com.br\/blog\/wp-content\/uploads\/2019\/01\/098868BB-3F3A-4A7E-96F9-49667A0B495B.jpeg?resize=300%2C214 300w\" sizes=\"auto, (max-width: 360px) 100vw, 360px\" \/><\/p>\n<p>\u00d3rg\u00e3o identificou pagamento de t\u00edtulo de 1 milh\u00e3o de reais pelo senador eleito Fl\u00e1vio Bolsonaro. J\u00e1 as movimenta\u00e7\u00f5es suspeitas de seu ex-assessor Fabr\u00edcio Queiroz chegam a 7 milh\u00f5es de reais em tr\u00eas anos<!--more--><\/p>\n<p>\u00c0s v\u00e9speras de sua estreia internacional, no F\u00f3rum Econ\u00f4mico Mundial, em Davos, o presidente Jair Bolsonaro v\u00ea seu constrangimento aumentar em solo nacional. Novos trechos de relat\u00f3rios do Conselho de Controle de Atividades Financeiras (Coaf) lan\u00e7am mais suspeitas sobre seu filho, o senador eleito Fl\u00e1vio Bolsonaro, que na \u00faltima quinta-feira conseguiu que o Supremo Tribunal Federal paralisasse as investiga\u00e7\u00f5es relacionadas a seu ex-assessor, Fabr\u00edcio Queiroz. Documento divulgado neste s\u00e1bado pelo Jornal Nacional aponta que Fl\u00e1vio fez um pagamento de 1.016.839 de reais de um t\u00edtulo banc\u00e1rio da Caixa Econ\u00f4mica Federal. E, neste domingo, o colunista Lauro Jardim, do jornal O Globo, revela que Queiroz movimentou ao longo de tr\u00eas anos sete milh\u00f5es de reais.<\/p>\n<p>As informa\u00e7\u00f5es aprofundam uma crise de um Governo que at\u00e9 o momento se silencia em explicar  as suspeitas. Na \u00faltima sexta-feira, um dia depois de Fl\u00e1vio ter conseguido a vit\u00f3ria no Supremo e ter dado uma entrevista \u00e0 TV Record em que se defendia por ter buscado o foro privilegiado e acusava o Minist\u00e9rio P\u00fablico do Rio de Janeiro de ter quebrado seu sigilo irregularmente, o JN j\u00e1 havia divulgado outro trecho do mesmo relat\u00f3rio. Ele identificou uma s\u00e9rie de dep\u00f3sitos parcelados em dinheiro vivo na conta do ent\u00e3o deputado, entre junho e julho de 2017. Foram 48 dep\u00f3sitos, todos no mesmo valor: 2.000 reais, somando 96.000 no total. De acordo com o documento, Fl\u00e1vio e Queiroz t\u00eam registros de opera\u00e7\u00f5es banc\u00e1rias muito parecidos: os dep\u00f3sitos e saques eram feitos em caixas de autoatendimento dentro da Assembleia Legislativa do Rio (Alerj), as opera\u00e7\u00f5es eram em esp\u00e9cie e os valores eram fracionados.<\/p>\n<p>A nova revela\u00e7\u00e3o sobre o pagamento do t\u00edtulo de pouco mais de um milh\u00e3o de reais n\u00e3o traz maiores detalhes. De acordo com o jornal, o benefici\u00e1rio do dinheiro n\u00e3o foi identificado. J\u00e1 o colunista Lauro Jardim, que afirma que o Coaf &#8220;sabe muito mais do que j\u00e1 foi revelado&#8221; sobre o caso Queiroz, diz que al\u00e9m do 1,2 milh\u00e3o de reais movimentados entre janeiro de 2016 e janeiro de 2017 \u2014estopim da investiga\u00e7\u00e3o, iniciada em dezembro passado\u2014 passaram pela conta corrente do ex-assessor outros 5,8 milh\u00f5es nos dois anos anteriores. Ou seja, no total Queiroz movimentou 7 milh\u00f5es de reais em tr\u00eas anos. A suspeita do Minist\u00e9rio P\u00fablico do Rio \u00e9 de que funcion\u00e1rios da Alerj devolviam parte de seus sal\u00e1rios ao ent\u00e3o deputado. O \u00f3rg\u00e3o pediu ao Coaf para ampliar o levantamento sobre eles.<\/p>\n<p>At\u00e9 o momento, nem Fl\u00e1vio, nem o presidente se manifestaram sobre as novas revela\u00e7\u00f5es deste final de semana. E, de acordo com o jornal O Estado de S.Paulo, a coletiva de imprensa que Jair Bolsonaro concederia em Davos desapareceu da programa\u00e7\u00e3o oficial do F\u00f3rum Econ\u00f4mico Mundial, que come\u00e7a nesta semana. A entrevista tinha sido inclu\u00edda pelos organizadores do evento em seu site oficial. No entanto, n\u00e3o aparece mais na agenda prevista para esta ter\u00e7a-feira (22).<\/p>\n","protected":false},"excerpt":{"rendered":"<p>\u00d3rg\u00e3o identificou pagamento de t\u00edtulo de 1 milh\u00e3o de reais pelo senador eleito Fl\u00e1vio Bolsonaro. J\u00e1 as movimenta\u00e7\u00f5es suspeitas de seu ex-assessor Fabr\u00edcio Queiroz chegam a 7 milh\u00f5es de reais em tr\u00eas anos<\/p>\n","protected":false},"author":1,"featured_media":0,"comment_status":"closed","ping_status":"open","sticky":false,"template":"","format":"standard","meta":{"_exactmetrics_skip_tracking":false,"_exactmetrics_sitenote_active":false,"_exactmetrics_sitenote_note":"","_exactmetrics_sitenote_category":0,"jetpack_post_was_ever_published":false,"_jetpack_newsletter_access":"","_jetpack_dont_email_post_to_subs":false,"_jetpack_newsletter_tier_id":0,"_jetpack_memberships_contains_paywalled_content":false,"_jetpack_memberships_contains_paid_content":false,"footnotes":"","jetpack_publicize_message":"","jetpack_publicize_feature_enabled":true,"jetpack_social_post_already_shared":true,"jetpack_social_options":{"image_generator_settings":{"template":"highway","enabled":false},"version":2}},"categories":[1],"tags":[],"class_list":["post-20139","post","type-post","status-publish","format-standard","hentry","category-notas"],"jetpack_publicize_connections":[],"jetpack_sharing_enabled":true,"jetpack_featured_media_url":"","jetpack_shortlink":"https:\/\/wp.me\/p7wKYW-5eP","jetpack-related-posts":[],"_links":{"self":[{"href":"http:\/\/blogdalucianaoliveira.com.br\/blog\/wp-json\/wp\/v2\/posts\/20139","targetHints":{"allow":["GET"]}}],"collection":[{"href":"http:\/\/blogdalucianaoliveira.com.br\/blog\/wp-json\/wp\/v2\/posts"}],"about":[{"href":"http:\/\/blogdalucianaoliveira.com.br\/blog\/wp-json\/wp\/v2\/types\/post"}],"author":[{"embeddable":true,"href":"http:\/\/blogdalucianaoliveira.com.br\/blog\/wp-json\/wp\/v2\/users\/1"}],"replies":[{"embeddable":true,"href":"http:\/\/blogdalucianaoliveira.com.br\/blog\/wp-json\/wp\/v2\/comments?post=20139"}],"version-history":[{"count":1,"href":"http:\/\/blogdalucianaoliveira.com.br\/blog\/wp-json\/wp\/v2\/posts\/20139\/revisions"}],"predecessor-version":[{"id":20141,"href":"http:\/\/blogdalucianaoliveira.com.br\/blog\/wp-json\/wp\/v2\/posts\/20139\/revisions\/20141"}],"wp:attachment":[{"href":"http:\/\/blogdalucianaoliveira.com.br\/blog\/wp-json\/wp\/v2\/media?parent=20139"}],"wp:term":[{"taxonomy":"category","embeddable":true,"href":"http:\/\/blogdalucianaoliveira.com.br\/blog\/wp-json\/wp\/v2\/categories?post=20139"},{"taxonomy":"post_tag","embeddable":true,"href":"http:\/\/blogdalucianaoliveira.com.br\/blog\/wp-json\/wp\/v2\/tags?post=20139"}],"curies":[{"name":"wp","href":"https:\/\/api.w.org\/{rel}","templated":true}]}}