{"id":20142,"date":"2019-01-20T11:12:00","date_gmt":"2019-01-20T15:12:00","guid":{"rendered":"http:\/\/blogdalucianaoliveira.com.br\/blog\/?p=20142"},"modified":"2019-01-20T11:12:00","modified_gmt":"2019-01-20T15:12:00","slug":"a-certeza-e-que-o-governo-bolsonaro-acabou-diz-luis-nassif","status":"publish","type":"post","link":"http:\/\/blogdalucianaoliveira.com.br\/blog\/2019\/01\/20\/a-certeza-e-que-o-governo-bolsonaro-acabou-diz-luis-nassif\/","title":{"rendered":"A certeza \u00e9 que o governo Bolsonaro acabou, diz Luis Nassif"},"content":{"rendered":"<p><img data-recalc-dims=\"1\" loading=\"lazy\" decoding=\"async\" data-attachment-id=\"20143\" data-permalink=\"http:\/\/blogdalucianaoliveira.com.br\/blog\/2019\/01\/20\/a-certeza-e-que-o-governo-bolsonaro-acabou-diz-luis-nassif\/5fc612e2-9627-45ac-a39c-8ad97cf500f7\/\" data-orig-file=\"https:\/\/i0.wp.com\/blogdalucianaoliveira.com.br\/blog\/wp-content\/uploads\/2019\/01\/5FC612E2-9627-45AC-A39C-8AD97CF500F7.jpeg?fit=360%2C226\" data-orig-size=\"360,226\" data-comments-opened=\"0\" data-image-meta=\"{&quot;aperture&quot;:&quot;0&quot;,&quot;credit&quot;:&quot;&quot;,&quot;camera&quot;:&quot;&quot;,&quot;caption&quot;:&quot;&quot;,&quot;created_timestamp&quot;:&quot;0&quot;,&quot;copyright&quot;:&quot;&quot;,&quot;focal_length&quot;:&quot;0&quot;,&quot;iso&quot;:&quot;0&quot;,&quot;shutter_speed&quot;:&quot;0&quot;,&quot;title&quot;:&quot;&quot;,&quot;orientation&quot;:&quot;0&quot;}\" data-image-title=\"5FC612E2-9627-45AC-A39C-8AD97CF500F7\" data-image-description=\"\" data-image-caption=\"\" data-medium-file=\"https:\/\/i0.wp.com\/blogdalucianaoliveira.com.br\/blog\/wp-content\/uploads\/2019\/01\/5FC612E2-9627-45AC-A39C-8AD97CF500F7.jpeg?fit=300%2C188\" data-large-file=\"https:\/\/i0.wp.com\/blogdalucianaoliveira.com.br\/blog\/wp-content\/uploads\/2019\/01\/5FC612E2-9627-45AC-A39C-8AD97CF500F7.jpeg?fit=360%2C226\" src=\"https:\/\/i0.wp.com\/blogdalucianaoliveira.com.br\/blog\/wp-content\/uploads\/2019\/01\/5FC612E2-9627-45AC-A39C-8AD97CF500F7.jpeg?resize=360%2C226\" alt=\"5FC612E2-9627-45AC-A39C-8AD97CF500F7\" width=\"360\" height=\"226\" class=\"alignnone size-full wp-image-20143\" srcset=\"https:\/\/i0.wp.com\/blogdalucianaoliveira.com.br\/blog\/wp-content\/uploads\/2019\/01\/5FC612E2-9627-45AC-A39C-8AD97CF500F7.jpeg?w=360 360w, https:\/\/i0.wp.com\/blogdalucianaoliveira.com.br\/blog\/wp-content\/uploads\/2019\/01\/5FC612E2-9627-45AC-A39C-8AD97CF500F7.jpeg?resize=300%2C188 300w\" sizes=\"auto, (max-width: 360px) 100vw, 360px\" \/><\/p>\n<p>Para o jornalista, Bolsonaro dificilmente escapar\u00e1 de um processo de impeachment. Nas pr\u00f3ximas semanas haver\u00e1 uma ca\u00e7ada implac\u00e1vel aos neg\u00f3cios da fam\u00edlia<!--more--><\/p>\n<p>H\u00e1 uma certeza e uma inc\u00f3gnita no quadro pol\u00edtico atual.<\/p>\n<p>A certeza, \u00e9 que o governo Bolsonaro acabou. Dificilmente escapar\u00e1 de um processo de impeachment. A inc\u00f3gnita \u00e9 o que vir\u00e1, ap\u00f3s ele.<\/p>\n<p>Nossa hip\u00f3tese parte das seguintes pe\u00e7as.<\/p>\n<p>Pe\u00e7a 1 \u2013 a din\u00e2mica dos esc\u00e2ndalos pol\u00edticos<\/p>\n<p>Fl\u00e1vio Bolsonaro entrou definitivamente na al\u00e7a de mira da cobertura midi\u00e1tica relevante com as trapalhadas que cercaram o caso do motorista Queiroz. N\u00e3o bastou a falta de explica\u00e7\u00f5es. Teve que agravar o quadro fugindo dos depoimentos ao Minist\u00e9rio P\u00fablico Estadual do Rio, internando Queiroz no mais caro hospital do pa\u00eds, e, finalmente, recorrendo ao STF (Supremo Tribunal Federal) para trancar a Opera\u00e7\u00e3o Furna da On\u00e7a, que investiga a Assembleia Legislativa do Rio de Janeiro.<\/p>\n<p>Nas pr\u00f3ximas semanas haver\u00e1 uma ca\u00e7ada implac\u00e1vel aos neg\u00f3cios dos Bolsonaro. A revela\u00e7\u00e3o, pelo Jornal Nacional, de uma opera\u00e7\u00e3o de R$ 1 milh\u00e3o \u2013 ainda sem se saber quem \u00e9 o benefici\u00e1rio \u2013 muda drasticamente a escala das suspeitas.<\/p>\n<p>No dia 07\/01\/2018, a Folha lan\u00e7ou as primeiras suspeitas sobre Fl\u00e1vio. Identificou 19 opera\u00e7\u00f5es imobili\u00e1rias dele na zona sul do Rio de Janeiro e na Barra da Tijuca.<\/p>\n<p>Em novembro de 2010, uma certa MCA Participa\u00e7\u00f5es, que tem entre os s\u00f3cios uma firma do Panam\u00e1, adquiriu 7 de 12 salas e um pr\u00e9dio comercial, que Fl\u00e1vio havia adquirido apenas 45 dias antes. Conseguiu um lucro de R$ 300 mil.<\/p>\n<p>Em 2012, no mesmo dia Fl\u00e1vio comprou dois apartamentos. Menos de um ano depois, revendeu lucrando R$ 813 mil apenas com a valoriza\u00e7\u00e3o.<\/p>\n<p>Em 2014 declarou \u00e0 Justi\u00e7a Eleitoral um apartamento de R$ 566 mil. Em 2016 o pre\u00e7o foi reavaliado para R$ 846 mil. No fim do ano, a compra foi registrado por R$ 1,7 milh\u00e3o. Um ano depois, revendeu por R$ 2,4 milh\u00f5es.<\/p>\n<p>Ou seja, n\u00e3o se trata apenas de ped\u00e1gio pago pelos assessores pol\u00edticos, dentro da l\u00f3gica do baixo clero. As investiga\u00e7\u00f5es ir\u00e3o dar inexoravelmente nas liga\u00e7\u00f5es dos Bolsonaro, particularmente Fl\u00e1vio, com neg\u00f3cios obscuros por tr\u00e1s dos quais h\u00e1 grande probabilidade de estarem as mil\u00edcias do Rio de Janeiro.<\/p>\n<p>Pe\u00e7a 2 \u2013 a Opera\u00e7\u00e3o Quarto Elemento<\/p>\n<p>A Opera\u00e7\u00e3o que chegar\u00e1 ao centro da quest\u00e3o n\u00e3o \u00e9 a Furna da On\u00e7a, mas a Opera\u00e7\u00e3o Quarto Elemento.<\/p>\n<p>Deflagrada no dia 25 de abril de 2018 pelo Minist\u00e9rio P\u00fablico Estadual, destinou-se a desbaratar a maior mil\u00edcia do estado, que atuava na Zona Oeste do Rio.<\/p>\n<p>Foram presas 43 pessoas. O maior neg\u00f3cio da quadrilha era a extors\u00e3o. A ala Administra\u00e7\u00e3o atuava na 34\u00aa DP (Bangu), 36\u00aa DP (Bangu) e na Delegacia de Prote\u00e7\u00e3o \u00e0 Crian\u00e7a e Adolescente (DPCA) de Niter\u00f3i, na Regi\u00e3o Metropolitana do Rio. Identificavam pessoas que seriam alvos de opera\u00e7\u00f5es e iam na frente, para extorqui-las.<\/p>\n<p>Foram detidos 23 policiais civis, cinco policiais militares, dois bombeiros e um agente penitenci\u00e1rio.<\/p>\n<p>O l\u00edder da organiza\u00e7\u00e3o \u00e9 Wellington da Silva Braga, o Ecko, que assumiu o comando depois da morte de seu irm\u00e3o Carlinhos Alexandre Braga, o Carlinhos Tr\u00eas Pontes. Outros irm\u00e3os participavam da quadrilha, incluindo Luiz Ant\u00f4nio Braga, Zinho, dono de uma empresa, a Macla Extra\u00e7\u00e3o e Com\u00e9rcio de Saibro.<\/p>\n<p>Carlinhos Tr\u00eas Pontes era o capo da mil\u00edcia. Morto, foi substitu\u00eddo pelo irm\u00e3o Wellington da Silva Braga, secundado pelos tamb\u00e9m irm\u00e3os Wallace e Luiz Ant\u00f4nio, conhecido como Zinho.<\/p>\n<p>Vamos ao jogo de relacionamentos:<\/p>\n<p>Zinho \u00e9 o principal suspeito de ter contratado o assassino da vereadora Marielle Franco. Na campanha, o ato de maior impacto foi o do futuro governador do Rio, Wilson Witzel, comemorando dois brutamontes arrebentando a placa com o nome de Marielle.<\/p>\n<p>Na opera\u00e7\u00e3o foram presos os irm\u00e3os g\u00eameos, PMs Alan e Alex Rodrigues de Oliveira, que atuavam como seguran\u00e7as de Fl\u00e1vio Bolsonaro na campanha de 2018. Fl\u00e1vio defendeu-se tratando-os apenas como volunt\u00e1rios sem maiores liga\u00e7\u00f5es. Fotos no Twitter desmentiam, mostrando intimidade ampla dos Bolsonaro \u2013 pai e filho \u2013 com os irm\u00e3os.<\/p>\n<p>Tr\u00eas PMs membros da organiza\u00e7\u00e3o, e detidos pela opera\u00e7\u00e3o \u2013 Leonardo Ferreira de Andrade, Carlos Menezes de Lima, Bruno Duarte Pinho  \u2013 , foram alvos de mo\u00e7\u00f5es de louvor e congratula\u00e7\u00f5es de Fl\u00e1vio, quando deputado estadual. Dizia a mo\u00e7\u00e3o:<\/p>\n<p>A Pol\u00edcia Militar do Estado do Rio de Janeiro, ao longo de mais de dois s\u00e9culos de imaculada exist\u00eancia, sempre cumpriu seu sagrado dever constitucional de prote\u00e7\u00e3o de nossa sociedade. (&#8230;) Dentre tais sucessos, merece especial cita\u00e7\u00e3o e motiva a presente mo\u00e7\u00e3o o confronto armado em comunidade localizada em Santa Cruz que culminou na pris\u00e3o de diversos criminosos \u2013 dentre eles o chefe de tr\u00e1fico conhecido pelo vulgo de \u201cZ\u00e9 da Colina\u201d, possuidor de extensa ficha criminal<\/p>\n<p>Segundo a Opera\u00e7\u00e3o Quarto Elemento, \u201co esquema teve in\u00edcio quando os policiais eram lotados na 36\u00aa DP (Santa Cruz) e continuou ap\u00f3s a transfer\u00eancia do grupo para a Delegacia de Prote\u00e7\u00e3o \u00e0 Crian\u00e7a e ao Adolescente (DPCA) de Niter\u00f3i, a partir de maio de 2017\u201d<\/p>\n<p>Pe\u00e7a 3 \u2013 o hist\u00f3rico dos Bolsonaro com as mil\u00edcias<\/p>\n<p>Eleito deputado federal, em 12\/08\/2003, Jair Bolsonaro proferiu discurso na C\u00e2mara defendendo a entrada das mil\u00edcias no Rio de Janeiro.<\/p>\n<p>Quero dizer aos companheiros da Bahia \u2013 h\u00e1 pouco ouvi um parlamentar criticar os grupos de exterm\u00ednio \u2013 que enquanto o Estado n\u00e3o tiver coragem de adotar a pena de morte, o crime de exterm\u00ednio, no meu entender, ser\u00e1 muito bem-vindo. Se n\u00e3o houver espa\u00e7o para ele na Bahia, pode ir para o Rio de Janeiro. Se depender de mim, ter\u00e3o todo o meu apoio, porque no meu Estado s\u00f3 as pessoas inocentes s\u00e3o dizimadas.<\/p>\n<p>No dia 17\/12\/2008, outro discurso defendendo os milicianos das cr\u00edticas de Marcelo Freixo, do Psol, marcado para morrer.<\/p>\n<p>Nenhum deputado estadual faz campanha para buscar, realmente, diminuir o poder de fogo dos traficantes, diminuir a venda de drogas no nosso Estado. N\u00e3o. Querem atacar o miliciano, que passou a ser o s\u00edmbolo da maldade e pior do que os traficantes.<\/p>\n<p>Eleito deputado estadual em 2007, com 43.099 votos, Fl\u00e1vio Bolsonaro passou a integrar a Comiss\u00e3o de Direitos Humanos da Assembleia Legislativa do Rio. Na \u00e9poca, foi visto com uma camiseta com os dizeres &#8220;Direitos Humanos, a excresc\u00eancia da vagabundagem\u201d.<\/p>\n<p>Na \u00e9poca, frequentava uma comunidade do Orkut \u201cEstuprador merece a morte\u201d.<\/p>\n<p>Em seus discursos, defendia o pagamento de taxa de prote\u00e7\u00e3o \u00e0s mil\u00edcias por parte dos moradores dos territ\u00f3rios ocupados.<\/p>\n<p>&#8220;As classes mais altas pagam seguran\u00e7a particular, e o pobre, como faz para ter seguran\u00e7a? O Estado n\u00e3o tem capacidade para estar nas quase mil favelas do Rio. Dizem que as mil\u00edcias cobram tarifas, mas eu conhe\u00e7o comunidades em que os trabalhadores fazem quest\u00e3o de pagar R$ 15 para n\u00e3o ter traficantes&#8221;.<\/p>\n<p>Fl\u00e1vio atuou fortemente contra a CPI das Mil\u00edcias e anunciou sua inten\u00e7\u00e3o de apresentar um projeto regulamentando a profiss\u00e3o das \u201cpol\u00edcias mineiras\u201d, termo da \u00e9poca para policiais que atuavam fora dos regulamentos.<\/p>\n<p>Pe\u00e7a 4 \u2013 a serventia dos Bolsonaro<\/p>\n<p>A Opera\u00e7\u00e3o Quarto Elemento ocorreu em plena campanha eleitoral. Deu alguma repercuss\u00e3o, mas as informa\u00e7\u00f5es foram abafadas para n\u00e3o influenciar as elei\u00e7\u00f5es e a candidatura de Fernando Haddad.<\/p>\n<p>\u00c0quela altura, m\u00eddia, mercado, C\u00edrculos Militares, o general Villas Boas, tentavam pegar carona na onda anti-PT. Quando Bolsonaro passou a cavalga-la, foi poupado em nome da causa maior: ele tinha serventia. Agora, n\u00e3o tem mais. Pelo contr\u00e1rio. A cada dia torna-se um peso excessivo para ser carregado por seu maior avalista, o estamento militar.<\/p>\n<p>N\u00e3o \u00e9 S\u00e9rgio Moro quem est\u00e1 vazando informa\u00e7\u00f5es. Ali\u00e1s, Moro est\u00e1 mais agarrado ao cargo que caranguejo na pedra. Muito provavelmente \u00e9 o pr\u00f3prio MPE do Rio, que h\u00e1 tempos entendeu a extens\u00e3o do envolvimento dos Bolsonaro com as mil\u00edcias.<\/p>\n<p>Esse processo ter\u00e1 consequ\u00eancias sobre as institui\u00e7\u00f5es.<\/p>\n<p>M\u00eddia \u2013 com os fatos se sucedendo, rompeu definitiva e precocemente a blindagem sobre Bolsonaro.<\/p>\n<p>For\u00e7as Armadas \u2013 dificilmente manter\u00e3o o aval a um governo ligado \u00e0s mil\u00edcias, tendo se mostrado um carro desgovernado, incapaz de se articular minimamente.<\/p>\n<p>Minist\u00e9rio P\u00fablico \u2013 com o aval da m\u00eddia, e com o impacto das revela\u00e7\u00f5es sobre Fl\u00e1vio, continuar\u00e1 agindo e tirando da gaveta mais informa\u00e7\u00f5es sobre a fam\u00edlia.<\/p>\n<p>Supremo Tribunal Federal \u2013 com a opini\u00e3o militar mudando, recuperar\u00e1 a valentia e endossar\u00e1 as a\u00e7\u00f5es da PGR e do MPE. O Ministro Luiz Fux ficou literalmente com a broxa na m\u00e3o.<\/p>\n<p>Senado \u2013 o caos em que se transformou o PSL, facilitando a elei\u00e7\u00e3o de Renan Calheiros, deixar\u00e1 o Senado como poder aut\u00f4nomo em rela\u00e7\u00e3o a Bolsonaro, especialmente agora, que se vislumbra o desmonte da blindagem institucional.<\/p>\n","protected":false},"excerpt":{"rendered":"<p>Para o jornalista, Bolsonaro dificilmente escapar\u00e1 de um processo de impeachment. Nas pr\u00f3ximas semanas haver\u00e1 uma ca\u00e7ada implac\u00e1vel aos neg\u00f3cios da fam\u00edlia<\/p>\n","protected":false},"author":1,"featured_media":0,"comment_status":"closed","ping_status":"open","sticky":false,"template":"","format":"standard","meta":{"_exactmetrics_skip_tracking":false,"_exactmetrics_sitenote_active":false,"_exactmetrics_sitenote_note":"","_exactmetrics_sitenote_category":0,"jetpack_post_was_ever_published":false,"_jetpack_newsletter_access":"","_jetpack_dont_email_post_to_subs":false,"_jetpack_newsletter_tier_id":0,"_jetpack_memberships_contains_paywalled_content":false,"_jetpack_memberships_contains_paid_content":false,"footnotes":"","jetpack_publicize_message":"","jetpack_publicize_feature_enabled":true,"jetpack_social_post_already_shared":true,"jetpack_social_options":{"image_generator_settings":{"template":"highway","enabled":false},"version":2}},"categories":[1],"tags":[],"class_list":["post-20142","post","type-post","status-publish","format-standard","hentry","category-notas"],"jetpack_publicize_connections":[],"jetpack_sharing_enabled":true,"jetpack_featured_media_url":"","jetpack_shortlink":"https:\/\/wp.me\/p7wKYW-5eS","jetpack-related-posts":[],"_links":{"self":[{"href":"http:\/\/blogdalucianaoliveira.com.br\/blog\/wp-json\/wp\/v2\/posts\/20142","targetHints":{"allow":["GET"]}}],"collection":[{"href":"http:\/\/blogdalucianaoliveira.com.br\/blog\/wp-json\/wp\/v2\/posts"}],"about":[{"href":"http:\/\/blogdalucianaoliveira.com.br\/blog\/wp-json\/wp\/v2\/types\/post"}],"author":[{"embeddable":true,"href":"http:\/\/blogdalucianaoliveira.com.br\/blog\/wp-json\/wp\/v2\/users\/1"}],"replies":[{"embeddable":true,"href":"http:\/\/blogdalucianaoliveira.com.br\/blog\/wp-json\/wp\/v2\/comments?post=20142"}],"version-history":[{"count":1,"href":"http:\/\/blogdalucianaoliveira.com.br\/blog\/wp-json\/wp\/v2\/posts\/20142\/revisions"}],"predecessor-version":[{"id":20144,"href":"http:\/\/blogdalucianaoliveira.com.br\/blog\/wp-json\/wp\/v2\/posts\/20142\/revisions\/20144"}],"wp:attachment":[{"href":"http:\/\/blogdalucianaoliveira.com.br\/blog\/wp-json\/wp\/v2\/media?parent=20142"}],"wp:term":[{"taxonomy":"category","embeddable":true,"href":"http:\/\/blogdalucianaoliveira.com.br\/blog\/wp-json\/wp\/v2\/categories?post=20142"},{"taxonomy":"post_tag","embeddable":true,"href":"http:\/\/blogdalucianaoliveira.com.br\/blog\/wp-json\/wp\/v2\/tags?post=20142"}],"curies":[{"name":"wp","href":"https:\/\/api.w.org\/{rel}","templated":true}]}}