{"id":20148,"date":"2019-01-21T09:40:57","date_gmt":"2019-01-21T13:40:57","guid":{"rendered":"http:\/\/blogdalucianaoliveira.com.br\/blog\/?p=20148"},"modified":"2019-01-21T09:40:57","modified_gmt":"2019-01-21T13:40:57","slug":"demarcacao-de-terras-indigenas-e-quilombolas-estao-em-risco-no-brasil","status":"publish","type":"post","link":"http:\/\/blogdalucianaoliveira.com.br\/blog\/2019\/01\/21\/demarcacao-de-terras-indigenas-e-quilombolas-estao-em-risco-no-brasil\/","title":{"rendered":"Demarca\u00e7\u00e3o de terras ind\u00edgenas e quilombolas est\u00e3o em risco no Brasil"},"content":{"rendered":"<p><img data-recalc-dims=\"1\" loading=\"lazy\" decoding=\"async\" data-attachment-id=\"20150\" data-permalink=\"http:\/\/blogdalucianaoliveira.com.br\/blog\/2019\/01\/21\/demarcacao-de-terras-indigenas-e-quilombolas-estao-em-risco-no-brasil\/terra-3\/\" data-orig-file=\"https:\/\/i0.wp.com\/blogdalucianaoliveira.com.br\/blog\/wp-content\/uploads\/2019\/01\/terra-1.jpg?fit=640%2C566\" data-orig-size=\"640,566\" data-comments-opened=\"0\" data-image-meta=\"{&quot;aperture&quot;:&quot;0&quot;,&quot;credit&quot;:&quot;&quot;,&quot;camera&quot;:&quot;&quot;,&quot;caption&quot;:&quot;&quot;,&quot;created_timestamp&quot;:&quot;0&quot;,&quot;copyright&quot;:&quot;&quot;,&quot;focal_length&quot;:&quot;0&quot;,&quot;iso&quot;:&quot;0&quot;,&quot;shutter_speed&quot;:&quot;0&quot;,&quot;title&quot;:&quot;&quot;,&quot;orientation&quot;:&quot;0&quot;}\" data-image-title=\"terra\" data-image-description=\"\" data-image-caption=\"\" data-medium-file=\"https:\/\/i0.wp.com\/blogdalucianaoliveira.com.br\/blog\/wp-content\/uploads\/2019\/01\/terra-1.jpg?fit=300%2C265\" data-large-file=\"https:\/\/i0.wp.com\/blogdalucianaoliveira.com.br\/blog\/wp-content\/uploads\/2019\/01\/terra-1.jpg?fit=600%2C531\" src=\"https:\/\/i0.wp.com\/blogdalucianaoliveira.com.br\/blog\/wp-content\/uploads\/2019\/01\/terra-1.jpg?resize=600%2C531\" alt=\"terra\" width=\"600\" height=\"531\" class=\"alignnone size-full wp-image-20150\" srcset=\"https:\/\/i0.wp.com\/blogdalucianaoliveira.com.br\/blog\/wp-content\/uploads\/2019\/01\/terra-1.jpg?w=640 640w, https:\/\/i0.wp.com\/blogdalucianaoliveira.com.br\/blog\/wp-content\/uploads\/2019\/01\/terra-1.jpg?resize=300%2C265 300w, https:\/\/i0.wp.com\/blogdalucianaoliveira.com.br\/blog\/wp-content\/uploads\/2019\/01\/terra-1.jpg?resize=339%2C300 339w\" sizes=\"auto, (max-width: 600px) 100vw, 600px\" \/><\/p>\n<p>Pernambuco tem a segunda maior popula\u00e7\u00e3o ind\u00edgena do Nordeste<!--more--><\/p>\n<p>Da Reda\u00e7\u00e3o<br \/>\nBrasil de Fato | Recife (PE)<\/p>\n<p>Em mais uma decis\u00e3o desastrosa de transferir a demarca\u00e7\u00e3o das terras ind\u00edgenas e quilombolas para o Minist\u00e9rio da Agricultura, o presidente Jair Bolsonaro fere a Constitui\u00e7\u00e3o de 1988 que reconhece o direito dos povos \u00e0s suas terras tradicionais e coloca suas vidas em risco.<\/p>\n<p>Essas fun\u00e7\u00f5es eram at\u00e9 ent\u00e3o atribu\u00eddas no caso das Terras ind\u00edgenas \u00e0 Funai (Funda\u00e7\u00e3o Nacional do \u00cdndio) vinculada ao Minist\u00e9rio da Justi\u00e7a e as Terras Quilombolas ao Instituto Nacional de Coloniza\u00e7\u00e3o e Reforma Agr\u00e1ria (Incra) vinculada \u00e0 Casa Civil.<\/p>\n<p>A decis\u00e3o tamb\u00e9m ignora a Conven\u00e7\u00e3o n\u00ba 169 da Organiza\u00e7\u00e3o Internacional do Trabalho (OIT), o instrumento internacional mais atualizado e abrangente em respeito \u00e0s condi\u00e7\u00f5es de vida e trabalho dos ind\u00edgenas, aprovada no dia 19 de junho de 2002, quando o Brasil adere as diretrizes do primeiro documento internacional a tratar de temas fundamentais em rela\u00e7\u00e3o \u00e0s popula\u00e7\u00f5es tradicionais.<\/p>\n<p>De acordo com a Conven\u00e7\u00e3o, as terras ind\u00edgenas, quilombolas e povos tradicionais devem ser concebidas como a integralidade do meio ambiente das \u00e1reas ocupadas ou usadas pelos povos ind\u00edgenas e tradicionais abarcando, portanto, aspectos de natureza coletiva e de direitos econ\u00f4micos, sociais e culturais al\u00e9m dos direitos civis.<\/p>\n<p>Quem assume o Minist\u00e9rio da Agricultura \u00e9 Teresa Cristina da Costa, que antes liderava a bancada do Agroneg\u00f3cio da C\u00e2mara Federal. Ou seja, ao delegar as demarca\u00e7\u00f5es de terras ao Minist\u00e9rio da Agricultura, sob o comando e a influ\u00eancia dos que desde sempre protagonizaram os grandes conflitos contra a demarca\u00e7\u00e3o das terras, o governo obviamente toma parte em favor de parte envolvida no conflito e contra o direito dos povos ind\u00edgenas e quilombolas no Brasil.<\/p>\n<p>A popula\u00e7\u00e3o ind\u00edgena representa hoje, segundo o censo de 2010 um total de 817.963 mil pessoas, de 305 diferentes etnias e 274 idiomas. Presentes nas cinco regi\u00f5es do Brasil com maior concentra\u00e7\u00e3o nos estados do Norte (305.873) e Nordeste (208,691) com cerca de 25% da popula\u00e7\u00e3o. Pernambuco tem a segunda maior popula\u00e7\u00e3o ind\u00edgena no Nordeste.<\/p>\n<p>A popula\u00e7\u00e3o Quilombola s\u00f3 constar\u00e1 nos dados do IBGE em 2020. Desde a Constituinte de 1988 foram 2847 comunidades quilombolas certificadas, a maioria delas depois de 2003, quando foi editado o Decreto 4887, que traz os procedimentos de identifica\u00e7\u00e3o, reconhecimento, delimita\u00e7\u00e3o, demarca\u00e7\u00e3o e titula\u00e7\u00e3o das terras ocupadas por quilombolas.<\/p>\n<p>Nos \u00faltimos 15 anos, 206 \u00e1reas quilombolas com cerca de 13 mil fam\u00edlias foram tituladas pelo Instituto Nacional de Coloniza\u00e7\u00e3o e Reforma Agr\u00e1ria (Incra), \u00f3rg\u00e3o que executa a titula\u00e7\u00e3o das terras j\u00e1 identificadas e reconhecidas, mesmo assim menos de 7% est\u00e3o regularizadas no Brasil. Hoje existem 977 processos de demarca\u00e7\u00e3o abertos s\u00f3 no Nordeste e 57 processos em Pernambuco.<\/p>\n<p>Esse \u00e9 o retrato de um pa\u00eds que tenta se construir como na\u00e7\u00e3o, mas que tem no seu encal\u00e7o uma elite que insiste em condenar parcelas da sociedade da margem, invis\u00edvel. Os retrocessos come\u00e7am por aqueles que parecem invis\u00edveis, mas objetivam o completa destrui\u00e7\u00e3o das for\u00e7as que comp\u00f5e um povo: os que trabalham e lutam.<\/p>\n<p>Edi\u00e7\u00e3o: Monyse Ravena<\/p>\n","protected":false},"excerpt":{"rendered":"<p>Pernambuco tem a segunda maior popula\u00e7\u00e3o ind\u00edgena do Nordeste<\/p>\n","protected":false},"author":1,"featured_media":0,"comment_status":"closed","ping_status":"open","sticky":false,"template":"","format":"standard","meta":{"_exactmetrics_skip_tracking":false,"_exactmetrics_sitenote_active":false,"_exactmetrics_sitenote_note":"","_exactmetrics_sitenote_category":0,"jetpack_post_was_ever_published":false,"_jetpack_newsletter_access":"","_jetpack_dont_email_post_to_subs":false,"_jetpack_newsletter_tier_id":0,"_jetpack_memberships_contains_paywalled_content":false,"_jetpack_memberships_contains_paid_content":false,"footnotes":"","jetpack_publicize_message":"","jetpack_publicize_feature_enabled":true,"jetpack_social_post_already_shared":true,"jetpack_social_options":{"image_generator_settings":{"template":"highway","enabled":false},"version":2}},"categories":[1],"tags":[],"class_list":["post-20148","post","type-post","status-publish","format-standard","hentry","category-notas"],"jetpack_publicize_connections":[],"jetpack_sharing_enabled":true,"jetpack_featured_media_url":"","jetpack_shortlink":"https:\/\/wp.me\/p7wKYW-5eY","jetpack-related-posts":[],"_links":{"self":[{"href":"http:\/\/blogdalucianaoliveira.com.br\/blog\/wp-json\/wp\/v2\/posts\/20148","targetHints":{"allow":["GET"]}}],"collection":[{"href":"http:\/\/blogdalucianaoliveira.com.br\/blog\/wp-json\/wp\/v2\/posts"}],"about":[{"href":"http:\/\/blogdalucianaoliveira.com.br\/blog\/wp-json\/wp\/v2\/types\/post"}],"author":[{"embeddable":true,"href":"http:\/\/blogdalucianaoliveira.com.br\/blog\/wp-json\/wp\/v2\/users\/1"}],"replies":[{"embeddable":true,"href":"http:\/\/blogdalucianaoliveira.com.br\/blog\/wp-json\/wp\/v2\/comments?post=20148"}],"version-history":[{"count":1,"href":"http:\/\/blogdalucianaoliveira.com.br\/blog\/wp-json\/wp\/v2\/posts\/20148\/revisions"}],"predecessor-version":[{"id":20151,"href":"http:\/\/blogdalucianaoliveira.com.br\/blog\/wp-json\/wp\/v2\/posts\/20148\/revisions\/20151"}],"wp:attachment":[{"href":"http:\/\/blogdalucianaoliveira.com.br\/blog\/wp-json\/wp\/v2\/media?parent=20148"}],"wp:term":[{"taxonomy":"category","embeddable":true,"href":"http:\/\/blogdalucianaoliveira.com.br\/blog\/wp-json\/wp\/v2\/categories?post=20148"},{"taxonomy":"post_tag","embeddable":true,"href":"http:\/\/blogdalucianaoliveira.com.br\/blog\/wp-json\/wp\/v2\/tags?post=20148"}],"curies":[{"name":"wp","href":"https:\/\/api.w.org\/{rel}","templated":true}]}}