{"id":20155,"date":"2019-01-21T10:05:15","date_gmt":"2019-01-21T14:05:15","guid":{"rendered":"http:\/\/blogdalucianaoliveira.com.br\/blog\/?p=20155"},"modified":"2019-01-21T10:05:15","modified_gmt":"2019-01-21T14:05:15","slug":"o-colapso-de-bolsonaro-os-militares-e-a-ilegitimidade-do-regime","status":"publish","type":"post","link":"http:\/\/blogdalucianaoliveira.com.br\/blog\/2019\/01\/21\/o-colapso-de-bolsonaro-os-militares-e-a-ilegitimidade-do-regime\/","title":{"rendered":"O colapso de Bolsonaro, os militares e a ilegitimidade do regime"},"content":{"rendered":"<p><img data-recalc-dims=\"1\" loading=\"lazy\" decoding=\"async\" data-attachment-id=\"20156\" data-permalink=\"http:\/\/blogdalucianaoliveira.com.br\/blog\/2019\/01\/21\/o-colapso-de-bolsonaro-os-militares-e-a-ilegitimidade-do-regime\/cola\/\" data-orig-file=\"https:\/\/i0.wp.com\/blogdalucianaoliveira.com.br\/blog\/wp-content\/uploads\/2019\/01\/cola.jpg?fit=490%2C280\" data-orig-size=\"490,280\" data-comments-opened=\"0\" data-image-meta=\"{&quot;aperture&quot;:&quot;0&quot;,&quot;credit&quot;:&quot;&quot;,&quot;camera&quot;:&quot;&quot;,&quot;caption&quot;:&quot;&quot;,&quot;created_timestamp&quot;:&quot;0&quot;,&quot;copyright&quot;:&quot;&quot;,&quot;focal_length&quot;:&quot;0&quot;,&quot;iso&quot;:&quot;0&quot;,&quot;shutter_speed&quot;:&quot;0&quot;,&quot;title&quot;:&quot;&quot;,&quot;orientation&quot;:&quot;0&quot;}\" data-image-title=\"cola\" data-image-description=\"\" data-image-caption=\"\" data-medium-file=\"https:\/\/i0.wp.com\/blogdalucianaoliveira.com.br\/blog\/wp-content\/uploads\/2019\/01\/cola.jpg?fit=300%2C171\" data-large-file=\"https:\/\/i0.wp.com\/blogdalucianaoliveira.com.br\/blog\/wp-content\/uploads\/2019\/01\/cola.jpg?fit=490%2C280\" class=\"alignnone size-full wp-image-20156\" src=\"https:\/\/i0.wp.com\/blogdalucianaoliveira.com.br\/blog\/wp-content\/uploads\/2019\/01\/cola.jpg?resize=490%2C280\" alt=\"cola\" width=\"490\" height=\"280\" srcset=\"https:\/\/i0.wp.com\/blogdalucianaoliveira.com.br\/blog\/wp-content\/uploads\/2019\/01\/cola.jpg?w=490 490w, https:\/\/i0.wp.com\/blogdalucianaoliveira.com.br\/blog\/wp-content\/uploads\/2019\/01\/cola.jpg?resize=300%2C171 300w\" sizes=\"auto, (max-width: 490px) 100vw, 490px\" \/><\/p>\n<p>Em \u201c<em>Era bolsonarista pode terminar antes de come\u00e7ar<\/em>\u201d, de\u00a0<a href=\"https:\/\/jefersonmiola.wordpress.com\/2019\/01\/20\/o-colapso-do-bolsonaro-os-militares-e-a-ilegitimidade-do-regime\/10\/12\/2018\">10\/12\/2018<\/a>\u00a0[<a href=\"https:\/\/jefersonmiola.wordpress.com\/2018\/12\/10\/era-bolsonarista-pode-terminar-antes-de-comecar\/\">ler aqui<\/a>], dissemos que \u201c<em>Esc\u00e2ndalos, incompet\u00eancias e riscos ao pa\u00eds s\u00e3o motivos que alimentam as conjecturas sobre o encurtamento do prazo de validade do Bolsonaro<\/em>\u201d.<!--more--><\/p>\n<p>No 247, por Jefferson Miola<\/p>\n<p>Conclu\u00edmos o artigo sustentando que \u201c<em>A era bolsonarista poder\u00e1 acabar antes de iniciar. O general Mour\u00e3o j\u00e1 admitiu que, \u2018na hip\u00f3tese de anarquia, pode haver autogolpe do presidente com apoio das FFAA\u2019\u201d.<\/em><\/p>\n<div class=\"google-auto-placed ap_container\">O que no in\u00edcio de dezembro passado era uma hip\u00f3tese plaus\u00edvel afigura-se como uma tend\u00eancia realista, decorridos 40 dias. Doravante, pelo tempo que os militares decidirem manter Bolsonaro no cargo, ele ser\u00e1 um zumbi pol\u00edtico sem autoridade pol\u00edtica e institucional.A descoberta das falcatruas da fam\u00edlia na pol\u00edtica e no submundo miliciano do Rio de Janeiro ganharam for\u00e7a inercial, e os Bolsonaro j\u00e1 n\u00e3o conseguem deter a exposi\u00e7\u00e3o dos esc\u00e2ndalos nos quais, suspeita-se, estejam implicados.<\/p>\n<p>Moro, Deltan e a Lava Jato, apesar da larga\u00a0<em>expertise\u00a0<\/em>em vazamentos seletivos contra os inimigos e na conten\u00e7\u00e3o de vazamentos prejudiciais aos amigos, j\u00e1 n\u00e3o conseguem abafar as ilicitudes do cl\u00e3, mesmo que o super-ministro da Justi\u00e7a tenha o COAF sob seu controle e mantenha articula\u00e7\u00f5es org\u00e2nicas com setores bolsonarizados do judici\u00e1rio, do MP, da PF e da m\u00eddia.<\/p>\n<div class=\"google-auto-placed ap_container\">No \u201c<em>Xadrez do fim do governo Bolsonaro<\/em>\u201d, o jornalista Luis Nassif oferece um panorama dos neg\u00f3cios dos Bolsonaro, a associa\u00e7\u00e3o deles com esquemas escabrosos do RJ e com outros esc\u00e2ndalos que poder\u00e3o ser revelados em investiga\u00e7\u00f5es s\u00e9rias e independentes e que t\u00eam enorme potencial de abreviar a vida do governo [<a href=\"https:\/\/jornalggn.com.br\/noticia\/xadrez-do-fim-do-governo-bolsonaro-por-luis-nassif\">ler aqui<\/a>].<\/div>\n<p>O Globo detonou uma bomba que n\u00e3o poderia ser mais aterradora para os Bolsonaro: revelou dados do COAF que mostram que Queiroz movimentou atipicamente n\u00e3o \u201capenas\u201d R$ 1,2 milh\u00e3o em 1 ano, mas R$ 7 milh\u00f5es em 3 anos em transa\u00e7\u00f5es t\u00edpicas de lavagem de dinheiro [<a href=\"https:\/\/blogs.oglobo.globo.com\/lauro-jardim\/post\/os-r-7-milhoes-do-queiroz.html\">ler aqui<\/a>].<\/p>\n<p>Queiroz integra o c\u00edrculo \u00edntimo da fam\u00edlia h\u00e1 quase 3 d\u00e9cadas, o que indica que o montante de dinheiro il\u00edcito transacionado e os il\u00edcitos cometidos em todo esse per\u00edodo deve ser muito maior, realidade que poder\u00e1 reverberar ainda mais o esc\u00e2ndalo.<\/p>\n<div class=\"google-auto-placed ap_container\">\n<p>A bajula\u00e7\u00e3o de Luiz Fux, o vice-presidente do STF que fabricou uma decis\u00e3o teratol\u00f3gica e sob medida para safar o filho presidencial Fl\u00e1vio, acabou produzindo o efeito contr\u00e1rio, exponenciando a desmoraliza\u00e7\u00e3o da fam\u00edlia presidencial e dele pr\u00f3prio, Fux.<\/p>\n<p>Afora o esc\u00e2ndalo familiar, em 3 semanas o governo revelou-se uma usina de absurdos, desatinos, incompet\u00eancias e atrapalha\u00e7\u00f5es protagonizadas pelos ministros civis. Damares, Ricardo Salles, V\u00e9lez Rodriguez, Onyx, Ernesto Ara\u00fajo etc [<a href=\"https:\/\/jefersonmiola.wordpress.com\/2019\/01\/19\/agressao-a-venezuela-e-reflexo-do-itamaraty-dominado-pelo-fanatismo-da-extrema-direita\/\">ler aqui<\/a>] propiciaram momentos n\u00e3o menos que rid\u00edculos, para n\u00e3o dizer escatol\u00f3gicos.<\/p>\n<p>Dos ministros civis respons\u00e1veis pelas \u00e1reas governamentais mais relevantes, por enquanto Teresa Cristina, S\u00e9rgio Moro e Paulo Guedes n\u00e3o ca\u00edram na fritura militar. Por sinal, as \u00e1reas mais estrat\u00e9gicas.<\/p>\n<div class=\"google-auto-placed ap_container\">\n<p>A coloniza\u00e7\u00e3o do governo por militares \u2013 45 oficiais de altas patentes ocupam minist\u00e9rios centrais e fun\u00e7\u00f5es-chave de 21 \u00e1reas \u2013 \u00e9 sintoma do poder de mando e da influ\u00eancia t\u00e9cnica, gerencial, pol\u00edtica e ideol\u00f3gica das For\u00e7as Armadas no aparelho de Estado.<\/p>\n<p>Os militares conhecem as imensas debilidades do Bolsonaro, e t\u00eam consci\u00eancia dos limites do governo. Por isso assumiram a gest\u00e3o de \u00e1reas priorit\u00e1rias para preservar a imagem p\u00fablica das FFAA diante dos riscos de colapso governamental.<\/p>\n<p>\u00c9 sintom\u00e1tico que generais se re\u00fanam mais com empres\u00e1rios, representa\u00e7\u00f5es sociais, agentes pol\u00edticos, embaixadores de outros pa\u00edses e representantes de organismos internacionais \u2013 ou seja, que governem de fato \u2013 que os ministros das Pastas aos quais corresponderia cumprir agendas espec\u00edficas.<\/p>\n<p>O sil\u00eancio e a discri\u00e7\u00e3o dos militares ante o caos instalado n\u00e3o significa indiferen\u00e7a ou desaten\u00e7\u00e3o, mas observa\u00e7\u00e3o e acompanhamento atento da conjuntura.<\/p>\n<p>Embora sejam os maiores fiadores do Bolsonaro, os militares agem como \u00e1rbitros, n\u00e3o como parte da crise. Eles n\u00e3o hesitar\u00e3o, por isso, em assumir as r\u00e9deas do jogo para deter o desastre pol\u00edtico, econ\u00f4mico e institucional derivado do colapso do governo.<\/p>\n<p>O\u00a0<em>impeachment\u00a0<\/em>seria um rem\u00e9dio prescrito na Constitui\u00e7\u00e3o, mas isso n\u00e3o garante que possa ser a primeira escolha do regime de exce\u00e7\u00e3o.<\/p>\n<div class=\"google-auto-placed ap_container\"><\/div>\n<p>O vice-presidente general Mour\u00e3o, por exemplo, em setembro de 2017 defendeu que<\/p>\n<p>\u201c<em>ou as institui\u00e7\u00f5es solucionam o problema pol\u00edtico, pela a\u00e7\u00e3o do Judici\u00e1rio, retirando da vida p\u00fablica esses elementos envolvidos em todos os il\u00edcitos,\u00a0ou ent\u00e3o n\u00f3s teremos que impor isso\u00a0<\/em>[a interven\u00e7\u00e3o militar]. [\u2026]<em>. Se\u00a0<\/em>[os Poderes constitucionais]\u00a0<em>n\u00e3o conseguirem, n\u00e9,\u00a0chegar\u00e1 a hora que n\u00f3s teremos que impor uma solu\u00e7\u00e3o. E essa imposi\u00e7\u00e3o ela n\u00e3o ser\u00e1 f\u00e1cil, ele trar\u00e1 problemas, podem ter certeza disso a\u00ed<\/em>\u201d [<a href=\"https:\/\/www1.folha.uol.com.br\/poder\/2017\/09\/1919322-general-do-exercito-ameaca-impor-solucao-para-crise-politica-no-pais.shtml\">ler aqui<\/a>].<\/p>\n<p>J\u00e1 no per\u00edodo eleitoral, em setembro de 2018, em entrevista na Globo News [<a href=\"https:\/\/g1.globo.com\/politica\/eleicoes\/2018\/noticia\/2018\/09\/08\/general-mourao-admite-que-na-hipotese-de-anarquia-pode-haver-autogolpe-do-presidente-com-apoio-das-forcas-armadas.ghtml\">ler aqui<\/a>], Mour\u00e3o explicitou defender um \u201cautogolpe\u201d, se \u201cnecess\u00e1rio\u201d para conter a \u201canarquia\u201d:<\/p>\n<p><strong>\u201cMour\u00e3o<em>:\u00a0<\/em><em>As For\u00e7as Armadas t\u00eam responsabilidade de garantir que o pa\u00eds se mantenha em funcionamento. Cruzamos os bra\u00e7os e deixamos que o pa\u00eds afunde?<\/em><\/strong><\/p>\n<p><strong>Cristiana<em>:\u00a0<\/em><em>A pol\u00edtica n\u00e3o tem como mediar isso?<\/em><\/strong><\/p>\n<p><strong>Mour\u00e3o<em>:\u00a0<\/em><em>Se a pol\u00edtica n\u00e3o estivesse mediando. Olha a situa\u00e7\u00e3o que eu estou colocando,\u00a0<\/em>Cristiana<em>, \u00e9 o momento em que a anarquia toma conta do pa\u00eds. N\u00e3o est\u00e1 acontecendo.<\/em><\/strong><\/p>\n<p><strong>Cristiana<em>:\u00a0<\/em><em>Mas em qualquer hip\u00f3tese, uma interven\u00e7\u00e3o \u00e9 \u2026<\/em><\/strong><\/p>\n<p><strong>Merval<em>:\u00a0<\/em><em>Quem \u00e9 que vai decidir que a situa\u00e7\u00e3o est\u00e1 de anarquia nesse limite que o senhor est\u00e1 colocando?<\/em><\/strong><\/p>\n<div class=\"google-auto-placed ap_container\"><\/div>\n<p><strong>Mour\u00e3o<em>:\u00a0<\/em><em>Para isso que existe comandante, n\u00e9? O comandante teria que decidir, n\u00e3o seria a iniciativa\u2026<\/em><\/strong><\/p>\n<p><strong>Merval<em>:\u00a0<\/em><em>Mas o comandante quem? O presidente da Rep\u00fablica?<\/em><\/strong><\/p>\n<p><strong>Mour\u00e3<em>o:\u00a0<\/em><em>O pr\u00f3prio presidente \u00e9 o comandante-chefe das For\u00e7as Armadas, ele pode decidir isso. Ele pode decidir empregar as For\u00e7as Armadas. A\u00ed voc\u00ea pode dizer: \u2018mas isso \u00e9 um autogolpe\u2019.<\/em><\/strong><\/p>\n<p><strong>Merval<em>:\u00a0<\/em><em>\u00c9, \u00e9 um autogolpe.<\/em><\/strong><\/p>\n<p><strong>Mour\u00e3o<em>:\u00a0<\/em><em>\u00c9 um autogolpe, voc\u00ea pode dizer isso.<\/em><\/strong><\/p>\n<p><strong>Cristiana<em>:\u00a0<\/em><em>Mas o congresso que tem que decidir\u2026<\/em><\/strong><\/p>\n<p><strong>Mour\u00e3o<em>:\u00a0<\/em><em>\u00c9 um autogolpe tamb\u00e9m.<\/em><\/strong><\/p>\n<p><strong>Merval<em>:\u00a0<\/em><em>O senhor admite a possibilidade te\u00f3rica de haver um autogolpe?<\/em><\/strong><\/p>\n<p><strong>Mour\u00e3o<em>:\u00a0<\/em><em>J\u00e1 houve em outros pa\u00edses, n\u00e9? Aqui nunca houve<\/em>\u201d.<\/strong><\/p>\n<p>A solu\u00e7\u00e3o militar defendida pelo general Mour\u00e3o n\u00e3o est\u00e1 prevista na Constitui\u00e7\u00e3o. Isso n\u00e3o significa, contudo, que n\u00e3o possa ser empregada, porque o pa\u00eds est\u00e1 sob a vig\u00eancia do regime de exce\u00e7\u00e3o e a presid\u00eancia do STF est\u00e1 tutelada pelos militares.<\/p>\n<p>A elei\u00e7\u00e3o da chapa Bolsonaro\/Mour\u00e3o transcorreu num ambiente de fraude que foi tolerada pelo TSE e STF.<\/p>\n<p>N\u00e3o foi uma elei\u00e7\u00e3o limpa e livre. Houve manipula\u00e7\u00e3o com inj\u00farias e not\u00edcias falsas, financiamento milion\u00e1rio da fraude do WhatsApp com dinheiro de caixa 2 por empres\u00e1rios corruptos, e proibi\u00e7\u00e3o ilegal da candidatura do candidato favorito, Lula.<\/p>\n<p>Esta realidade atesta a ilegitimidade do golpe, do regime de exce\u00e7\u00e3o e do atual governo.<\/p>\n<p>A velocidade vertiginosa dos acontecimentos n\u00e3o permite a interpreta\u00e7\u00e3o da realidade em tempo real. \u00c9 preciso, nesse momento, confiar que os militares possam agir como corresponde, ou seja, devolvendo a soberania deliberativa ao povo.<\/p>\n<div class=\"google-auto-placed ap_container\"><\/div>\n<p>Se prevalecer a vis\u00e3o do vice-presidente Mour\u00e3o, o Brasil ficar\u00e1 amea\u00e7ado de sofrer mais um golpe dentro do golpe. \u00c9 fundamental, nesse sentido, resistir \u00e0 imposi\u00e7\u00e3o de uma solu\u00e7\u00e3o militar que, se implementada, poder\u00e1 evoluir para uma ditadura \u2013 op\u00e7\u00e3o que, infelizmente, est\u00e1 no horizonte de certos setores dos estamentos militares e judiciais.<\/p>\n<p>N\u00e3o se deve esquecer que o poder militar hegem\u00f4nico hoje \u00e9 exercido pelos setores mais especializados da contra-insurg\u00eancia das FFAA, ou seja, pelo militarismo de cultura e temperamento repressivo, treinado a combater e reprimir insurg\u00eancias e inimigos.<\/p>\n<p>S\u00e3o segmentos militares que, por forma\u00e7\u00e3o, criminalizam e combatem com viol\u00eancia e repress\u00e3o o conflito social leg\u00edtimo existente em toda sociedade de classes.<\/p>\n<p>\u00c9 importante lembrar que os comandantes militares que dirigem o governo foram treinados e aperfei\u00e7oados em miss\u00f5es internacionais contra-insurgentes, de enfrentamento de crise humanit\u00e1ria [Haiti] e de atua\u00e7\u00e3o em guerra civil [Congo].<\/p>\n<p>A sa\u00edda para a crise brasileira est\u00e1 na democracia, n\u00e3o na ditadura. A sa\u00edda mais correta para o impasse criado pela pr\u00f3pria classe dominante, nessa perspectiva, est\u00e1 na convoca\u00e7\u00e3o de elei\u00e7\u00e3o livre, limpa e soberana.<\/p>\n<p>O Brasil precisa se reencontrar com a democracia, com o desenvolvimento, com o emprego, com a liberdade, com o respeito e com a paz entre seus irm\u00e3os.<\/p>\n<p>&nbsp;<\/p>\n<\/div>\n<\/div>\n<\/div>\n","protected":false},"excerpt":{"rendered":"<p>Em \u201cEra bolsonarista pode terminar antes de come\u00e7ar\u201d, de\u00a010\/12\/2018\u00a0[ler aqui], dissemos que \u201cEsc\u00e2ndalos, incompet\u00eancias e riscos ao pa\u00eds s\u00e3o motivos que alimentam as conjecturas sobre o encurtamento do prazo de validade do Bolsonaro\u201d.<\/p>\n","protected":false},"author":1,"featured_media":0,"comment_status":"closed","ping_status":"open","sticky":false,"template":"","format":"standard","meta":{"_exactmetrics_skip_tracking":false,"_exactmetrics_sitenote_active":false,"_exactmetrics_sitenote_note":"","_exactmetrics_sitenote_category":0,"jetpack_post_was_ever_published":false,"_jetpack_newsletter_access":"","_jetpack_dont_email_post_to_subs":false,"_jetpack_newsletter_tier_id":0,"_jetpack_memberships_contains_paywalled_content":false,"_jetpack_memberships_contains_paid_content":false,"footnotes":"","jetpack_publicize_message":"","jetpack_publicize_feature_enabled":true,"jetpack_social_post_already_shared":true,"jetpack_social_options":{"image_generator_settings":{"template":"highway","enabled":false},"version":2}},"categories":[1],"tags":[],"class_list":["post-20155","post","type-post","status-publish","format-standard","hentry","category-notas"],"jetpack_publicize_connections":[],"jetpack_sharing_enabled":true,"jetpack_featured_media_url":"","jetpack_shortlink":"https:\/\/wp.me\/p7wKYW-5f5","jetpack-related-posts":[],"_links":{"self":[{"href":"http:\/\/blogdalucianaoliveira.com.br\/blog\/wp-json\/wp\/v2\/posts\/20155","targetHints":{"allow":["GET"]}}],"collection":[{"href":"http:\/\/blogdalucianaoliveira.com.br\/blog\/wp-json\/wp\/v2\/posts"}],"about":[{"href":"http:\/\/blogdalucianaoliveira.com.br\/blog\/wp-json\/wp\/v2\/types\/post"}],"author":[{"embeddable":true,"href":"http:\/\/blogdalucianaoliveira.com.br\/blog\/wp-json\/wp\/v2\/users\/1"}],"replies":[{"embeddable":true,"href":"http:\/\/blogdalucianaoliveira.com.br\/blog\/wp-json\/wp\/v2\/comments?post=20155"}],"version-history":[{"count":1,"href":"http:\/\/blogdalucianaoliveira.com.br\/blog\/wp-json\/wp\/v2\/posts\/20155\/revisions"}],"predecessor-version":[{"id":20157,"href":"http:\/\/blogdalucianaoliveira.com.br\/blog\/wp-json\/wp\/v2\/posts\/20155\/revisions\/20157"}],"wp:attachment":[{"href":"http:\/\/blogdalucianaoliveira.com.br\/blog\/wp-json\/wp\/v2\/media?parent=20155"}],"wp:term":[{"taxonomy":"category","embeddable":true,"href":"http:\/\/blogdalucianaoliveira.com.br\/blog\/wp-json\/wp\/v2\/categories?post=20155"},{"taxonomy":"post_tag","embeddable":true,"href":"http:\/\/blogdalucianaoliveira.com.br\/blog\/wp-json\/wp\/v2\/tags?post=20155"}],"curies":[{"name":"wp","href":"https:\/\/api.w.org\/{rel}","templated":true}]}}