{"id":20163,"date":"2019-01-22T08:21:02","date_gmt":"2019-01-22T12:21:02","guid":{"rendered":"http:\/\/blogdalucianaoliveira.com.br\/blog\/?p=20163"},"modified":"2019-01-22T08:21:02","modified_gmt":"2019-01-22T12:21:02","slug":"folha-mapeia-a-mina-de-lucros-de-flavio-bolsonaro","status":"publish","type":"post","link":"http:\/\/blogdalucianaoliveira.com.br\/blog\/2019\/01\/22\/folha-mapeia-a-mina-de-lucros-de-flavio-bolsonaro\/","title":{"rendered":"Folha mapeia a mina de lucros de Fl\u00e1vio Bolsonaro"},"content":{"rendered":"<p><img data-recalc-dims=\"1\" loading=\"lazy\" decoding=\"async\" data-attachment-id=\"20164\" data-permalink=\"http:\/\/blogdalucianaoliveira.com.br\/blog\/2019\/01\/22\/folha-mapeia-a-mina-de-lucros-de-flavio-bolsonaro\/e7a17ee5-b206-4813-b599-dcce29ce6c5a\/\" data-orig-file=\"https:\/\/i0.wp.com\/blogdalucianaoliveira.com.br\/blog\/wp-content\/uploads\/2019\/01\/E7A17EE5-B206-4813-B599-DCCE29CE6C5A.jpeg?fit=360%2C226\" data-orig-size=\"360,226\" data-comments-opened=\"0\" data-image-meta=\"{&quot;aperture&quot;:&quot;0&quot;,&quot;credit&quot;:&quot;&quot;,&quot;camera&quot;:&quot;&quot;,&quot;caption&quot;:&quot;&quot;,&quot;created_timestamp&quot;:&quot;0&quot;,&quot;copyright&quot;:&quot;&quot;,&quot;focal_length&quot;:&quot;0&quot;,&quot;iso&quot;:&quot;0&quot;,&quot;shutter_speed&quot;:&quot;0&quot;,&quot;title&quot;:&quot;&quot;,&quot;orientation&quot;:&quot;0&quot;}\" data-image-title=\"E7A17EE5-B206-4813-B599-DCCE29CE6C5A\" data-image-description=\"\" data-image-caption=\"\" data-medium-file=\"https:\/\/i0.wp.com\/blogdalucianaoliveira.com.br\/blog\/wp-content\/uploads\/2019\/01\/E7A17EE5-B206-4813-B599-DCCE29CE6C5A.jpeg?fit=300%2C188\" data-large-file=\"https:\/\/i0.wp.com\/blogdalucianaoliveira.com.br\/blog\/wp-content\/uploads\/2019\/01\/E7A17EE5-B206-4813-B599-DCCE29CE6C5A.jpeg?fit=360%2C226\" src=\"https:\/\/i0.wp.com\/blogdalucianaoliveira.com.br\/blog\/wp-content\/uploads\/2019\/01\/E7A17EE5-B206-4813-B599-DCCE29CE6C5A.jpeg?resize=360%2C226\" alt=\"E7A17EE5-B206-4813-B599-DCCE29CE6C5A\" width=\"360\" height=\"226\" class=\"alignnone size-full wp-image-20164\" srcset=\"https:\/\/i0.wp.com\/blogdalucianaoliveira.com.br\/blog\/wp-content\/uploads\/2019\/01\/E7A17EE5-B206-4813-B599-DCCE29CE6C5A.jpeg?w=360 360w, https:\/\/i0.wp.com\/blogdalucianaoliveira.com.br\/blog\/wp-content\/uploads\/2019\/01\/E7A17EE5-B206-4813-B599-DCCE29CE6C5A.jpeg?resize=300%2C188 300w\" sizes=\"auto, (max-width: 360px) 100vw, 360px\" \/><\/p>\n<p>Publico, ao final do post, o infogr\u00e1fico veiculado hoje pela Folha que mapeia os neg\u00f3cios imobili\u00e1rios de Fl\u00e1vio Bolsonaro.<!--more--><\/p>\n<p>Por Tinola\u00e7o<\/p>\n<p>\u00c9 espantosa sua capacidade de comprar im\u00f3veis e revend\u00ea-los, um ou dois anos depois (\u00e9 imposs\u00edvel ser preciso, pois n\u00e3o h\u00e1 dia e m\u00eas das transa\u00e7\u00f5es) com lucros fabulosos, gerado por pre\u00e7os de revenda at\u00e9 mais de tr\u00eas vezes maiores que os de compra.<\/p>\n<p>Claro, pode acontecer uma vez, um golpe de sorte, uma valoriza\u00e7\u00e3o s\u00fabita. Mas \u00e9 inacredit\u00e1vel que, por exemplo, tenha comprado de dois norte-americanos um par de apartamentos em Copacabana por R$ 310 mil (incrivelmente abaixo do valor de mercado) e revendido, um e dois anos depois, os im\u00f3veis por R$ 1,12 milh\u00e3o, com um lucro de 260%.<\/p>\n<p>Se os \u201crolos\u201d de Fl\u00e1vio Bolsonaro fossem mesmo assim, t\u00e3o bem sucedidos, seu lugar era no Minist\u00e9rio da Fazenda, n\u00e3o no Senado.<\/p>\n<p>Diz ainda o jornal que a sua explica\u00e7\u00e3o de que os neg\u00f3cios se fariam com sua renda como empres\u00e1rio esbarra no fato de s\u00f3 ter se tornado dono de 50% de uma franquia dos Chocolates Kopenhagen em 2015, depois de ter realizado a maior parte de seus neg\u00f3cios.<\/p>\n<p>A Folha informa que a franquia, segundo o pr\u00f3prio franqueador, leva de dois a tr\u00eas anos para repor o investimento e dar lucro. E, ainda assim, segundo reportagem da revista Pequenas Empresas, Grandes Neg\u00f3cios, com um lucro l\u00edquido de 12 a 15% do faturamento, estimado numa m\u00e9dia de R$ 60 mil. Se fosse o dobro da m\u00e9dia \u2013 R$ 120 mil \u2013 e se aplicasse o lucro, a loja renderia R$ 7.500 para cada s\u00f3cio.<\/p>\n<p>Como se viu, do sumi\u00e7o de Fabr\u00edcio Queiroz para c\u00e1, a lamban\u00e7a s\u00f3 se generalizou.<\/p>\n<p><img data-recalc-dims=\"1\" loading=\"lazy\" decoding=\"async\" data-attachment-id=\"20165\" data-permalink=\"http:\/\/blogdalucianaoliveira.com.br\/blog\/2019\/01\/22\/folha-mapeia-a-mina-de-lucros-de-flavio-bolsonaro\/2f894478-7de9-4ee8-9dd2-b39779c2a8e5\/\" data-orig-file=\"https:\/\/i0.wp.com\/blogdalucianaoliveira.com.br\/blog\/wp-content\/uploads\/2019\/01\/2F894478-7DE9-4EE8-9DD2-B39779C2A8E5.png?fit=600%2C570\" data-orig-size=\"600,570\" data-comments-opened=\"0\" data-image-meta=\"{&quot;aperture&quot;:&quot;0&quot;,&quot;credit&quot;:&quot;&quot;,&quot;camera&quot;:&quot;&quot;,&quot;caption&quot;:&quot;&quot;,&quot;created_timestamp&quot;:&quot;0&quot;,&quot;copyright&quot;:&quot;&quot;,&quot;focal_length&quot;:&quot;0&quot;,&quot;iso&quot;:&quot;0&quot;,&quot;shutter_speed&quot;:&quot;0&quot;,&quot;title&quot;:&quot;&quot;,&quot;orientation&quot;:&quot;0&quot;}\" data-image-title=\"2F894478-7DE9-4EE8-9DD2-B39779C2A8E5\" data-image-description=\"\" data-image-caption=\"\" data-medium-file=\"https:\/\/i0.wp.com\/blogdalucianaoliveira.com.br\/blog\/wp-content\/uploads\/2019\/01\/2F894478-7DE9-4EE8-9DD2-B39779C2A8E5.png?fit=300%2C285\" data-large-file=\"https:\/\/i0.wp.com\/blogdalucianaoliveira.com.br\/blog\/wp-content\/uploads\/2019\/01\/2F894478-7DE9-4EE8-9DD2-B39779C2A8E5.png?fit=600%2C570\" src=\"https:\/\/i0.wp.com\/blogdalucianaoliveira.com.br\/blog\/wp-content\/uploads\/2019\/01\/2F894478-7DE9-4EE8-9DD2-B39779C2A8E5.png?resize=600%2C570\" alt=\"2F894478-7DE9-4EE8-9DD2-B39779C2A8E5\" width=\"600\" height=\"570\" class=\"alignnone size-full wp-image-20165\" srcset=\"https:\/\/i0.wp.com\/blogdalucianaoliveira.com.br\/blog\/wp-content\/uploads\/2019\/01\/2F894478-7DE9-4EE8-9DD2-B39779C2A8E5.png?w=600 600w, https:\/\/i0.wp.com\/blogdalucianaoliveira.com.br\/blog\/wp-content\/uploads\/2019\/01\/2F894478-7DE9-4EE8-9DD2-B39779C2A8E5.png?resize=300%2C285 300w, https:\/\/i0.wp.com\/blogdalucianaoliveira.com.br\/blog\/wp-content\/uploads\/2019\/01\/2F894478-7DE9-4EE8-9DD2-B39779C2A8E5.png?resize=316%2C300 316w\" sizes=\"auto, (max-width: 600px) 100vw, 600px\" \/><\/p>\n","protected":false},"excerpt":{"rendered":"<p>Publico, ao final do post, o infogr\u00e1fico veiculado hoje pela Folha que mapeia os neg\u00f3cios imobili\u00e1rios de Fl\u00e1vio Bolsonaro.<\/p>\n","protected":false},"author":1,"featured_media":0,"comment_status":"closed","ping_status":"open","sticky":false,"template":"","format":"standard","meta":{"_exactmetrics_skip_tracking":false,"_exactmetrics_sitenote_active":false,"_exactmetrics_sitenote_note":"","_exactmetrics_sitenote_category":0,"jetpack_post_was_ever_published":false,"_jetpack_newsletter_access":"","_jetpack_dont_email_post_to_subs":false,"_jetpack_newsletter_tier_id":0,"_jetpack_memberships_contains_paywalled_content":false,"_jetpack_memberships_contains_paid_content":false,"footnotes":"","jetpack_publicize_message":"","jetpack_publicize_feature_enabled":true,"jetpack_social_post_already_shared":true,"jetpack_social_options":{"image_generator_settings":{"template":"highway","enabled":false},"version":2}},"categories":[1],"tags":[],"class_list":["post-20163","post","type-post","status-publish","format-standard","hentry","category-notas"],"jetpack_publicize_connections":[],"jetpack_sharing_enabled":true,"jetpack_featured_media_url":"","jetpack_shortlink":"https:\/\/wp.me\/p7wKYW-5fd","jetpack-related-posts":[],"_links":{"self":[{"href":"http:\/\/blogdalucianaoliveira.com.br\/blog\/wp-json\/wp\/v2\/posts\/20163","targetHints":{"allow":["GET"]}}],"collection":[{"href":"http:\/\/blogdalucianaoliveira.com.br\/blog\/wp-json\/wp\/v2\/posts"}],"about":[{"href":"http:\/\/blogdalucianaoliveira.com.br\/blog\/wp-json\/wp\/v2\/types\/post"}],"author":[{"embeddable":true,"href":"http:\/\/blogdalucianaoliveira.com.br\/blog\/wp-json\/wp\/v2\/users\/1"}],"replies":[{"embeddable":true,"href":"http:\/\/blogdalucianaoliveira.com.br\/blog\/wp-json\/wp\/v2\/comments?post=20163"}],"version-history":[{"count":1,"href":"http:\/\/blogdalucianaoliveira.com.br\/blog\/wp-json\/wp\/v2\/posts\/20163\/revisions"}],"predecessor-version":[{"id":20166,"href":"http:\/\/blogdalucianaoliveira.com.br\/blog\/wp-json\/wp\/v2\/posts\/20163\/revisions\/20166"}],"wp:attachment":[{"href":"http:\/\/blogdalucianaoliveira.com.br\/blog\/wp-json\/wp\/v2\/media?parent=20163"}],"wp:term":[{"taxonomy":"category","embeddable":true,"href":"http:\/\/blogdalucianaoliveira.com.br\/blog\/wp-json\/wp\/v2\/categories?post=20163"},{"taxonomy":"post_tag","embeddable":true,"href":"http:\/\/blogdalucianaoliveira.com.br\/blog\/wp-json\/wp\/v2\/tags?post=20163"}],"curies":[{"name":"wp","href":"https:\/\/api.w.org\/{rel}","templated":true}]}}