{"id":20167,"date":"2019-01-22T08:49:55","date_gmt":"2019-01-22T12:49:55","guid":{"rendered":"http:\/\/blogdalucianaoliveira.com.br\/blog\/?p=20167"},"modified":"2019-01-22T08:49:55","modified_gmt":"2019-01-22T12:49:55","slug":"patrimonio-dos-26-mais-ricos-equivale-ao-dos-50-mais-pobres-do-mundo","status":"publish","type":"post","link":"http:\/\/blogdalucianaoliveira.com.br\/blog\/2019\/01\/22\/patrimonio-dos-26-mais-ricos-equivale-ao-dos-50-mais-pobres-do-mundo\/","title":{"rendered":"Patrim\u00f4nio dos 26 mais ricos equivale ao dos 50% mais pobres do mundo"},"content":{"rendered":"<p><img data-recalc-dims=\"1\" loading=\"lazy\" decoding=\"async\" data-attachment-id=\"20168\" data-permalink=\"http:\/\/blogdalucianaoliveira.com.br\/blog\/2019\/01\/22\/patrimonio-dos-26-mais-ricos-equivale-ao-dos-50-mais-pobres-do-mundo\/a622b1bd-cfad-480a-a349-2ae287d36126\/\" data-orig-file=\"https:\/\/i0.wp.com\/blogdalucianaoliveira.com.br\/blog\/wp-content\/uploads\/2019\/01\/A622B1BD-CFAD-480A-A349-2AE287D36126.jpeg?fit=700%2C394\" data-orig-size=\"700,394\" data-comments-opened=\"0\" data-image-meta=\"{&quot;aperture&quot;:&quot;0&quot;,&quot;credit&quot;:&quot;&quot;,&quot;camera&quot;:&quot;&quot;,&quot;caption&quot;:&quot;&quot;,&quot;created_timestamp&quot;:&quot;0&quot;,&quot;copyright&quot;:&quot;&quot;,&quot;focal_length&quot;:&quot;0&quot;,&quot;iso&quot;:&quot;0&quot;,&quot;shutter_speed&quot;:&quot;0&quot;,&quot;title&quot;:&quot;&quot;,&quot;orientation&quot;:&quot;0&quot;}\" data-image-title=\"A622B1BD-CFAD-480A-A349-2AE287D36126\" data-image-description=\"\" data-image-caption=\"\" data-medium-file=\"https:\/\/i0.wp.com\/blogdalucianaoliveira.com.br\/blog\/wp-content\/uploads\/2019\/01\/A622B1BD-CFAD-480A-A349-2AE287D36126.jpeg?fit=300%2C169\" data-large-file=\"https:\/\/i0.wp.com\/blogdalucianaoliveira.com.br\/blog\/wp-content\/uploads\/2019\/01\/A622B1BD-CFAD-480A-A349-2AE287D36126.jpeg?fit=600%2C338\" src=\"https:\/\/i0.wp.com\/blogdalucianaoliveira.com.br\/blog\/wp-content\/uploads\/2019\/01\/A622B1BD-CFAD-480A-A349-2AE287D36126.jpeg?resize=600%2C338\" alt=\"A622B1BD-CFAD-480A-A349-2AE287D36126\" width=\"600\" height=\"338\" class=\"alignnone size-full wp-image-20168\" srcset=\"https:\/\/i0.wp.com\/blogdalucianaoliveira.com.br\/blog\/wp-content\/uploads\/2019\/01\/A622B1BD-CFAD-480A-A349-2AE287D36126.jpeg?w=700 700w, https:\/\/i0.wp.com\/blogdalucianaoliveira.com.br\/blog\/wp-content\/uploads\/2019\/01\/A622B1BD-CFAD-480A-A349-2AE287D36126.jpeg?resize=300%2C169 300w, https:\/\/i0.wp.com\/blogdalucianaoliveira.com.br\/blog\/wp-content\/uploads\/2019\/01\/A622B1BD-CFAD-480A-A349-2AE287D36126.jpeg?resize=533%2C300 533w\" sizes=\"auto, (max-width: 600px) 100vw, 600px\" \/><\/p>\n<p>Oxfam alerta para desigualdade &#8220;fora de controle&#8221; mundo afora, devido em grande parte a sistemas tribut\u00e1rios injustos. Aumento de impostos sobre fortuna dos mais ricos permitiria financiar estudos de milh\u00f5es de crian\u00e7as.<!--more--><\/p>\n<p>Na Deutsche Welle <\/p>\n<p>A desigualdade na distribui\u00e7\u00e3o de riqueza em todo mundo est\u00e1 &#8220;fora de controle&#8221;, alerta um relat\u00f3rio da ONG antipobreza Oxfam divulgado nesta segunda-feira (21\/01). Segundo o documento, em 2018, enquanto as camadas mais favorecidas acumulavam riquezas, as mais pobres ficavam ainda mais pobres, aumentando o abismo entre os dois grupos.<\/p>\n<p>A Oxfam afirma que, no ano passado, um novo bilion\u00e1rio surgiu a cada dois dias, enquanto o patrim\u00f4nio dos 3,8 bilh\u00f5es de indiv\u00edduos mais pobres diminu\u00eda diariamente em 500 milh\u00f5es. As fortunas bilion\u00e1rias aumentaram 12%, ou 2,5 bilh\u00f5es de d\u00f3lares por dia, enquanto as camadas mais pobres viram sua riqueza diminuir 11%.<\/p>\n<p>Segundo o relat\u00f3rio, os 26 indiv\u00edduos mais ricos do mundo concentram riqueza equivalente ao patrim\u00f4nio dos 3,8 bilh\u00f5es de pessoas que formam a camada mais pobre da popula\u00e7\u00e3o mundial, ou seja, 50% das pessoas em todo o planeta.<br \/>\nOs sistemas tribut\u00e1rios que pesam sobre as camadas mais desfavorecidas da popula\u00e7\u00e3o mundial aumentam a disparidade entre ricos e pobres e a insatisfa\u00e7\u00e3o popular, afirmou Winnie Byanyima, diretora executiva da Oxfam International. Esse quadro traz efeitos negativos particularmente para as mulheres.<\/p>\n<p>&#8220;Enquanto corpora\u00e7\u00f5es e os super-ricos desfrutam de impostos baixos, milh\u00f5es de meninas n\u00e3o t\u00eam acesso \u00e0 educa\u00e7\u00e3o de qualidade e muitas mulheres morrem por falta de cuidados na maternidade&#8221;, disse Byanyima.<\/p>\n<p>O relat\u00f3rio afirma que os governos subfinanciam cada vez mais os servi\u00e7os p\u00fablicos e subtributam os ricos. &#8220;Os pobres sofrem duplamente, com a falta de servi\u00e7os essenciais e tamb\u00e9m ao pagar uma carga maior de impostos&#8221;, afirmou a diretora executiva da Oxfam.<br \/>\nA ONG ressalta que os impostos sobre os mais ricos e as grandes empresas v\u00eam sendo reduzidos nas \u00faltimas d\u00e9cadas. Quando os governos fracassam em taxar os mais ricos, a carga tribut\u00e1ria recai sobre os mais pobres atrav\u00e9s de impostos sobre o consumo, como os impostos sobre o valor agregado (IVA).<\/p>\n<p>&#8220;Tributa\u00e7\u00f5es indiretas como essa recaem sobre sal, a\u00e7\u00facar ou sab\u00e3o, recursos b\u00e1sicos de que as pessoas necessitam [&#8230;] Dessa forma, os pobres pagam uma fatia relativamente maior de seus rendimentos do que as pessoas ricas&#8221;, apontou Byanyima.<br \/>\nSistemas tribut\u00e1rios mais justos podem contribuir para resolver o problema. A Oxfam afirma que se a camada de 1% dos mais ricos da popula\u00e7\u00e3o mundial pagasse apenas 0,5% a mais de impostos sobre suas riquezas, isso arrecadaria por ano mais que o suficiente para financiar  os estudos de todas as 262 milh\u00f5es de crian\u00e7as que se encontram hoje fora da escola, al\u00e9m de garantir assist\u00eancia m\u00e9dica que evitaria a morte de 3,3 milh\u00f5es de pessoas.<br \/>\nA ONG sugere que os governos reavaliem a tributa\u00e7\u00e3o sobre riquezas, como os impostos sobre heran\u00e7as de propriedades, que v\u00eam sendo reduzidos ou eliminados em boa parte das na\u00e7\u00f5es mais desenvolvidas e sequer foram implementados nos pa\u00edses mais pobres.<\/p>\n<p>O relat\u00f3rio, divulgado pouco antes do in\u00edcio do F\u00f3rum Econ\u00f4mico Mundial de Davos, que re\u00fane na Su\u00ed\u00e7a lideres mundiais da pol\u00edtica e dos neg\u00f3cios a partir desta ter\u00e7a-feira, \u00e9 baseado em informa\u00e7\u00f5es do registro de dados sobre a riqueza do banco de investimentos Credit Suisse e da &#8220;lista dos bilion\u00e1rios&#8221; da revista Forbes.<\/p>\n<p>RC\/ap\/rtr\/afp<\/p>\n","protected":false},"excerpt":{"rendered":"<p>Oxfam alerta para desigualdade &#8220;fora de controle&#8221; mundo afora, devido em grande parte a sistemas tribut\u00e1rios injustos. Aumento de impostos sobre fortuna dos mais ricos permitiria financiar estudos de milh\u00f5es de crian\u00e7as.<\/p>\n","protected":false},"author":1,"featured_media":0,"comment_status":"closed","ping_status":"open","sticky":false,"template":"","format":"standard","meta":{"_exactmetrics_skip_tracking":false,"_exactmetrics_sitenote_active":false,"_exactmetrics_sitenote_note":"","_exactmetrics_sitenote_category":0,"jetpack_post_was_ever_published":false,"_jetpack_newsletter_access":"","_jetpack_dont_email_post_to_subs":false,"_jetpack_newsletter_tier_id":0,"_jetpack_memberships_contains_paywalled_content":false,"_jetpack_memberships_contains_paid_content":false,"footnotes":"","jetpack_publicize_message":"","jetpack_publicize_feature_enabled":true,"jetpack_social_post_already_shared":true,"jetpack_social_options":{"image_generator_settings":{"template":"highway","enabled":false},"version":2}},"categories":[1],"tags":[],"class_list":["post-20167","post","type-post","status-publish","format-standard","hentry","category-notas"],"jetpack_publicize_connections":[],"jetpack_sharing_enabled":true,"jetpack_featured_media_url":"","jetpack_shortlink":"https:\/\/wp.me\/p7wKYW-5fh","jetpack-related-posts":[],"_links":{"self":[{"href":"http:\/\/blogdalucianaoliveira.com.br\/blog\/wp-json\/wp\/v2\/posts\/20167","targetHints":{"allow":["GET"]}}],"collection":[{"href":"http:\/\/blogdalucianaoliveira.com.br\/blog\/wp-json\/wp\/v2\/posts"}],"about":[{"href":"http:\/\/blogdalucianaoliveira.com.br\/blog\/wp-json\/wp\/v2\/types\/post"}],"author":[{"embeddable":true,"href":"http:\/\/blogdalucianaoliveira.com.br\/blog\/wp-json\/wp\/v2\/users\/1"}],"replies":[{"embeddable":true,"href":"http:\/\/blogdalucianaoliveira.com.br\/blog\/wp-json\/wp\/v2\/comments?post=20167"}],"version-history":[{"count":1,"href":"http:\/\/blogdalucianaoliveira.com.br\/blog\/wp-json\/wp\/v2\/posts\/20167\/revisions"}],"predecessor-version":[{"id":20169,"href":"http:\/\/blogdalucianaoliveira.com.br\/blog\/wp-json\/wp\/v2\/posts\/20167\/revisions\/20169"}],"wp:attachment":[{"href":"http:\/\/blogdalucianaoliveira.com.br\/blog\/wp-json\/wp\/v2\/media?parent=20167"}],"wp:term":[{"taxonomy":"category","embeddable":true,"href":"http:\/\/blogdalucianaoliveira.com.br\/blog\/wp-json\/wp\/v2\/categories?post=20167"},{"taxonomy":"post_tag","embeddable":true,"href":"http:\/\/blogdalucianaoliveira.com.br\/blog\/wp-json\/wp\/v2\/tags?post=20167"}],"curies":[{"name":"wp","href":"https:\/\/api.w.org\/{rel}","templated":true}]}}