{"id":20173,"date":"2019-01-22T12:03:50","date_gmt":"2019-01-22T16:03:50","guid":{"rendered":"http:\/\/blogdalucianaoliveira.com.br\/blog\/?p=20173"},"modified":"2019-01-22T12:03:50","modified_gmt":"2019-01-22T16:03:50","slug":"bolsonarismo-ja-traz-prejuizos-e-arabes-suspendem-importacao-de-carne-brasileira","status":"publish","type":"post","link":"http:\/\/blogdalucianaoliveira.com.br\/blog\/2019\/01\/22\/bolsonarismo-ja-traz-prejuizos-e-arabes-suspendem-importacao-de-carne-brasileira\/","title":{"rendered":"BOLSONARISMO J\u00c1 TRAZ PREJU\u00cdZOS E \u00c1RABES SUSPENDEM IMPORTA\u00c7\u00c3O DE CARNE BRASILEIRA"},"content":{"rendered":"<p><img data-recalc-dims=\"1\" loading=\"lazy\" decoding=\"async\" data-attachment-id=\"20174\" data-permalink=\"http:\/\/blogdalucianaoliveira.com.br\/blog\/2019\/01\/22\/bolsonarismo-ja-traz-prejuizos-e-arabes-suspendem-importacao-de-carne-brasileira\/d3c1c3d9-04c3-4f76-8e01-51f6f433baca\/\" data-orig-file=\"https:\/\/i0.wp.com\/blogdalucianaoliveira.com.br\/blog\/wp-content\/uploads\/2019\/01\/D3C1C3D9-04C3-4F76-8E01-51F6F433BACA.jpeg?fit=480%2C240\" data-orig-size=\"480,240\" data-comments-opened=\"0\" data-image-meta=\"{&quot;aperture&quot;:&quot;0&quot;,&quot;credit&quot;:&quot;&quot;,&quot;camera&quot;:&quot;&quot;,&quot;caption&quot;:&quot;&quot;,&quot;created_timestamp&quot;:&quot;0&quot;,&quot;copyright&quot;:&quot;&quot;,&quot;focal_length&quot;:&quot;0&quot;,&quot;iso&quot;:&quot;0&quot;,&quot;shutter_speed&quot;:&quot;0&quot;,&quot;title&quot;:&quot;&quot;,&quot;orientation&quot;:&quot;0&quot;}\" data-image-title=\"D3C1C3D9-04C3-4F76-8E01-51F6F433BACA\" data-image-description=\"\" data-image-caption=\"\" data-medium-file=\"https:\/\/i0.wp.com\/blogdalucianaoliveira.com.br\/blog\/wp-content\/uploads\/2019\/01\/D3C1C3D9-04C3-4F76-8E01-51F6F433BACA.jpeg?fit=300%2C150\" data-large-file=\"https:\/\/i0.wp.com\/blogdalucianaoliveira.com.br\/blog\/wp-content\/uploads\/2019\/01\/D3C1C3D9-04C3-4F76-8E01-51F6F433BACA.jpeg?fit=480%2C240\" class=\"alignnone size-full wp-image-20174\" src=\"https:\/\/i0.wp.com\/blogdalucianaoliveira.com.br\/blog\/wp-content\/uploads\/2019\/01\/D3C1C3D9-04C3-4F76-8E01-51F6F433BACA.jpeg?resize=480%2C240\" alt=\"D3C1C3D9-04C3-4F76-8E01-51F6F433BACA\" width=\"480\" height=\"240\" srcset=\"https:\/\/i0.wp.com\/blogdalucianaoliveira.com.br\/blog\/wp-content\/uploads\/2019\/01\/D3C1C3D9-04C3-4F76-8E01-51F6F433BACA.jpeg?w=480 480w, https:\/\/i0.wp.com\/blogdalucianaoliveira.com.br\/blog\/wp-content\/uploads\/2019\/01\/D3C1C3D9-04C3-4F76-8E01-51F6F433BACA.jpeg?resize=300%2C150 300w\" sizes=\"auto, (max-width: 480px) 100vw, 480px\" \/><\/p>\n<p><strong>247 \u2013\u00a0<\/strong>A Ar\u00e1bia Saudita, maior importadora de carne de frango do Brasil, parece ter dado in\u00edcio \u00e0s retalia\u00e7\u00f5es do mundo \u00e1rabe pelo postura de Bolsonaro e do chanceler Ernesto Ara\u00fajo de implementar uma pol\u00edtica externa ideol\u00f3gica de extrema-direita. O pa\u00eds riscou cinco frigor\u00edficos da lista dos exportadores brasileiros para o pa\u00eds \u00e1rabe, entre eles unidades da BRF e JBS, empresas mais atuantes no setor. Medida pode ser in\u00edcio de barreiras impostas ap\u00f3s transfer\u00eancia de embaixada brasileira em Israel.<\/p>\n<p>A <a href=\"https:\/\/www1.folha.uol.com.br\/colunas\/vaivem\/2019\/01\/arabia-saudita-suspende-importacao-de-carne-de-frango-de-cinco-frigorificos-do-brasil.shtml\" target=\"_blank\">informa\u00e7\u00e3o<\/a><\/p>\n<div class=\"mrf-adv sRoba mrf-preInsertedMad mad\" data-placement=\"\" data-madtype=\"sRoba\" data-sectionid=\"capa\" data-virtualpageid=\"3\" data-loadstrategy=\"onScroll\" data-refreshfrequency=\"0\" data-layout=\"inline_square_details_s\" data-invalidatelayout=\"false\" data-loadonevent=\"navigationChange\" data-navigationlevel=\"1\" data-scrollposition=\"3\" data-madprocessed=\"true\"><\/div>\n<p>\u00e9 do Jornal Folha de S.Paulo. O governo brasileiro recebeu uma mensagem dos \u00e1rabes comunicando o descredenciamento.<\/p>\n","protected":false},"excerpt":{"rendered":"<p>247 \u2013\u00a0A Ar\u00e1bia Saudita, maior importadora de carne de frango do Brasil, parece ter dado in\u00edcio \u00e0s retalia\u00e7\u00f5es do mundo \u00e1rabe pelo postura de Bolsonaro e do chanceler Ernesto Ara\u00fajo de implementar uma pol\u00edtica externa ideol\u00f3gica de extrema-direita. O pa\u00eds riscou cinco frigor\u00edficos da lista dos exportadores brasileiros para o pa\u00eds \u00e1rabe, entre eles unidades&#8230;<a class=\"more-link\" href=\"http:\/\/blogdalucianaoliveira.com.br\/blog\/2019\/01\/22\/bolsonarismo-ja-traz-prejuizos-e-arabes-suspendem-importacao-de-carne-brasileira\/\">Continue a leitura <span class=\"meta-nav\">&raquo;<\/span><\/a><\/p>\n","protected":false},"author":1,"featured_media":0,"comment_status":"closed","ping_status":"open","sticky":false,"template":"","format":"standard","meta":{"_exactmetrics_skip_tracking":false,"_exactmetrics_sitenote_active":false,"_exactmetrics_sitenote_note":"","_exactmetrics_sitenote_category":0,"jetpack_post_was_ever_published":false,"_jetpack_newsletter_access":"","_jetpack_dont_email_post_to_subs":false,"_jetpack_newsletter_tier_id":0,"_jetpack_memberships_contains_paywalled_content":false,"_jetpack_memberships_contains_paid_content":false,"footnotes":"","jetpack_publicize_message":"","jetpack_publicize_feature_enabled":true,"jetpack_social_post_already_shared":true,"jetpack_social_options":{"image_generator_settings":{"template":"highway","enabled":false},"version":2}},"categories":[1],"tags":[],"class_list":["post-20173","post","type-post","status-publish","format-standard","hentry","category-notas"],"jetpack_publicize_connections":[],"jetpack_sharing_enabled":true,"jetpack_featured_media_url":"","jetpack_shortlink":"https:\/\/wp.me\/p7wKYW-5fn","jetpack-related-posts":[],"_links":{"self":[{"href":"http:\/\/blogdalucianaoliveira.com.br\/blog\/wp-json\/wp\/v2\/posts\/20173","targetHints":{"allow":["GET"]}}],"collection":[{"href":"http:\/\/blogdalucianaoliveira.com.br\/blog\/wp-json\/wp\/v2\/posts"}],"about":[{"href":"http:\/\/blogdalucianaoliveira.com.br\/blog\/wp-json\/wp\/v2\/types\/post"}],"author":[{"embeddable":true,"href":"http:\/\/blogdalucianaoliveira.com.br\/blog\/wp-json\/wp\/v2\/users\/1"}],"replies":[{"embeddable":true,"href":"http:\/\/blogdalucianaoliveira.com.br\/blog\/wp-json\/wp\/v2\/comments?post=20173"}],"version-history":[{"count":1,"href":"http:\/\/blogdalucianaoliveira.com.br\/blog\/wp-json\/wp\/v2\/posts\/20173\/revisions"}],"predecessor-version":[{"id":20175,"href":"http:\/\/blogdalucianaoliveira.com.br\/blog\/wp-json\/wp\/v2\/posts\/20173\/revisions\/20175"}],"wp:attachment":[{"href":"http:\/\/blogdalucianaoliveira.com.br\/blog\/wp-json\/wp\/v2\/media?parent=20173"}],"wp:term":[{"taxonomy":"category","embeddable":true,"href":"http:\/\/blogdalucianaoliveira.com.br\/blog\/wp-json\/wp\/v2\/categories?post=20173"},{"taxonomy":"post_tag","embeddable":true,"href":"http:\/\/blogdalucianaoliveira.com.br\/blog\/wp-json\/wp\/v2\/tags?post=20173"}],"curies":[{"name":"wp","href":"https:\/\/api.w.org\/{rel}","templated":true}]}}