{"id":20178,"date":"2019-01-22T13:08:47","date_gmt":"2019-01-22T17:08:47","guid":{"rendered":"http:\/\/blogdalucianaoliveira.com.br\/blog\/?p=20178"},"modified":"2019-01-22T13:10:51","modified_gmt":"2019-01-22T17:10:51","slug":"rodrigo-marconi-lanca-seu-primeiro-cd-totalmente-autoral-e-inspirado-na-literatura-universal","status":"publish","type":"post","link":"http:\/\/blogdalucianaoliveira.com.br\/blog\/2019\/01\/22\/rodrigo-marconi-lanca-seu-primeiro-cd-totalmente-autoral-e-inspirado-na-literatura-universal\/","title":{"rendered":"Rodrigo Marconi lan\u00e7a seu primeiro CD, totalmente autoral e inspirado na literatura universal"},"content":{"rendered":"<p><img data-recalc-dims=\"1\" loading=\"lazy\" decoding=\"async\" data-attachment-id=\"20179\" data-permalink=\"http:\/\/blogdalucianaoliveira.com.br\/blog\/2019\/01\/22\/rodrigo-marconi-lanca-seu-primeiro-cd-totalmente-autoral-e-inspirado-na-literatura-universal\/f537e043-bd46-4869-80de-a6d65b017c23\/\" data-orig-file=\"https:\/\/i0.wp.com\/blogdalucianaoliveira.com.br\/blog\/wp-content\/uploads\/2019\/01\/F537E043-BD46-4869-80DE-A6D65B017C23.jpeg?fit=230%2C230\" data-orig-size=\"230,230\" data-comments-opened=\"0\" data-image-meta=\"{&quot;aperture&quot;:&quot;0&quot;,&quot;credit&quot;:&quot;&quot;,&quot;camera&quot;:&quot;&quot;,&quot;caption&quot;:&quot;&quot;,&quot;created_timestamp&quot;:&quot;0&quot;,&quot;copyright&quot;:&quot;&quot;,&quot;focal_length&quot;:&quot;0&quot;,&quot;iso&quot;:&quot;0&quot;,&quot;shutter_speed&quot;:&quot;0&quot;,&quot;title&quot;:&quot;&quot;,&quot;orientation&quot;:&quot;0&quot;}\" data-image-title=\"F537E043-BD46-4869-80DE-A6D65B017C23\" data-image-description=\"\" data-image-caption=\"\" data-medium-file=\"https:\/\/i0.wp.com\/blogdalucianaoliveira.com.br\/blog\/wp-content\/uploads\/2019\/01\/F537E043-BD46-4869-80DE-A6D65B017C23.jpeg?fit=230%2C230\" data-large-file=\"https:\/\/i0.wp.com\/blogdalucianaoliveira.com.br\/blog\/wp-content\/uploads\/2019\/01\/F537E043-BD46-4869-80DE-A6D65B017C23.jpeg?fit=230%2C230\" src=\"https:\/\/i0.wp.com\/blogdalucianaoliveira.com.br\/blog\/wp-content\/uploads\/2019\/01\/F537E043-BD46-4869-80DE-A6D65B017C23.jpeg?resize=230%2C230\" alt=\"F537E043-BD46-4869-80DE-A6D65B017C23\" width=\"230\" height=\"230\" class=\"alignnone size-full wp-image-20179\" srcset=\"https:\/\/i0.wp.com\/blogdalucianaoliveira.com.br\/blog\/wp-content\/uploads\/2019\/01\/F537E043-BD46-4869-80DE-A6D65B017C23.jpeg?w=230 230w, https:\/\/i0.wp.com\/blogdalucianaoliveira.com.br\/blog\/wp-content\/uploads\/2019\/01\/F537E043-BD46-4869-80DE-A6D65B017C23.jpeg?resize=150%2C150 150w\" sizes=\"auto, (max-width: 230px) 100vw, 230px\" \/><\/p>\n<p>Em \u201cCorrespond\u00eancia\u201d, compositor e educador carioca apresenta pe\u00e7as contempor\u00e1neas que se comunicam com a arte literaria de Roland Barthes, Fernando Pessoa e Berthold Brecht, al\u00e9m de refer\u00eancias a Villa-Lobos e Bach<!--more--><\/p>\n<p>\u201cCorresponder. Corresponder a, corresponder ao, corresponder \u00e0, corresponder com, corresponder-se, co-responder&#8230; Correspond\u00eancia\u201d. Assim nasce e come\u00e7a a defini\u00e7\u00e3o do CD de estreia do compositor e professor Rodrigo Marconi, que reuniu em \u201cCorrespond\u00eancia\u201d algumas de suas dezenas de composi\u00e7\u00f5es, presentes nos principais festivais e bienais de m\u00fasica contempor\u00e2nea do pa\u00eds. De produ\u00e7\u00e3o independente, gravado e mixado na A Casa Est\u00fadio (RJ) e com distribui\u00e7\u00e3o nacional pela Tratore, o \u00e1lbum re\u00fane 6 obras, divididas em 15 faixas, considerando seus movimentos.<\/p>\n<p>O t\u00edtulo do disco solo registra, mais do que tudo, o di\u00e1logo de sua obra com as mais variadas express\u00f5es art\u00edsticas. \u201cNo campo das artes, correspond\u00eancia significa, acima de tudo, di\u00e1logo. Di\u00e1logo que nas minhas composi\u00e7\u00f5es atravessa o fant\u00e1stico universo do poeta portugu\u00eas Fernando Pessoa e seus heter\u00f4nimos, a leitura de mundo do semi\u00f3logo franc\u00eas Roland Barthes, a postura pol\u00edtica e art\u00edstica do teatr\u00f3logo e poeta Berthold Brecht e uma infinidade de outras refer\u00eancias que interferem, contaminam e potencializam a minha m\u00fasica\u201d, ressalta Marconi e ainda complementa: \u201cNesse sentido, a pintura, o cinema, a fotografia e, principalmente, o teatro, a literatura e a pr\u00f3pria m\u00fasica fornecem um campo f\u00e9rtil de interc\u00e2mbio e de inspira\u00e7\u00e3o para as composi\u00e7\u00f5es no CD apresentadas, onde a intertextualidade \u00e9 a motiva\u00e7\u00e3o, o ponto de partida e de chegada. Tem sido a forma que encontrei de me corresponder com o mundo\u201d.<\/p>\n<p>Escrita para flauta, clarinete e vibrafone, \u201cGolpes de Pequenas Solid\u00f5es\u201d \u00e9 inspirada pela percep\u00e7\u00e3o e leitura de mundo de Roland Barthes (1915-1980), afinal, segundo o pr\u00f3prio, \u00a8a vida \u00e9 assim, feita a golpes de pequenas solid\u00f5es\u00a8. Nela, os tr\u00eas instrumentos ora s\u00e3o apresentados s\u00f3, introspectivos e reflexivos, cada um com sua ess\u00eancia e discurso, ora tocando em conjunto, dialogando, \u201c (con)vivendo, (co)existindo, (co)habitando, construindo, afetando e sendo afetado pelo outro. Solid\u00f5es&#8230; solid\u00e3o&#8230; s\u00f3&#8230; ou como preferia Guimar\u00e3es Rosa, Solist\u00eancia, a solid\u00e3o da exist\u00eancia de tudo que est\u00e1 vivo\u201d, define o compositor.\u00a0<\/p>\n<p>Em \u201cImprop\u00e9rios\u201d, escrita para vibrafone, brilha a execu\u00e7\u00e3o de Joaquim \u201cZito\u201d Abreu, em cinco pequenas pe\u00e7as. A m\u00fasica busca ressaltar uma dicotomia intr\u00ednseca na palavra \u201cImprop\u00e9rios\u201d: ao mesmo tempo que significa um discurso ofensivo, injurioso, desrespeitoso&#8230; \u00e9 tamb\u00e9m uma ant\u00edfona da liturgia cat\u00f3lica cantado durante a semana santa (hinos de louvor). Toda sua inspira\u00e7\u00e3o para a sua cria\u00e7\u00e3o se baseia no extremo dessa dicotomia, onde o profano e o sagrado, o conflito e a comunh\u00e3o, o terrestre e o divino se conectam atrav\u00e9s da mais corriqueira e cotidiana forma de express\u00e3o: a palavra.<\/p>\n<p>O duo de flauta (Reinaldo Pacheco) e clarinete (Mois\u00e9s Santos) d\u00e1 cor a \u201cCan\u00e7\u00f5es para os dias de Sol ou de Chuva\u201d, escrita em tr\u00eas movimentos especialmente para os pr\u00f3prios int\u00e9rpretes, amigos de Marconi. \u201cA pe\u00e7a tem como objetivo contemplar o dia-a-dia, as pequenas coisas, a simplicidade de ser e estar vivo\u201d, define o autor. A partir do viol\u00e3o de F\u00e1bio Adour, os tr\u00eas movimentos de \u201cBrechtianas\u201d representam uma singela homenagem a um dos mais importantes artistas do s\u00e9culo XX, o poeta, dramaturgo e encenador alem\u00e3o Berthold Brecht (1898 \u2013 1956), que com sua produ\u00e7\u00e3o e postura perante a arte e a vida influenciou o teatro contempor\u00e2neo, tornando-se imprescind\u00edvel. Ao mesmo tempo, faz refer\u00eancia \u00e0s \u201cBachianas\u201d, a obra-prima escrita por Villa-Lobos em homenagem e devo\u00e7\u00e3o a Johann Sebastian Bach.<\/p>\n<p>O piano de Ronal Silveira nos dois movimentos de \u2018No Bosque dos Espelhos\u201d real\u00e7a o convite do ouvinte a um passeio nos labirintos do seu pr\u00f3prio ser. A \u201cegotrip\u201d, como bem conceitua Marconi, busca mostrar que \u00e9 exatamente\u201d dentro desse bosque que se esconde v\u00e1rios mist\u00e9rios, perigos, desafios, segredos, nossas expectativas mais \u00edntimas, experi\u00eancias e os conhecimentos mais profundos\u201d. \u00c9 no bosque dos espelhos que nos colocamos em contato com o mundo interior, onde Narciso se auto-contemplava ou onde Alice, atrav\u00e9s da pena de Lewis Carroll, se questionava: \u201cEste deve ser o bosque\u201d, disse pensativamente, \u201cem que as coisas n\u00e3o t\u00eam nomes. O que ser\u00e1 que vai ser do meu nome quando eu entrar nele?\u201d<\/p>\n<p>O disco chega ao final reunindo flauta (Reinaldo Pacheco), clarinete (Cesar Bonan), violino (Angelo Martins), violoncelo (Luciano Corr\u00eaa) e piano (Mateus Araujo) em \u201c\u00c0s V\u00e1rias Pessoas de Fernando\u201d, uma refer\u00eancia ao c\u00e9lebre poeta portugu\u00eas Fernando Pessoa. \u201cO que sempre me fascinou na vida e na obra do poeta portugu\u00eas Fernando Pessoa foi sua rela\u00e7\u00e3o com seus diversos heter\u00f4nimos. Muito mais que um pseud\u00f4nimo, os heter\u00f4nimos vivem, carregam consigo suas experi\u00eancias, seus dilemas, sua hist\u00f3ria. E todos eles, repletos de significa\u00e7\u00f5es e significados, de desejos e realiza\u00e7\u00f5es explodiam (ou implodiam, quem sabe) dentro do limite de apenas um corpo f\u00edsico\u201d. Nessa composi\u00e7\u00e3o, o autor imaginou todos esses seres (con)vivendo dentro de um s\u00f3 ser, com suas rela\u00e7\u00f5es e conflitos, seus di\u00e1logos prov\u00e1veis e improv\u00e1veis, suas limita\u00e7\u00f5es espaciais e mentais.<\/p>\n<p><img data-recalc-dims=\"1\" loading=\"lazy\" decoding=\"async\" data-attachment-id=\"20181\" data-permalink=\"http:\/\/blogdalucianaoliveira.com.br\/blog\/2019\/01\/22\/rodrigo-marconi-lanca-seu-primeiro-cd-totalmente-autoral-e-inspirado-na-literatura-universal\/c1bf46ac-9944-4322-b554-fd0b38420812\/\" data-orig-file=\"https:\/\/i0.wp.com\/blogdalucianaoliveira.com.br\/blog\/wp-content\/uploads\/2019\/01\/C1BF46AC-9944-4322-B554-FD0B38420812.jpeg?fit=1500%2C1500\" data-orig-size=\"1500,1500\" data-comments-opened=\"0\" data-image-meta=\"{&quot;aperture&quot;:&quot;0&quot;,&quot;credit&quot;:&quot;&quot;,&quot;camera&quot;:&quot;&quot;,&quot;caption&quot;:&quot;&quot;,&quot;created_timestamp&quot;:&quot;0&quot;,&quot;copyright&quot;:&quot;&quot;,&quot;focal_length&quot;:&quot;0&quot;,&quot;iso&quot;:&quot;0&quot;,&quot;shutter_speed&quot;:&quot;0&quot;,&quot;title&quot;:&quot;&quot;,&quot;orientation&quot;:&quot;0&quot;}\" data-image-title=\"C1BF46AC-9944-4322-B554-FD0B38420812\" data-image-description=\"\" data-image-caption=\"\" data-medium-file=\"https:\/\/i0.wp.com\/blogdalucianaoliveira.com.br\/blog\/wp-content\/uploads\/2019\/01\/C1BF46AC-9944-4322-B554-FD0B38420812.jpeg?fit=300%2C300\" data-large-file=\"https:\/\/i0.wp.com\/blogdalucianaoliveira.com.br\/blog\/wp-content\/uploads\/2019\/01\/C1BF46AC-9944-4322-B554-FD0B38420812.jpeg?fit=600%2C600\" src=\"https:\/\/i0.wp.com\/blogdalucianaoliveira.com.br\/blog\/wp-content\/uploads\/2019\/01\/C1BF46AC-9944-4322-B554-FD0B38420812.jpeg?resize=600%2C600\" alt=\"C1BF46AC-9944-4322-B554-FD0B38420812\" width=\"600\" height=\"600\" class=\"alignnone size-full wp-image-20181\" srcset=\"https:\/\/i0.wp.com\/blogdalucianaoliveira.com.br\/blog\/wp-content\/uploads\/2019\/01\/C1BF46AC-9944-4322-B554-FD0B38420812.jpeg?w=1500 1500w, https:\/\/i0.wp.com\/blogdalucianaoliveira.com.br\/blog\/wp-content\/uploads\/2019\/01\/C1BF46AC-9944-4322-B554-FD0B38420812.jpeg?resize=150%2C150 150w, https:\/\/i0.wp.com\/blogdalucianaoliveira.com.br\/blog\/wp-content\/uploads\/2019\/01\/C1BF46AC-9944-4322-B554-FD0B38420812.jpeg?resize=300%2C300 300w, https:\/\/i0.wp.com\/blogdalucianaoliveira.com.br\/blog\/wp-content\/uploads\/2019\/01\/C1BF46AC-9944-4322-B554-FD0B38420812.jpeg?resize=768%2C768 768w, https:\/\/i0.wp.com\/blogdalucianaoliveira.com.br\/blog\/wp-content\/uploads\/2019\/01\/C1BF46AC-9944-4322-B554-FD0B38420812.jpeg?resize=1024%2C1024 1024w, https:\/\/i0.wp.com\/blogdalucianaoliveira.com.br\/blog\/wp-content\/uploads\/2019\/01\/C1BF46AC-9944-4322-B554-FD0B38420812.jpeg?w=1200 1200w\" sizes=\"auto, (max-width: 600px) 100vw, 600px\" \/><br \/>\n\u00a0<br \/>\nRodrigo Marconi<br \/>\n\u00a0<br \/>\nCompositor, music\u00f3logo e professor carioca, Rodrigo Marconi iniciou-se na m\u00fasica aos 12 e, aos 18, j\u00e1 trabalhava em composi\u00e7\u00f5es para teatro e cinema. Seu ingresso na m\u00fasica de concerto aconteceu em 2008, com sua primeira participa\u00e7\u00e3o no Panorama da M\u00fasica Brasileira Atual da Escola de M\u00fasica da UFRJ. Bacharel em composi\u00e7\u00e3o musical pela Universidade Est\u00e1cio de S\u00e1 (UNESA), teve a oportunidade de estudar com os compositores Guilherme Bauer, Jo\u00e3o Guilherme Ripper e Tato Taborda. Licenciado em Educa\u00e7\u00e3o Art\u00edstica com habilita\u00e7\u00e3o em M\u00fasica pelo Conservat\u00f3rio Brasileiro de M\u00fasica (CBM-CEU) \u00e9 mestre em Musicologia pela Universidade Federal do Estado do Rio de Janeiro (UNIRIO).<br \/>\nSuas obras foram tocadas em importantes festivais como a XVIII e XXII \u00b4Bienal de M\u00fasica Brasileira Contempor\u00e2nea\u2019, os \u2018Panoramas da M\u00fasica Brasileira Atual\u2019 (UFRJ), o \u2018Festival Babel\u2019 (Porto Alegre), nas s\u00e9ries \u2018MUSIMAC\u2019 (USP), \u2018CBM Experimental\u2019, \u2018Festival Compositores de Hoje\u2019, \u201cS\u00e9rie Tend\u00eancias\u201d (UFRJ) \u2018S\u00e9rie Compositores\u2019 (UNI-RIO) entre outras.<br \/>\nFoi um dos compositores contemplados com o \u2018Pr\u00eamio FUNARTE de M\u00fasica Cl\u00e1ssica 2016\u2019 com o trio \u201cO Despertar da Intrat\u00e1vel Realidade\u201d para violino, violoncelo e piano, obra que teve sua estreia na XXII Bienal de M\u00fasica Brasileira Contempor\u00e2nea (2017). Atualmente, leciona na Escola Estadual de Teatro Martins Penna (FAETEC-RJ) e na gradua\u00e7\u00e3o do Conservat\u00f3rio Brasileiro de M\u00fasica (CBM-CEU).<\/p>\n<p>Texto: Cezanne Comunica\u00e7\u00e3o &#8211; Assessoria de Imprensa em Cultura e Arte<br \/>\n21-99197-7465 \/ 21-3439-0145<\/p>\n","protected":false},"excerpt":{"rendered":"<p>Em \u201cCorrespond\u00eancia\u201d, compositor e educador carioca apresenta pe\u00e7as contempor\u00e1neas que se comunicam com a arte literaria de Roland Barthes, Fernando Pessoa e Berthold Brecht, al\u00e9m de refer\u00eancias a Villa-Lobos e Bach<\/p>\n","protected":false},"author":1,"featured_media":0,"comment_status":"closed","ping_status":"open","sticky":false,"template":"","format":"standard","meta":{"_exactmetrics_skip_tracking":false,"_exactmetrics_sitenote_active":false,"_exactmetrics_sitenote_note":"","_exactmetrics_sitenote_category":0,"jetpack_post_was_ever_published":false,"_jetpack_newsletter_access":"","_jetpack_dont_email_post_to_subs":false,"_jetpack_newsletter_tier_id":0,"_jetpack_memberships_contains_paywalled_content":false,"_jetpack_memberships_contains_paid_content":false,"footnotes":"","jetpack_publicize_message":"","jetpack_publicize_feature_enabled":true,"jetpack_social_post_already_shared":true,"jetpack_social_options":{"image_generator_settings":{"template":"highway","enabled":false},"version":2}},"categories":[1],"tags":[],"class_list":["post-20178","post","type-post","status-publish","format-standard","hentry","category-notas"],"jetpack_publicize_connections":[],"jetpack_sharing_enabled":true,"jetpack_featured_media_url":"","jetpack_shortlink":"https:\/\/wp.me\/p7wKYW-5fs","jetpack-related-posts":[],"_links":{"self":[{"href":"http:\/\/blogdalucianaoliveira.com.br\/blog\/wp-json\/wp\/v2\/posts\/20178","targetHints":{"allow":["GET"]}}],"collection":[{"href":"http:\/\/blogdalucianaoliveira.com.br\/blog\/wp-json\/wp\/v2\/posts"}],"about":[{"href":"http:\/\/blogdalucianaoliveira.com.br\/blog\/wp-json\/wp\/v2\/types\/post"}],"author":[{"embeddable":true,"href":"http:\/\/blogdalucianaoliveira.com.br\/blog\/wp-json\/wp\/v2\/users\/1"}],"replies":[{"embeddable":true,"href":"http:\/\/blogdalucianaoliveira.com.br\/blog\/wp-json\/wp\/v2\/comments?post=20178"}],"version-history":[{"count":2,"href":"http:\/\/blogdalucianaoliveira.com.br\/blog\/wp-json\/wp\/v2\/posts\/20178\/revisions"}],"predecessor-version":[{"id":20182,"href":"http:\/\/blogdalucianaoliveira.com.br\/blog\/wp-json\/wp\/v2\/posts\/20178\/revisions\/20182"}],"wp:attachment":[{"href":"http:\/\/blogdalucianaoliveira.com.br\/blog\/wp-json\/wp\/v2\/media?parent=20178"}],"wp:term":[{"taxonomy":"category","embeddable":true,"href":"http:\/\/blogdalucianaoliveira.com.br\/blog\/wp-json\/wp\/v2\/categories?post=20178"},{"taxonomy":"post_tag","embeddable":true,"href":"http:\/\/blogdalucianaoliveira.com.br\/blog\/wp-json\/wp\/v2\/tags?post=20178"}],"curies":[{"name":"wp","href":"https:\/\/api.w.org\/{rel}","templated":true}]}}